{"id":43854,"date":"2023-03-15T17:02:28","date_gmt":"2023-03-15T20:02:28","guid":{"rendered":"https:\/\/sindenfermeiro.com.br\/?p=43854"},"modified":"2026-04-29T14:12:48","modified_gmt":"2026-04-29T17:12:48","slug":"a-politica-do-troca-troca-no-igesdf","status":"publish","type":"post","link":"https:\/\/sindenfermeiro.com.br\/index.php\/2023\/03\/15\/a-politica-do-troca-troca-no-igesdf\/","title":{"rendered":"A pol\u00edtica do troca-troca no IGESDF"},"content":{"rendered":"<p>A promessa de uma sa\u00fade plural, moderna, com estrutura e de ponta n\u00e3o passou de uma t\u00e1tica eleitoreira. Pouco tempo depois da implementa\u00e7\u00e3o do Instituto de Gest\u00e3o Estrat\u00e9gica de Sa\u00fade (IGES) a popula\u00e7\u00e3o logo percebeu que a terceiriza\u00e7\u00e3o n\u00e3o foi um mar de rosas, como foi divulgado pela publicidade de governantes \u00e0 popula\u00e7\u00e3o.<br \/>\nAs unidades de sa\u00fade e hospitais geridos sob a gest\u00e3o do Instituto s\u00e3o alvo de pol\u00eamicas antigas e recentes. As UPAs de Samambaia, Ceil\u00e2ndia e Setor O. atualmente, s\u00e3o suspeitas de neglig\u00eancia m\u00e9dica por conta de tr\u00eas mortes suspeitas.<\/p>\n<p>O Hospital de Base segue nos holofotes das m\u00eddias brasilienses pelo sucateamento nas depend\u00eancias da unidade. Vale ressaltar que havia uma promessa de reforma nas depend\u00eancias das unidades geridas pelo IGESDF.<\/p>\n<p>Sem respostas para os problemas da gest\u00e3o da sa\u00fade terceirizada, a presidente do IGES Mariela Souza de Jesus foi demitida do cargo, durante uma reuni\u00e3o. Ela ocupava a presid\u00eancia do IGESDF desde maio do ano passado e foi o sexto presidente do em tr\u00eas anos.<\/p>\n<p>O atual diretor de Aten\u00e7\u00e3o \u00e0 Sa\u00fade, Juracy Cavalcante, foi indicado e aprovado pelo Conselho de Administra\u00e7\u00e3o do IGESDF para assumir a presid\u00eancia do instituto. Agora, a nomea\u00e7\u00e3o segue para aprova\u00e7\u00e3o na C\u00e2mara Legislativa do Distrito Federal (CLDF).<\/p>\n<p>Este cen\u00e1rio de descaso com a sa\u00fade p\u00fablica e a popula\u00e7\u00e3o brasileira tem que acabar. O troca-<img loading=\"lazy\" decoding=\"async\" class=\"alignnone size-medium wp-image-43855\" src=\"https:\/\/sindenfermeiro.com.br\/wp-content\/uploads\/2023\/03\/GDF-reedita-decreto-de-devolucao-de-servidores-do-IGES-DF-3-300x300.jpg\" alt=\"\" width=\"300\" height=\"300\" srcset=\"https:\/\/sindenfermeiro.com.br\/wp-content\/uploads\/2023\/03\/GDF-reedita-decreto-de-devolucao-de-servidores-do-IGES-DF-3-300x300.jpg 300w, https:\/\/sindenfermeiro.com.br\/wp-content\/uploads\/2023\/03\/GDF-reedita-decreto-de-devolucao-de-servidores-do-IGES-DF-3-1024x1024.jpg 1024w, https:\/\/sindenfermeiro.com.br\/wp-content\/uploads\/2023\/03\/GDF-reedita-decreto-de-devolucao-de-servidores-do-IGES-DF-3-150x150.jpg 150w, https:\/\/sindenfermeiro.com.br\/wp-content\/uploads\/2023\/03\/GDF-reedita-decreto-de-devolucao-de-servidores-do-IGES-DF-3-768x768.jpg 768w, https:\/\/sindenfermeiro.com.br\/wp-content\/uploads\/2023\/03\/GDF-reedita-decreto-de-devolucao-de-servidores-do-IGES-DF-3.jpg 1080w\" sizes=\"auto, (max-width: 300px) 100vw, 300px\" \/>troca de presidente tamb\u00e9m. \u00c9 not\u00f3rio que IGESDF n\u00e3o tem mais capacidade de gerir os hospitais p\u00fablicos e as UPAs do DF. O atendimento nas UPAS, no Hospital Regional de Santa Maria, no Hospital de Samambaia e na Hospital de Base s\u00f3 pioraram na gest\u00e3o do Instituto.<br \/>\nEste modelo de gest\u00e3o baseado em troca de interesse, em toma l\u00e1 d\u00e1 c\u00e1 e de cabide de emprego, n\u00e3o \u00e9 suport\u00e1vel. \u00c9 necess\u00e1rio priorizar a vida dos brasilenses e a sa\u00fade p\u00fablica de qualidade, de acordo com o que estabelece a Constitui\u00e7\u00e3o Federal.<\/p>\n<p>As unidades de sa\u00fade sob gest\u00e3o do IGESDF precisam voltar a ser administradas pela gest\u00e3o direta da Secretaria de Sa\u00fade (SES-DF), com a nomea\u00e7\u00e3o de servidores de carreira capazes de assumirem os cargos t\u00e9cnicos. \u00c9 preciso tamb\u00e9m mais investimentos para as unidades de sa\u00fade e realiza\u00e7\u00e3o de concurso p\u00fablico para recomposi\u00e7\u00e3o dos recursos humanos de hospitais e UPAs.<\/p>\n","protected":false},"excerpt":{"rendered":"<p>A promessa de uma sa\u00fade plural, moderna, com estrutura e de ponta n\u00e3o passou de uma t\u00e1tica eleitoreira. Pouco tempo depois da implementa\u00e7\u00e3o do Instituto de Gest\u00e3o Estrat\u00e9gica de Sa\u00fade (IGES) a popula\u00e7\u00e3o logo percebeu que a terceiriza\u00e7\u00e3o n\u00e3o foi um mar de rosas, como foi divulgado pela publicidade de governantes \u00e0 popula\u00e7\u00e3o. As unidades [&hellip;]<\/p>\n","protected":false},"author":6,"featured_media":43855,"comment_status":"open","ping_status":"open","sticky":false,"template":"","format":"standard","meta":{"footnotes":""},"categories":[6],"tags":[],"class_list":["post-43854","post","type-post","status-publish","format-standard","has-post-thumbnail","hentry","category-noticias"],"_links":{"self":[{"href":"https:\/\/sindenfermeiro.com.br\/index.php\/wp-json\/wp\/v2\/posts\/43854","targetHints":{"allow":["GET"]}}],"collection":[{"href":"https:\/\/sindenfermeiro.com.br\/index.php\/wp-json\/wp\/v2\/posts"}],"about":[{"href":"https:\/\/sindenfermeiro.com.br\/index.php\/wp-json\/wp\/v2\/types\/post"}],"author":[{"embeddable":true,"href":"https:\/\/sindenfermeiro.com.br\/index.php\/wp-json\/wp\/v2\/users\/6"}],"replies":[{"embeddable":true,"href":"https:\/\/sindenfermeiro.com.br\/index.php\/wp-json\/wp\/v2\/comments?post=43854"}],"version-history":[{"count":1,"href":"https:\/\/sindenfermeiro.com.br\/index.php\/wp-json\/wp\/v2\/posts\/43854\/revisions"}],"predecessor-version":[{"id":43856,"href":"https:\/\/sindenfermeiro.com.br\/index.php\/wp-json\/wp\/v2\/posts\/43854\/revisions\/43856"}],"wp:featuredmedia":[{"embeddable":true,"href":"https:\/\/sindenfermeiro.com.br\/index.php\/wp-json\/wp\/v2\/media\/43855"}],"wp:attachment":[{"href":"https:\/\/sindenfermeiro.com.br\/index.php\/wp-json\/wp\/v2\/media?parent=43854"}],"wp:term":[{"taxonomy":"category","embeddable":true,"href":"https:\/\/sindenfermeiro.com.br\/index.php\/wp-json\/wp\/v2\/categories?post=43854"},{"taxonomy":"post_tag","embeddable":true,"href":"https:\/\/sindenfermeiro.com.br\/index.php\/wp-json\/wp\/v2\/tags?post=43854"}],"curies":[{"name":"wp","href":"https:\/\/api.w.org\/{rel}","templated":true}]}}