{"id":43850,"date":"2023-03-09T16:32:26","date_gmt":"2023-03-09T19:32:26","guid":{"rendered":"https:\/\/sindenfermeiro.com.br\/?p=43850"},"modified":"2026-04-29T14:12:54","modified_gmt":"2026-04-29T17:12:54","slug":"sindenfermeiro-df-ingressou-com-acao-contra-o-recadastramento-da-gtit","status":"publish","type":"post","link":"https:\/\/sindenfermeiro.com.br\/index.php\/2023\/03\/09\/sindenfermeiro-df-ingressou-com-acao-contra-o-recadastramento-da-gtit\/","title":{"rendered":"SindEnfermeiro-DF ingressou com a\u00e7\u00e3o contra o recadastramento da GTIT"},"content":{"rendered":"<div id=\"attachment_43851\" style=\"width: 310px\" class=\"wp-caption alignnone\"><img loading=\"lazy\" decoding=\"async\" aria-describedby=\"caption-attachment-43851\" class=\"size-medium wp-image-43851\" src=\"https:\/\/sindenfermeiro.com.br\/wp-content\/uploads\/2023\/03\/SindEnfermeiro-DF-1-300x300.jpg\" alt=\"gtit\" width=\"300\" height=\"300\" srcset=\"https:\/\/sindenfermeiro.com.br\/wp-content\/uploads\/2023\/03\/SindEnfermeiro-DF-1-300x300.jpg 300w, https:\/\/sindenfermeiro.com.br\/wp-content\/uploads\/2023\/03\/SindEnfermeiro-DF-1-1024x1024.jpg 1024w, https:\/\/sindenfermeiro.com.br\/wp-content\/uploads\/2023\/03\/SindEnfermeiro-DF-1-150x150.jpg 150w, https:\/\/sindenfermeiro.com.br\/wp-content\/uploads\/2023\/03\/SindEnfermeiro-DF-1-768x768.jpg 768w, https:\/\/sindenfermeiro.com.br\/wp-content\/uploads\/2023\/03\/SindEnfermeiro-DF-1-1536x1536.jpg 1536w, https:\/\/sindenfermeiro.com.br\/wp-content\/uploads\/2023\/03\/SindEnfermeiro-DF-1-2048x2048.jpg 2048w\" sizes=\"auto, (max-width: 300px) 100vw, 300px\" \/><p id=\"caption-attachment-43851\" class=\"wp-caption-text\">gtit<\/p><\/div>\n<p>O sindicato acompanha a tramita\u00e7\u00e3o processual e manter\u00e1 a categoria atualizada com qualquer fato novo, diante da situa\u00e7\u00e3o grave que o caso requer.<\/p>\n<p>A a\u00e7\u00e3o foi destinada, primeiramente, ao Hospital de Apoio de Bras\u00edlia. Os servidores do local s\u00e3o os primeiros a serem impactados com a medida, que segue um cronograma de a\u00e7\u00e3o da SES-DF.<\/p>\n<p>A situa\u00e7\u00e3o decorre por conta da expedi\u00e7\u00e3o do memorando 2 de 2023, publicado no dia 28 de janeiro de 2023 pela Secretaria de Sa\u00fade. O documento solicitava que os servidores do Hospital de Apoio de Bras\u00edlia, que tiveram a concess\u00e3o da GTIT de 2 outubro de 2010 at\u00e9 21 de abril de 2014, no prazo de 15 dias, realizassem o recadastramento dos seus t\u00edtulos. Caso contr\u00e1rio, teriam a gratifica\u00e7\u00e3o suspensa.<\/p>\n<p>A GTIT \u00e9 vinculada \u00e0 apresenta\u00e7\u00e3o de diploma de doutorado, mestrado e gradua\u00e7\u00e3o e certificados de p\u00f3s-gradua\u00e7\u00e3o lato sensu e ensino m\u00e9dio.<\/p>\n<p>Acr\u00e9scimo \/ T\u00edtulo<br \/>\n30% Doutor<br \/>\n20% Mestre<br \/>\n15% P\u00f3s-gradua\u00e7\u00e3o<br \/>\n10% Curso superior*<br \/>\n7% Conclus\u00e3o de ensino m\u00e9dio**<br \/>\n4% Capacita\u00e7\u00e3o de 120 horas<br \/>\n3% Capacita\u00e7\u00e3o de 90 horas<br \/>\n2% Capacita\u00e7\u00e3o de 60 horas<\/p>\n","protected":false},"excerpt":{"rendered":"<p>O sindicato acompanha a tramita\u00e7\u00e3o processual e manter\u00e1 a categoria atualizada com qualquer fato novo, diante da situa\u00e7\u00e3o grave que o caso requer. A a\u00e7\u00e3o foi destinada, primeiramente, ao Hospital de Apoio de Bras\u00edlia. Os servidores do local s\u00e3o os primeiros a serem impactados com a medida, que segue um cronograma de a\u00e7\u00e3o da SES-DF. [&hellip;]<\/p>\n","protected":false},"author":6,"featured_media":43851,"comment_status":"open","ping_status":"open","sticky":false,"template":"","format":"standard","meta":{"footnotes":""},"categories":[6],"tags":[634,632,236],"class_list":["post-43850","post","type-post","status-publish","format-standard","has-post-thumbnail","hentry","category-noticias","tag-gratificacao-por-titulacao","tag-gtit","tag-ses"],"_links":{"self":[{"href":"https:\/\/sindenfermeiro.com.br\/index.php\/wp-json\/wp\/v2\/posts\/43850","targetHints":{"allow":["GET"]}}],"collection":[{"href":"https:\/\/sindenfermeiro.com.br\/index.php\/wp-json\/wp\/v2\/posts"}],"about":[{"href":"https:\/\/sindenfermeiro.com.br\/index.php\/wp-json\/wp\/v2\/types\/post"}],"author":[{"embeddable":true,"href":"https:\/\/sindenfermeiro.com.br\/index.php\/wp-json\/wp\/v2\/users\/6"}],"replies":[{"embeddable":true,"href":"https:\/\/sindenfermeiro.com.br\/index.php\/wp-json\/wp\/v2\/comments?post=43850"}],"version-history":[{"count":2,"href":"https:\/\/sindenfermeiro.com.br\/index.php\/wp-json\/wp\/v2\/posts\/43850\/revisions"}],"predecessor-version":[{"id":43853,"href":"https:\/\/sindenfermeiro.com.br\/index.php\/wp-json\/wp\/v2\/posts\/43850\/revisions\/43853"}],"wp:featuredmedia":[{"embeddable":true,"href":"https:\/\/sindenfermeiro.com.br\/index.php\/wp-json\/wp\/v2\/media\/43851"}],"wp:attachment":[{"href":"https:\/\/sindenfermeiro.com.br\/index.php\/wp-json\/wp\/v2\/media?parent=43850"}],"wp:term":[{"taxonomy":"category","embeddable":true,"href":"https:\/\/sindenfermeiro.com.br\/index.php\/wp-json\/wp\/v2\/categories?post=43850"},{"taxonomy":"post_tag","embeddable":true,"href":"https:\/\/sindenfermeiro.com.br\/index.php\/wp-json\/wp\/v2\/tags?post=43850"}],"curies":[{"name":"wp","href":"https:\/\/api.w.org\/{rel}","templated":true}]}}