{"id":43847,"date":"2023-03-07T11:48:57","date_gmt":"2023-03-07T14:48:57","guid":{"rendered":"https:\/\/sindenfermeiro.com.br\/?p=43847"},"modified":"2026-04-29T14:23:20","modified_gmt":"2026-04-29T17:23:20","slug":"8-de-marco-dia-internacional-da-mulher","status":"publish","type":"post","link":"https:\/\/sindenfermeiro.com.br\/index.php\/2023\/03\/07\/8-de-marco-dia-internacional-da-mulher\/","title":{"rendered":"8 de Mar\u00e7o \u2013 Dia Internacional da Mulher"},"content":{"rendered":"<p>O acesso \u00e0 sa\u00fade p\u00fablica e de qualidade \u00e9 uma reivindica\u00e7\u00e3o antiga de todas as mulheres e m\u00e3es. Mas para que o Sistema \u00danico de Sa\u00fade (SUS) seja fortalecido e consiga atender todas as mulheres, com os seus mais diversos anseios e necessidades, \u00e9 priorit\u00e1rio valorizar os profissionais da sa\u00fade.<br \/>\nA enfermagem \u00e9 a categoria que atua na linha de frente na aten\u00e7\u00e3o prim\u00e1ria, secund\u00e1ria e terci\u00e1ria. Para termos uma sa\u00fade p\u00fablica de excel\u00eancia, precisamos, primeiro, valorizar os profissionais que dedicam a sua vida para cuidar de todos que precisam de atendimento no sistema SUS.<br \/>\nNeste 8 de mar\u00e7o, o SindEnfermeiro-DF convoca os profissionais de enfermagem para participar das lutas do Dia Internacional da Mulher. A concentra\u00e7\u00e3o est\u00e1 marcada para o gramado ao lado da Sala Funarte, \u00e0s 17h, seguida de passeata at\u00e9 a Pra\u00e7a do Buriti.<br \/>\nA entidade vai aproveitar a ocasi\u00e3o para pedir o fortalecimento do SUS para todes e lembrar que as enfermeiras est\u00e3o presentes em defesa das mulheres e da democracia.<br \/>\nEste ano, o mote do 8 de Mar\u00e7o Unificadas DF e Entorno 2023 \u00e9: \u201cVivas! Mulheres do DF e Entorno, por democracia e pelo bem viver, contra a fome, o racismo e o machismo, sem anistia aos fascistas\u201d.<br \/>\nO sindicato se une aos diversos movimentos sociais e organiza\u00e7\u00f5es feministas para refor\u00e7ar a luta pelos direitos das mulheres, por emprego e igualdade salarial, fim do feminic\u00eddio e contra a desigualdade de g\u00eanero, a viol\u00eancia dom\u00e9stica, o estupro e o racismo.<br \/>\nDe acordo com uma pesquisa do Conselho de Enfermagem (Cofen), publicada em 2015, a equipe de enfermagem \u00e9 predominantemente feminina, sendo composta por 84,6% de mulheres.<br \/>\nEntretanto, um estudo divulgado em junho de 2022, pela Organiza\u00e7\u00e3o Internacional do Trabalho (OIT) e pela Organiza\u00e7\u00e3o Mundial de Sa\u00fade (OMS), revela que as mulheres da \u00e1rea da sa\u00fade ganham 24% a menos que os homens.<br \/>\nO mesmo estudo destaca a quest\u00e3o do machismo e patriarcado, pois as profiss\u00f5es majoritariamente femininas tendem a ter remunera\u00e7\u00e3o mais baixa.<br \/>\nPor isso, o Sindicato dos Enfermeiros do DF prioriza a luta pela implementa\u00e7\u00e3o urgente do Piso Salarial da Enfermagem.<br \/>\nO Piso Salarial vai trazer mais dignidade \u00e0 enfermagem, e mais qualidade ao atendimento ofertado \u00e0 comunidade usu\u00e1ria do Sistema \u00danico de Sa\u00fade. A enfermagem est\u00e1 cansada de ser subjugada e deixada de lado. Tendo que trabalhar mais de 12 horas de domingo a domingo para conseguir dar um conforto m\u00ednimo \u00e0 fam\u00edlia.<br \/>\nO Sindicato tamb\u00e9m se junta a luta do 8M para pedir um basta aos feminic\u00eddios. A cada minuto, 14 mulheres s\u00e3o agredidas fisicamente em todo o Brasil. Foram mais de sete milh\u00f5es de v\u00edtimas da viol\u00eancia dom\u00e9stica somente no ano passado. Apenas nos tr\u00eas meses iniciais do ano, os brasilienses viveram com o drama de perder oito mulheres pelo feminic\u00eddio. De janeiro a mar\u00e7o, j\u00e1 \u00e9 poss\u00edvel projetar um aumento de 42% no crime de feminic\u00eddio no DF.<\/p>\n<p>Por isso, enfermeiras, n\u00e3o vamos fugir da luta! Todas as conquistas e direitos das mulheres precisaram de muita luta e coragem.<\/p>\n","protected":false},"excerpt":{"rendered":"<p>O acesso \u00e0 sa\u00fade p\u00fablica e de qualidade \u00e9 uma reivindica\u00e7\u00e3o antiga de todas as mulheres e m\u00e3es. Mas para que o Sistema \u00danico de Sa\u00fade (SUS) seja fortalecido e consiga atender todas as mulheres, com os seus mais diversos anseios e necessidades, \u00e9 priorit\u00e1rio valorizar os profissionais da sa\u00fade. A enfermagem \u00e9 a categoria [&hellip;]<\/p>\n","protected":false},"author":6,"featured_media":43848,"comment_status":"open","ping_status":"open","sticky":false,"template":"","format":"standard","meta":{"footnotes":""},"categories":[6],"tags":[],"class_list":["post-43847","post","type-post","status-publish","format-standard","has-post-thumbnail","hentry","category-noticias"],"_links":{"self":[{"href":"https:\/\/sindenfermeiro.com.br\/index.php\/wp-json\/wp\/v2\/posts\/43847","targetHints":{"allow":["GET"]}}],"collection":[{"href":"https:\/\/sindenfermeiro.com.br\/index.php\/wp-json\/wp\/v2\/posts"}],"about":[{"href":"https:\/\/sindenfermeiro.com.br\/index.php\/wp-json\/wp\/v2\/types\/post"}],"author":[{"embeddable":true,"href":"https:\/\/sindenfermeiro.com.br\/index.php\/wp-json\/wp\/v2\/users\/6"}],"replies":[{"embeddable":true,"href":"https:\/\/sindenfermeiro.com.br\/index.php\/wp-json\/wp\/v2\/comments?post=43847"}],"version-history":[{"count":1,"href":"https:\/\/sindenfermeiro.com.br\/index.php\/wp-json\/wp\/v2\/posts\/43847\/revisions"}],"predecessor-version":[{"id":43849,"href":"https:\/\/sindenfermeiro.com.br\/index.php\/wp-json\/wp\/v2\/posts\/43847\/revisions\/43849"}],"wp:featuredmedia":[{"embeddable":true,"href":"https:\/\/sindenfermeiro.com.br\/index.php\/wp-json\/wp\/v2\/media\/43848"}],"wp:attachment":[{"href":"https:\/\/sindenfermeiro.com.br\/index.php\/wp-json\/wp\/v2\/media?parent=43847"}],"wp:term":[{"taxonomy":"category","embeddable":true,"href":"https:\/\/sindenfermeiro.com.br\/index.php\/wp-json\/wp\/v2\/categories?post=43847"},{"taxonomy":"post_tag","embeddable":true,"href":"https:\/\/sindenfermeiro.com.br\/index.php\/wp-json\/wp\/v2\/tags?post=43847"}],"curies":[{"name":"wp","href":"https:\/\/api.w.org\/{rel}","templated":true}]}}