{"id":43839,"date":"2023-02-28T11:27:21","date_gmt":"2023-02-28T14:27:21","guid":{"rendered":"https:\/\/sindenfermeiro.com.br\/?p=43839"},"modified":"2026-04-29T14:24:17","modified_gmt":"2026-04-29T17:24:17","slug":"artigo-vacina-e-vida-vacina-e-para-todos","status":"publish","type":"post","link":"https:\/\/sindenfermeiro.com.br\/index.php\/2023\/02\/28\/artigo-vacina-e-vida-vacina-e-para-todos\/","title":{"rendered":"Artigo \u201cVacina \u00e9 vida, vacina \u00e9 para todos\u201d"},"content":{"rendered":"<h2><em>Lula lan\u00e7a campanha de vacina\u00e7\u00e3o no DF, mostrando que h\u00e1 caminhos para a retomada do Brasil como refer\u00eancia mundial em imuniza\u00e7\u00e3o<\/em><\/h2>\n<p>&nbsp;<\/p>\n<p>Nesta segunda-feira (27), o Minist\u00e9rio da Sa\u00fade (MS) lan\u00e7ou o Movimento Nacional pela Vacina\u00e7\u00e3o. O evento de lan\u00e7amento da campanha aconteceu na Unidade B\u00e1sica de Sa\u00fade n\u00ba 01 do Guar\u00e1, no Distrito Federal, e contou com a participa\u00e7\u00e3o do Presidente Lula, do seu vice, Geraldo Alckmim, e da Ministra da Sa\u00fade, N\u00edsia Trindade. Com a mensagem \u201cVacina \u00e9 vida. Vacina \u00e9 para todos\u201d, o movimento inaugura, principalmente, a inclus\u00e3o da vacina bivalente contra a COVID19 no Calend\u00e1rio Nacional de Vacina\u00e7\u00e3o, al\u00e9m de abranger outros imunizantes e incentivar a atualiza\u00e7\u00e3o do quadro vacinal pela popula\u00e7\u00e3o.<\/p>\n<p>Anunciada desde o final de 2022 e uma das prioridades do governo federal para reconstruir o Sistema \u00danico de Sa\u00fade (SUS), a campanha tem o objetivo de ampliar as taxas de cobertura vacinal que est\u00e3o em queda desde o ano de 2015. O Brasil j\u00e1 foi refer\u00eancia mundial em imuniza\u00e7\u00e3o, mas ap\u00f3s apresentar sucessivas redu\u00e7\u00f5es na cobertura vacinal de crian\u00e7as e adolescentes, \u00e9 um dos pa\u00edses com maior risco para volta da poliomielite, segundo a Organiza\u00e7\u00e3o Mundial de Sa\u00fade (OMS). Al\u00e9m disso, dados apresentados pelo DATASUS (Departamento de Inform\u00e1tica do Sistema \u00danico de Sa\u00fade), mostram que 60,56 % da popula\u00e7\u00e3o havia completado o esquema vacinal com todos os imunizantes oferecidos pelo Programa Nacional de Imuniza\u00e7\u00e3o (PNI) at\u00e9 o m\u00eas de dezembro de 2022. Outro dado alarmante \u00e9 do Observat\u00f3rio de Sa\u00fade na Inf\u00e2ncia da Fiocruz, que apontou uma cobertura inferior a 50% das vacinas tr\u00edplice viral e tetra viral, aplicadas ap\u00f3s um ano de idade, at\u00e9 o m\u00eas de novembro de 2022.A baixa cobertura vacinal \u00e9 resultado da sistem\u00e1tica articula\u00e7\u00e3o entre o desmonte das pol\u00edticas p\u00fablicas e o programa obscurantista vigente no \u00faltimo per\u00edodo; a come\u00e7ar pela Emenda Constitucional 95. Mais conhecida como Teto de Gastos, a EC 95 cumpriu a fun\u00e7\u00e3o de retirar aproximadamente R$ 20 bilh\u00f5es do SUS por ano, repercutindo, desde 2016, na redu\u00e7\u00e3o do investimento no Programa Nacional de Imuniza\u00e7\u00e3o (PNI), nas campanhas de vacina\u00e7\u00e3o e nas a\u00e7\u00f5es e programas no \u00e2mbito da ci\u00eancia e tecnologia. Contudo, a pol\u00edtica de austeridade fiscal n\u00e3o impediu que Bolsonaro furasse o teto de gastos, utilizando R$ 795 milh\u00f5es para compra de apoio pol\u00edtico durante seus quatro anos de governo.<\/p>\n<p>O papel do bolsonarismo vai al\u00e9m do sequestro do financiamento das pol\u00edticas sociais para fomento pol\u00edtico pr\u00f3prio. A desinforma\u00e7\u00e3o e o negacionismo praticados pelo governo Bolsonaro e propagados pela milit\u00e2ncia bolsonarista tamb\u00e9m promoveram a desconfian\u00e7a da popula\u00e7\u00e3o nas vacinas. N\u00e3o \u00e9 demais relembrar o tratamento dado por Bolsonaro \u00e0 pandemia: menosprezou as mortes, substituiu a coopera\u00e7\u00e3o e a pactua\u00e7\u00e3o solid\u00e1ria entre os governos e os poderes da federa\u00e7\u00e3o pelo confronto pol\u00edtico aberto, sabotou o isolamento social, estimulou a imunidade de rebanho, criticou o uso de m\u00e1scaras, defendeu o uso de medicamentos sem efic\u00e1cia. Por\u00e9m, enquanto desestimulava a vacina\u00e7\u00e3o pela popula\u00e7\u00e3o, Bolsonaro garantiu sua imunidade tomando a dose \u00fanica da Janssen, como revelado pela quebra do sigilo de seu cart\u00e3o de vacina.<\/p>\n<p>A contraposi\u00e7\u00e3o de Lula ao negacionismo bolsonarista tem sido um pilar dos primeiros dois meses de terceiro exerc\u00edcio como Presidente da Rep\u00fablica. Para atingir a meta preconizada de cobertura vacinal, que \u00e9 de 90% da popula\u00e7\u00e3o com quadro de imuniza\u00e7\u00e3o atualizado, o governo federal retomou a exig\u00eancia de vacina\u00e7\u00e3o para aquisi\u00e7\u00e3o do Bolsa Fam\u00edlia; retomou a\u00e7\u00f5es de investimento na ci\u00eancia, como o aumento das bolsas de pesquisa e o restabelecimento do di\u00e1logo com institui\u00e7\u00f5es de ci\u00eancia e tecnologia, al\u00e9m de repactuar a tomada de decis\u00f5es entre estados e munic\u00edpios. Como n\u00e3o pode deixar de ser, a reabertura para a participa\u00e7\u00e3o social \u00e9 um elemento crucial para o sucesso das campanhas \u2013 sobretudo agora, quando o Brasil se prepara para a 17\u00aa Confer\u00eancia Nacional de Sa\u00fade, que apontar\u00e1 caminhos para a reconstru\u00e7\u00e3o da sa\u00fade p\u00fablica no Brasil.<\/p>\n<p>Reconhecer que estes s\u00e3o passos imprescind\u00edveis para a retomada do SUS e a recomposi\u00e7\u00e3o do Pa\u00eds enquanto refer\u00eancia mundial em imuniza\u00e7\u00e3o \u00e9 essencial, mas n\u00e3o permite tardar em apontar que s\u00e3o medidas iniciais, que mostram o trajeto em dire\u00e7\u00e3o a outras decis\u00f5es substanciais para a reconstru\u00e7\u00e3o do sistema de sa\u00fade brasileiro e da recupera\u00e7\u00e3o da sa\u00fade da popula\u00e7\u00e3o. Ainda \u00e9 necess\u00e1rio que o compromisso de campanha com a revoga\u00e7\u00e3o da EC 95, que Lula tratou como aberra\u00e7\u00e3o, seja executando, compreendendo que sem isto \u00e9 invi\u00e1vel a solidifica\u00e7\u00e3o da sa\u00fade como direito no Brasil.<\/p>\n<p>Isto se relaciona intimamente com a provis\u00e3o dos recursos humanos nos diversos servi\u00e7os de sa\u00fade, desde a assist\u00eancia at\u00e9 os servi\u00e7os de gest\u00e3o e vigil\u00e2ncia em sa\u00fade. Para tal, olhar para a maior categoria do segmento de sa\u00fade do Pa\u00eds \u00e9 um compromisso inexor\u00e1vel para um governo que busca restabelecer as condi\u00e7\u00f5es sanit\u00e1rias, a infraestrutura em sa\u00fade, a confiabilidade nos servi\u00e7os e a pr\u00e1tica cotidiana da sa\u00fade como direito. Enfermeiros, t\u00e9cnicos e auxiliares aguardam a edi\u00e7\u00e3o da Medida Provis\u00f3ria que garante o repasse das fontes e custeios para estados e munic\u00edpios pagarem o piso salarial, conquistado pela mobiliza\u00e7\u00e3o unificada e hist\u00f3rica da categoria, previsto na Lei do Piso Salarial da Enfermagem (Lei 14.434\/2022) e nas Emendas Constitucionais 124 e 127 \u2013 as quais disp\u00f5em sobre fundos p\u00fablicos de aproximadamente R$ 30 bilh\u00f5es para aporte \u00e0 Uni\u00e3o e aos estados e munic\u00edpios.<\/p>\n<p>\u00c9 a enfermagem que coordena, organiza e executa o PNI, portanto, levantar a bandeira da vacina\u00e7\u00e3o precisa, inevitavelmente, ser um compromisso com a categoria que mais morreu durante a pandemia e segue, como linha de frente do cuidado, sendo a mais impactada pelas p\u00e9ssimas condi\u00e7\u00f5es de trabalho, pelas m\u00faltiplas jornadas e pelos sal\u00e1rios miser\u00e1veis pagos pelos patr\u00f5es. O Brasil n\u00e3o pode mais esperar para reaver o brio de ter maior pol\u00edtica de sa\u00fade do mundo, que \u00e9 majoritariamente executada pela maior categoria de sa\u00fade do Pa\u00eds. Portanto, a enfermagem tamb\u00e9m n\u00e3o pode mais esperar. Vacina \u00e9 vida, vacina \u00e9 para todos e depende da enfermagem!<\/p>\n<p>Enfermagem valorizada, popula\u00e7\u00e3o vacinada, SUS fortalecido!<\/p>\n<p><strong>Jorge Henrique\u00a0\u2013<\/strong> enfermeiro pela UFPI atuante no DF, especialista em sa\u00fade coletiva e mestrando em Pol\u00edticas P\u00fablicas pela Fiocruz, integrante da Coletiva SUS DF<\/p>\n<p><em>*Publicado originalmente no site: Esquerda Online, no dia 28 de fevereiro de 2023<\/em><\/p>\n","protected":false},"excerpt":{"rendered":"<p>Lula lan\u00e7a campanha de vacina\u00e7\u00e3o no DF, mostrando que h\u00e1 caminhos para a retomada do Brasil como refer\u00eancia mundial em imuniza\u00e7\u00e3o &nbsp; Nesta segunda-feira (27), o Minist\u00e9rio da Sa\u00fade (MS) lan\u00e7ou o Movimento Nacional pela Vacina\u00e7\u00e3o. O evento de lan\u00e7amento da campanha aconteceu na Unidade B\u00e1sica de Sa\u00fade n\u00ba 01 do Guar\u00e1, no Distrito Federal, [&hellip;]<\/p>\n","protected":false},"author":6,"featured_media":43840,"comment_status":"open","ping_status":"open","sticky":false,"template":"","format":"standard","meta":{"footnotes":""},"categories":[6],"tags":[],"class_list":["post-43839","post","type-post","status-publish","format-standard","has-post-thumbnail","hentry","category-noticias"],"_links":{"self":[{"href":"https:\/\/sindenfermeiro.com.br\/index.php\/wp-json\/wp\/v2\/posts\/43839","targetHints":{"allow":["GET"]}}],"collection":[{"href":"https:\/\/sindenfermeiro.com.br\/index.php\/wp-json\/wp\/v2\/posts"}],"about":[{"href":"https:\/\/sindenfermeiro.com.br\/index.php\/wp-json\/wp\/v2\/types\/post"}],"author":[{"embeddable":true,"href":"https:\/\/sindenfermeiro.com.br\/index.php\/wp-json\/wp\/v2\/users\/6"}],"replies":[{"embeddable":true,"href":"https:\/\/sindenfermeiro.com.br\/index.php\/wp-json\/wp\/v2\/comments?post=43839"}],"version-history":[{"count":5,"href":"https:\/\/sindenfermeiro.com.br\/index.php\/wp-json\/wp\/v2\/posts\/43839\/revisions"}],"predecessor-version":[{"id":43845,"href":"https:\/\/sindenfermeiro.com.br\/index.php\/wp-json\/wp\/v2\/posts\/43839\/revisions\/43845"}],"wp:featuredmedia":[{"embeddable":true,"href":"https:\/\/sindenfermeiro.com.br\/index.php\/wp-json\/wp\/v2\/media\/43840"}],"wp:attachment":[{"href":"https:\/\/sindenfermeiro.com.br\/index.php\/wp-json\/wp\/v2\/media?parent=43839"}],"wp:term":[{"taxonomy":"category","embeddable":true,"href":"https:\/\/sindenfermeiro.com.br\/index.php\/wp-json\/wp\/v2\/categories?post=43839"},{"taxonomy":"post_tag","embeddable":true,"href":"https:\/\/sindenfermeiro.com.br\/index.php\/wp-json\/wp\/v2\/tags?post=43839"}],"curies":[{"name":"wp","href":"https:\/\/api.w.org\/{rel}","templated":true}]}}