{"id":43836,"date":"2023-02-15T11:05:21","date_gmt":"2023-02-15T14:05:21","guid":{"rendered":"https:\/\/sindenfermeiro.com.br\/?p=43836"},"modified":"2026-04-29T14:25:40","modified_gmt":"2026-04-29T17:25:40","slug":"lancamento-da-frente-parlamentar-em-defesa-do-piso-salarial-na-cldf","status":"publish","type":"post","link":"https:\/\/sindenfermeiro.com.br\/index.php\/2023\/02\/15\/lancamento-da-frente-parlamentar-em-defesa-do-piso-salarial-na-cldf\/","title":{"rendered":"Lan\u00e7amento da Frente Parlamentar em defesa do Piso Salarial na CLDF"},"content":{"rendered":"<p>&nbsp;<\/p>\n<p><img loading=\"lazy\" decoding=\"async\" class=\"alignnone  wp-image-43837\" src=\"https:\/\/sindenfermeiro.com.br\/wp-content\/uploads\/2023\/02\/WhatsApp-Image-2023-02-15-at-11.01.30-e1676469757405-300x220.jpeg\" alt=\"\" width=\"559\" height=\"410\" srcset=\"https:\/\/sindenfermeiro.com.br\/wp-content\/uploads\/2023\/02\/WhatsApp-Image-2023-02-15-at-11.01.30-e1676469757405-300x220.jpeg 300w, https:\/\/sindenfermeiro.com.br\/wp-content\/uploads\/2023\/02\/WhatsApp-Image-2023-02-15-at-11.01.30-e1676469757405-768x563.jpeg 768w, https:\/\/sindenfermeiro.com.br\/wp-content\/uploads\/2023\/02\/WhatsApp-Image-2023-02-15-at-11.01.30-e1676469757405.jpeg 970w\" sizes=\"auto, (max-width: 559px) 100vw, 559px\" \/><\/p>\n<p>Foi lan\u00e7ada, nesta segunda-feira (13), a Frente Parlamentar em Defesa da Implementa\u00e7\u00e3o do Piso Salarial da Enfermagem na C\u00e2mara Legislativa do Distrito Federal. A ideia \u00e9 da deputada distrital Dayse Amarilio (PSB-DF) com o apoio do deputado distrital Jorge Vianna (PSD-DF)<\/p>\n<p>O presidente do Sindicato dos Enfermeiros-DF, Jorge Henrique, comp\u00f4s a mesa de abertura da Frente. Na solenidade tamb\u00e9m estavam presentes Ursula Nepomoceno, Nayara J\u00e9ssica, Inaldo Bas\u00edlio, Marcos di Cavalcante e Rangel Fernandes.<\/p>\n<p>Em discurso, o presidente lembrou que a enfermagem foi a primeira categoria a denunciar as p\u00e9ssimas condi\u00e7\u00f5es de trabalho vivida todos os dias pelos profissionais de sa\u00fade. \u201cSitua\u00e7\u00e3o que foi agravada ainda mais com os cataclismas da crise pand\u00eamica da COVID-19\u201d, explicou.<\/p>\n<p>O presidente, em sua fala, lembrou da luta do Sindicato, que vem h\u00e1 anos batalhando pela valoriza\u00e7\u00e3o do enfermeiro que trabalha em condi\u00e7\u00f5es prec\u00e1rias. Segundo ele, houve por parte do Instituto de Gest\u00e3o Estrat\u00e9gica de Sa\u00fade do Distrito Federal, a terceiriza\u00e7\u00e3o da gest\u00e3o p\u00fablica, que, consequentemente, precariza o setor ao pagar um sal\u00e1rio menor ao trabalhador.<\/p>\n<p>Jorge Henrique trouxe \u00e0 mem\u00f3ria tamb\u00e9m, que o primeiro ato da sa\u00fade na pandemia foi feito por trabalhadores da enfermagem. \u201cDenunciamos o que estava sendo colocado como processo de sofrimento de uma categoria. A gente denunciou essas condi\u00e7\u00f5es, porque os trabalhadores estavam morrendo. De todas as mortes dos trabalhadores da sa\u00fade mundial na pandemia, 30% delas ocorreram no Brasil\u201d, lembrou.<\/p>\n","protected":false},"excerpt":{"rendered":"<p>&nbsp; Foi lan\u00e7ada, nesta segunda-feira (13), a Frente Parlamentar em Defesa da Implementa\u00e7\u00e3o do Piso Salarial da Enfermagem na C\u00e2mara Legislativa do Distrito Federal. A ideia \u00e9 da deputada distrital Dayse Amarilio (PSB-DF) com o apoio do deputado distrital Jorge Vianna (PSD-DF) O presidente do Sindicato dos Enfermeiros-DF, Jorge Henrique, comp\u00f4s a mesa de abertura [&hellip;]<\/p>\n","protected":false},"author":6,"featured_media":43837,"comment_status":"open","ping_status":"open","sticky":false,"template":"","format":"standard","meta":{"footnotes":""},"categories":[6],"tags":[850,7,837],"class_list":["post-43836","post","type-post","status-publish","format-standard","has-post-thumbnail","hentry","category-noticias","tag-camara-legislativa-do-df","tag-enfermagem","tag-piso-salarial-da-enfermagem"],"_links":{"self":[{"href":"https:\/\/sindenfermeiro.com.br\/index.php\/wp-json\/wp\/v2\/posts\/43836","targetHints":{"allow":["GET"]}}],"collection":[{"href":"https:\/\/sindenfermeiro.com.br\/index.php\/wp-json\/wp\/v2\/posts"}],"about":[{"href":"https:\/\/sindenfermeiro.com.br\/index.php\/wp-json\/wp\/v2\/types\/post"}],"author":[{"embeddable":true,"href":"https:\/\/sindenfermeiro.com.br\/index.php\/wp-json\/wp\/v2\/users\/6"}],"replies":[{"embeddable":true,"href":"https:\/\/sindenfermeiro.com.br\/index.php\/wp-json\/wp\/v2\/comments?post=43836"}],"version-history":[{"count":1,"href":"https:\/\/sindenfermeiro.com.br\/index.php\/wp-json\/wp\/v2\/posts\/43836\/revisions"}],"predecessor-version":[{"id":43838,"href":"https:\/\/sindenfermeiro.com.br\/index.php\/wp-json\/wp\/v2\/posts\/43836\/revisions\/43838"}],"wp:featuredmedia":[{"embeddable":true,"href":"https:\/\/sindenfermeiro.com.br\/index.php\/wp-json\/wp\/v2\/media\/43837"}],"wp:attachment":[{"href":"https:\/\/sindenfermeiro.com.br\/index.php\/wp-json\/wp\/v2\/media?parent=43836"}],"wp:term":[{"taxonomy":"category","embeddable":true,"href":"https:\/\/sindenfermeiro.com.br\/index.php\/wp-json\/wp\/v2\/categories?post=43836"},{"taxonomy":"post_tag","embeddable":true,"href":"https:\/\/sindenfermeiro.com.br\/index.php\/wp-json\/wp\/v2\/tags?post=43836"}],"curies":[{"name":"wp","href":"https:\/\/api.w.org\/{rel}","templated":true}]}}