{"id":43831,"date":"2023-02-14T17:13:22","date_gmt":"2023-02-14T20:13:22","guid":{"rendered":"https:\/\/sindenfermeiro.com.br\/?p=43831"},"modified":"2026-04-29T14:25:47","modified_gmt":"2026-04-29T17:25:47","slug":"sindenfermeiro-participa-de-ato-nacional-em-prol-do-piso-salarial-da-enfermagem","status":"publish","type":"post","link":"https:\/\/sindenfermeiro.com.br\/index.php\/2023\/02\/14\/sindenfermeiro-participa-de-ato-nacional-em-prol-do-piso-salarial-da-enfermagem\/","title":{"rendered":"SindEnfermeiro participa de Ato Nacional em prol do Piso Salarial da Enfermagem"},"content":{"rendered":"<p>&nbsp;<\/p>\n<p><span style=\"font-weight: 400\"><img loading=\"lazy\" decoding=\"async\" class=\"alignnone wp-image-43832 \" src=\"https:\/\/sindenfermeiro.com.br\/wp-content\/uploads\/2023\/02\/WhatsApp-Image-2023-02-14-at-14.43.21-1024x682.jpeg\" alt=\"\" width=\"795\" height=\"529\" srcset=\"https:\/\/sindenfermeiro.com.br\/wp-content\/uploads\/2023\/02\/WhatsApp-Image-2023-02-14-at-14.43.21-1024x682.jpeg 1024w, https:\/\/sindenfermeiro.com.br\/wp-content\/uploads\/2023\/02\/WhatsApp-Image-2023-02-14-at-14.43.21-300x200.jpeg 300w, https:\/\/sindenfermeiro.com.br\/wp-content\/uploads\/2023\/02\/WhatsApp-Image-2023-02-14-at-14.43.21-768x512.jpeg 768w, https:\/\/sindenfermeiro.com.br\/wp-content\/uploads\/2023\/02\/WhatsApp-Image-2023-02-14-at-14.43.21-1536x1023.jpeg 1536w, https:\/\/sindenfermeiro.com.br\/wp-content\/uploads\/2023\/02\/WhatsApp-Image-2023-02-14-at-14.43.21.jpeg 1600w\" sizes=\"auto, (max-width: 795px) 100vw, 795px\" \/><\/span><\/p>\n<p><span style=\"font-weight: 400\">Mais de 500 profissionais e estudantes de enfermagem participaram hoje (14\/2) do ato realizado em frente ao Minist\u00e9rio da Sa\u00fade para cobrar do presidente da Rep\u00fablica, Luiz In\u00e1cio Lula da Silva, a edi\u00e7\u00e3o urgente de medida provis\u00f3ria que institui o pagamento do Piso Salarial da Enfermagem. Estiveram presentes os diretores do Sindicato dos Enfermeiros do Distrito Federal: Nayara J\u00e9ssica, Marcos di Cavalcante, Suderlan Sabino, Ursula Nepomoceno, Inaldo Bas\u00edlio e Rangel Fernandes. O presidente do sindicato, Jorge Henrique Sousa, estava no ato e discursou no palanque do evento.<\/span><\/p>\n<p><span style=\"font-weight: 400\">O ato n\u00e3o ocorreu apenas em Bras\u00edlia, estiveram lutando pelos seus direitos os trabalhadores de todo o pa\u00eds. Os enfermeiros, t\u00e9cnicos de enfermagem e auxiliares de enfermagem representaram os quase 3 milh\u00f5es de profissionais do pa\u00eds que querem o pagamento no contracheque para evitar a paralisa\u00e7\u00e3o nacional do setor no dia 10 de mar\u00e7o. Enfermeiros, t\u00e9cnicos de enfermagem, estudantes, sindicalistas e parlamentares de v\u00e1rios cantos do pa\u00eds uniram-se em torno dessa \u00fanica reivindica\u00e7\u00e3o.<\/span><\/p>\n<p><span style=\"font-weight: 400\">\u201cNesses \u00faltimos anos, aprendemos uma li\u00e7\u00e3o fundamental que \u00e9 preciso lutar e \u00e9 poss\u00edvel vencer, e para a gente vencer n\u00e3o podemos esquecer de uma palavra de ordem fundamental que \u00e9 a mobiliza\u00e7\u00e3o permanente da enfermagem nas ruas\u201d, disse, em discurso, o presidente do Sindicato dos Enfermeiros do Distrito Federal, Jorge Henrique Sousa.<\/span><\/p>\n<p><span style=\"font-weight: 400\">O presidente pontuou que para a categoria ter conquistas, ela tira li\u00e7\u00f5es da luta e, segundo ele, foram tiradas muitas li\u00e7\u00f5es nesses \u00faltimos tr\u00eas anos. Para ele, a unidade na luta \u00e9 o que garante a vit\u00f3ria, al\u00e9m disso Jorge Henrique trouxe \u00e0 mem\u00f3ria que a uni\u00e3o das entidades trouxe muita conquista no debate em torno do Piso Nacional da Enfermagem. \u201cDe um lado tem patr\u00f5es que tentam captar a minuta conforme seus interesses, mas do outro lado tem mais de 2 milh\u00f5es de trabalhadores que querem o piso nos seus contracheque, e eles n\u00e3o v\u00e3o desistir\u201d, afirmou.<\/span><\/p>\n<p><span style=\"font-weight: 400\">Lanna Andrade, enfermeira em Senador Canedo (GO), contou que veio at\u00e9 o ato de Bras\u00edlia, reivindicar o piso salarial para trabalhadores. Segundo ela, os profissionais s\u00e3o testemunhas da luta \u00e1rdua da categoria, que infelizmente encontrou obst\u00e1culos no caminho. \u201cPrincipalmente, durante a pandemia muitos de n\u00f3s morreram, e agora queremos ser valorizados e reconhecidos enquanto profiss\u00e3o. O piso n\u00e3o \u00e9 s\u00f3 dinheiro, \u00e9 uma forma de reconhecer o trabalhador\u201d, pontuou.<\/span><\/p>\n<p><span style=\"font-weight: 400\">De Aparecida de Goi\u00e2nia (GO), Leandro Madeira, que trabalha na aten\u00e7\u00e3o b\u00e1sica e na emerg\u00eancia, afirma que viajou por mais de tr\u00eas horas porque reconhece o quanto \u00e9 importante estar presente em uma mobiliza\u00e7\u00e3o da enfermagem. \u201cLuto pela valoriza\u00e7\u00e3o do enfermeiro, estamos buscando a libera\u00e7\u00e3o do nosso recurso e pressionando o governo para que isso aconte\u00e7a o mais r\u00e1pido poss\u00edvel\u201d, contou.<\/span><\/p>\n<p><span style=\"font-weight: 400\">O movimento foi convocado pelo F\u00f3rum Nacional da Enfermagem, Confedera\u00e7\u00e3o Nacional dos Trabalhadores na Sa\u00fade (CNTS), Federa\u00e7\u00e3o Nacional dos Enfermeiros (FNE), SindEnfermeiro-DF, Sindicato dos Auxiliares e T\u00e9cnicos em Enfermagem (SINDATE-DF), Coren-DF, ABEn Nacional e ABEn-DF. E contou com apoio dos deputados distritais Dayse Amar\u00edlio e Jorge Viana.<\/span><\/p>\n","protected":false},"excerpt":{"rendered":"<p>&nbsp; Mais de 500 profissionais e estudantes de enfermagem participaram hoje (14\/2) do ato realizado em frente ao Minist\u00e9rio da Sa\u00fade para cobrar do presidente da Rep\u00fablica, Luiz In\u00e1cio Lula da Silva, a edi\u00e7\u00e3o urgente de medida provis\u00f3ria que institui o pagamento do Piso Salarial da Enfermagem. Estiveram presentes os diretores do Sindicato dos Enfermeiros [&hellip;]<\/p>\n","protected":false},"author":6,"featured_media":43832,"comment_status":"open","ping_status":"open","sticky":false,"template":"","format":"standard","meta":{"footnotes":""},"categories":[6],"tags":[7,837],"class_list":["post-43831","post","type-post","status-publish","format-standard","has-post-thumbnail","hentry","category-noticias","tag-enfermagem","tag-piso-salarial-da-enfermagem"],"_links":{"self":[{"href":"https:\/\/sindenfermeiro.com.br\/index.php\/wp-json\/wp\/v2\/posts\/43831","targetHints":{"allow":["GET"]}}],"collection":[{"href":"https:\/\/sindenfermeiro.com.br\/index.php\/wp-json\/wp\/v2\/posts"}],"about":[{"href":"https:\/\/sindenfermeiro.com.br\/index.php\/wp-json\/wp\/v2\/types\/post"}],"author":[{"embeddable":true,"href":"https:\/\/sindenfermeiro.com.br\/index.php\/wp-json\/wp\/v2\/users\/6"}],"replies":[{"embeddable":true,"href":"https:\/\/sindenfermeiro.com.br\/index.php\/wp-json\/wp\/v2\/comments?post=43831"}],"version-history":[{"count":3,"href":"https:\/\/sindenfermeiro.com.br\/index.php\/wp-json\/wp\/v2\/posts\/43831\/revisions"}],"predecessor-version":[{"id":43835,"href":"https:\/\/sindenfermeiro.com.br\/index.php\/wp-json\/wp\/v2\/posts\/43831\/revisions\/43835"}],"wp:featuredmedia":[{"embeddable":true,"href":"https:\/\/sindenfermeiro.com.br\/index.php\/wp-json\/wp\/v2\/media\/43832"}],"wp:attachment":[{"href":"https:\/\/sindenfermeiro.com.br\/index.php\/wp-json\/wp\/v2\/media?parent=43831"}],"wp:term":[{"taxonomy":"category","embeddable":true,"href":"https:\/\/sindenfermeiro.com.br\/index.php\/wp-json\/wp\/v2\/categories?post=43831"},{"taxonomy":"post_tag","embeddable":true,"href":"https:\/\/sindenfermeiro.com.br\/index.php\/wp-json\/wp\/v2\/tags?post=43831"}],"curies":[{"name":"wp","href":"https:\/\/api.w.org\/{rel}","templated":true}]}}