{"id":43828,"date":"2023-02-09T15:56:14","date_gmt":"2023-02-09T18:56:14","guid":{"rendered":"https:\/\/sindenfermeiro.com.br\/?p=43828"},"modified":"2026-04-29T14:25:40","modified_gmt":"2026-04-29T17:25:40","slug":"sindenfermeiro-se-reune-com-representantes-do-df-para-discutir-decreto-de-devolucao-de-servidores-do-iges","status":"publish","type":"post","link":"https:\/\/sindenfermeiro.com.br\/index.php\/2023\/02\/09\/sindenfermeiro-se-reune-com-representantes-do-df-para-discutir-decreto-de-devolucao-de-servidores-do-iges\/","title":{"rendered":"SindEnfermeiro se re\u00fane com representantes do DF para discutir decreto de devolu\u00e7\u00e3o de servidores do IGES"},"content":{"rendered":"<p><img loading=\"lazy\" decoding=\"async\" class=\"aligncenter wp-image-43829 \" src=\"https:\/\/sindenfermeiro.com.br\/wp-content\/uploads\/2023\/02\/WhatsApp-Image-2023-02-09-at-13.49.45-1024x768.jpeg\" alt=\"\" width=\"770\" height=\"577\" srcset=\"https:\/\/sindenfermeiro.com.br\/wp-content\/uploads\/2023\/02\/WhatsApp-Image-2023-02-09-at-13.49.45-1024x768.jpeg 1024w, https:\/\/sindenfermeiro.com.br\/wp-content\/uploads\/2023\/02\/WhatsApp-Image-2023-02-09-at-13.49.45-300x225.jpeg 300w, https:\/\/sindenfermeiro.com.br\/wp-content\/uploads\/2023\/02\/WhatsApp-Image-2023-02-09-at-13.49.45-768x576.jpeg 768w, https:\/\/sindenfermeiro.com.br\/wp-content\/uploads\/2023\/02\/WhatsApp-Image-2023-02-09-at-13.49.45-1536x1152.jpeg 1536w, https:\/\/sindenfermeiro.com.br\/wp-content\/uploads\/2023\/02\/WhatsApp-Image-2023-02-09-at-13.49.45.jpeg 1600w\" sizes=\"auto, (max-width: 770px) 100vw, 770px\" \/><\/p>\n<p>O diretor executivo do SindEnfermeiro-DF, M\u00e1rcio da Mata, na manh\u00e3 de hoje (9\/2), participou da reuni\u00e3o sobre o decreto n\u00famero 44.207 de 7 de fevereiro de 2023, que trata sobre a situa\u00e7\u00e3o dos servidores da Secretaria de Sa\u00fade do DF cedidos ao Instituto Gest\u00e3o Estrat\u00e9gica do DF (IGES-DF) e altera para o decreto n\u00famero 44.207 de 7 de fevereiro de 2023.<\/p>\n<p>A reuni\u00e3o foi sobre o retorno dos servidores do quadro de pessoal da Secretaria de Sa\u00fade , que se encontram desempenhando suas atividades funcionais no Instituto de Gest\u00e3o Estrat\u00e9gica de Sa\u00fade .<\/p>\n<p>O decreto n\u00famero 44.207 de 7 de fevereiro de 2023 estabelece altera\u00e7\u00f5es no decreto n\u00famero 44.207 de 7 de fevereiro de 2022, especificamente nos servi\u00e7os de especialidades prestados nas unidades de sa\u00fade que comp\u00f5em o IGES-DF e no que diz respeito \u00e0 resid\u00eancia m\u00e9dica e multidisciplinar.<\/p>\n<p>Durante a reuni\u00e3o foi resolvido que, por for\u00e7a deste decreto, ser\u00e1 formado um grupo de trabalho para elabora\u00e7\u00e3o de relat\u00f3rio fundamentado com cronograma de retorno gradual e planejado destes profissionais, para que n\u00e3o haja desassist\u00eancia na presta\u00e7\u00e3o de servi\u00e7os de sa\u00fade.<\/p>\n<p>O diretor M\u00e1rcio da Mata frisou a necessidade de haver um tempo adequado para que estas altera\u00e7\u00f5es, caso necess\u00e1rias, sejam feitas. Para ele, deve haver um estudo detalhado do investimento previsto e aplicado no IGES-DF, uma vez que tais servidores cedidos possuem v\u00ednculos com a institui\u00e7\u00e3o que trabalham e desempenham, na maioria dos casos, fun\u00e7\u00f5es especializadas das quais dependem dos usu\u00e1rios cobertos por estas estruturas de sa\u00fade, sendo portanto imprescind\u00edvel a presen\u00e7a destes nas unidades e a n\u00e3o perman\u00eancia deles, implica diretamente na diminui\u00e7\u00e3o da qualidade do servi\u00e7o prestado.<\/p>\n<p>Portanto, esta a\u00e7\u00e3o de mudan\u00e7a intempestiva dos servidores pode n\u00e3o significar a solu\u00e7\u00e3o de eventuais problemas de ordem econ\u00f4mica financeira do IGES, sendo necess\u00e1ria a participa\u00e7\u00e3o ativa dos Sindicatos e Conselhos de Sa\u00fade no ambiente desta discuss\u00e3o para que haja uma delibera\u00e7\u00e3o adequada e que contemple de forma satisfat\u00f3ria os trabalhadores envolvidos e as comunidades assistidas por estas institui\u00e7\u00f5es de sa\u00fade.<\/p>\n<p>O encontro contou com a participa\u00e7\u00e3o da deputada Dayse Amar\u00edlio, da governadora do DF em exerc\u00edcio, Celina Le\u00e3o, do deputado Jorge Viana, do l\u00edder do governo Rob\u00e9rio Negreiros e representantes do Sindate-DF.<\/p>\n<p>O SindEnfermeiro, agora, estar\u00e1 atento e far\u00e1 atualiza\u00e7\u00f5es sobre o caso.<\/p>\n","protected":false},"excerpt":{"rendered":"<p>O diretor executivo do SindEnfermeiro-DF, M\u00e1rcio da Mata, na manh\u00e3 de hoje (9\/2), participou da reuni\u00e3o sobre o decreto n\u00famero 44.207 de 7 de fevereiro de 2023, que trata sobre a situa\u00e7\u00e3o dos servidores da Secretaria de Sa\u00fade do DF cedidos ao Instituto Gest\u00e3o Estrat\u00e9gica do DF (IGES-DF) e altera para o decreto n\u00famero 44.207 [&hellip;]<\/p>\n","protected":false},"author":6,"featured_media":43829,"comment_status":"open","ping_status":"open","sticky":false,"template":"","format":"standard","meta":{"footnotes":""},"categories":[6],"tags":[7,166,313,103,849],"class_list":["post-43828","post","type-post","status-publish","format-standard","has-post-thumbnail","hentry","category-noticias","tag-enfermagem","tag-enfermagemdf","tag-igesdf","tag-reuniao","tag-sesdf"],"_links":{"self":[{"href":"https:\/\/sindenfermeiro.com.br\/index.php\/wp-json\/wp\/v2\/posts\/43828","targetHints":{"allow":["GET"]}}],"collection":[{"href":"https:\/\/sindenfermeiro.com.br\/index.php\/wp-json\/wp\/v2\/posts"}],"about":[{"href":"https:\/\/sindenfermeiro.com.br\/index.php\/wp-json\/wp\/v2\/types\/post"}],"author":[{"embeddable":true,"href":"https:\/\/sindenfermeiro.com.br\/index.php\/wp-json\/wp\/v2\/users\/6"}],"replies":[{"embeddable":true,"href":"https:\/\/sindenfermeiro.com.br\/index.php\/wp-json\/wp\/v2\/comments?post=43828"}],"version-history":[{"count":1,"href":"https:\/\/sindenfermeiro.com.br\/index.php\/wp-json\/wp\/v2\/posts\/43828\/revisions"}],"predecessor-version":[{"id":43830,"href":"https:\/\/sindenfermeiro.com.br\/index.php\/wp-json\/wp\/v2\/posts\/43828\/revisions\/43830"}],"wp:featuredmedia":[{"embeddable":true,"href":"https:\/\/sindenfermeiro.com.br\/index.php\/wp-json\/wp\/v2\/media\/43829"}],"wp:attachment":[{"href":"https:\/\/sindenfermeiro.com.br\/index.php\/wp-json\/wp\/v2\/media?parent=43828"}],"wp:term":[{"taxonomy":"category","embeddable":true,"href":"https:\/\/sindenfermeiro.com.br\/index.php\/wp-json\/wp\/v2\/categories?post=43828"},{"taxonomy":"post_tag","embeddable":true,"href":"https:\/\/sindenfermeiro.com.br\/index.php\/wp-json\/wp\/v2\/tags?post=43828"}],"curies":[{"name":"wp","href":"https:\/\/api.w.org\/{rel}","templated":true}]}}