{"id":43821,"date":"2023-02-06T15:11:40","date_gmt":"2023-02-06T18:11:40","guid":{"rendered":"https:\/\/sindenfermeiro.com.br\/?p=43821"},"modified":"2026-04-29T14:25:37","modified_gmt":"2026-04-29T17:25:37","slug":"gdf-ira-nomear-220-enfermeiros-na-secretaria-de-saude","status":"publish","type":"post","link":"https:\/\/sindenfermeiro.com.br\/index.php\/2023\/02\/06\/gdf-ira-nomear-220-enfermeiros-na-secretaria-de-saude\/","title":{"rendered":"GDF ir\u00e1 nomear 220 enfermeiros na Secretaria de Sa\u00fade"},"content":{"rendered":"<p><img loading=\"lazy\" decoding=\"async\" class=\"wp-image-43822 \" src=\"https:\/\/sindenfermeiro.com.br\/wp-content\/uploads\/2023\/02\/WhatsApp-Image-2023-02-06-at-14.18.11-e1675706861703-300x280.jpeg\" alt=\"Diretores do Sindicato dos Enfermeiros\" width=\"559\" height=\"522\" srcset=\"https:\/\/sindenfermeiro.com.br\/wp-content\/uploads\/2023\/02\/WhatsApp-Image-2023-02-06-at-14.18.11-e1675706861703-300x280.jpeg 300w, https:\/\/sindenfermeiro.com.br\/wp-content\/uploads\/2023\/02\/WhatsApp-Image-2023-02-06-at-14.18.11-e1675706861703-1024x954.jpeg 1024w, https:\/\/sindenfermeiro.com.br\/wp-content\/uploads\/2023\/02\/WhatsApp-Image-2023-02-06-at-14.18.11-e1675706861703-768x716.jpeg 768w, https:\/\/sindenfermeiro.com.br\/wp-content\/uploads\/2023\/02\/WhatsApp-Image-2023-02-06-at-14.18.11-e1675706861703.jpeg 1144w\" sizes=\"auto, (max-width: 559px) 100vw, 559px\" \/><\/p>\n<p>Depois de muita luta do SindEnfermeiro-DF, juntamente a outras entidades, finalmente foram nomeados 220 enfermeiros generalistas. O evento ocorreu nesta segunda-feira (6), no audit\u00f3rio do Museu Nacional da Rep\u00fablica. Ao todo, v\u00e3o assumir cargos na Secretaria de Sa\u00fade 1.236 servidores.<\/p>\n<p>Os diretores Nayara J\u00e9ssica, Ursula Nepomoceno e M\u00e1rcio da Mata estiveram presentes na cerim\u00f4nia.<\/p>\n<p>A deputada distrital e enfermeira Dayse Amar\u00edlio, em seu discurso, ressaltou que o Sindicato tem um poder forte de transformar a realidade social atrav\u00e9s da luta de uma categoria.<\/p>\n<p>&#8220;Precisamos ter consci\u00eancia disso, se a gente trabalha bem, precisamos defender aquilo que \u00e9 nosso, mas sempre lembrando que estamos aqui para servir&#8221;, pontuou. &#8220;Filie-se ao seu sindicato, isso \u00e9 para proteger voc\u00ea e todos n\u00f3s nesse audit\u00f3rio&#8221;.<\/p>\n<p>Dayse discursou sobre o Piso Nacional da Enfermagem: &#8220;Vamos sair na dianteira e implementar o piso. At\u00e9 para a lei ser cumprida, n\u00f3s precisamos lutar, sem luta n\u00e3o teremos piso implementado&#8221;.<\/p>\n<p>Para ela, \u00e9 dif\u00edcil falar sobre meritocracia. A distrital lembrou que ela mesma estudou 10 a 12 horas por dia para conseguir se tornar enfermeira, e felicitou os novos enfermeiros concursados, reconhecendo a luta que \u00e9 a jornada at\u00e9 conseguir uma estabilidade salarial.<\/p>\n<p>A governadora Celina Le\u00e3o, em sua fala, trouxe \u00e0 mem\u00f3ria os quatro mandatos no qual atuava diretamente com a Sa\u00fade e afirmou um compromisso de criar gratifica\u00e7\u00e3o para pessoas que &#8220;tem se sacrificado e trabalhado na ponta&#8221;. Ela ponderou que o ponto de 20 ou 40 horas ser\u00e1 cobrado para que servidores que &#8220;d\u00e3o o sangue&#8221; n\u00e3o sejam sobrecarregados.<\/p>\n","protected":false},"excerpt":{"rendered":"<p>Depois de muita luta do SindEnfermeiro-DF, juntamente a outras entidades, finalmente foram nomeados 220 enfermeiros generalistas. O evento ocorreu nesta segunda-feira (6), no audit\u00f3rio do Museu Nacional da Rep\u00fablica. Ao todo, v\u00e3o assumir cargos na Secretaria de Sa\u00fade 1.236 servidores. Os diretores Nayara J\u00e9ssica, Ursula Nepomoceno e M\u00e1rcio da Mata estiveram presentes na cerim\u00f4nia. A [&hellip;]<\/p>\n","protected":false},"author":6,"featured_media":43822,"comment_status":"open","ping_status":"open","sticky":false,"template":"","format":"standard","meta":{"footnotes":""},"categories":[6],"tags":[],"class_list":["post-43821","post","type-post","status-publish","format-standard","has-post-thumbnail","hentry","category-noticias"],"_links":{"self":[{"href":"https:\/\/sindenfermeiro.com.br\/index.php\/wp-json\/wp\/v2\/posts\/43821","targetHints":{"allow":["GET"]}}],"collection":[{"href":"https:\/\/sindenfermeiro.com.br\/index.php\/wp-json\/wp\/v2\/posts"}],"about":[{"href":"https:\/\/sindenfermeiro.com.br\/index.php\/wp-json\/wp\/v2\/types\/post"}],"author":[{"embeddable":true,"href":"https:\/\/sindenfermeiro.com.br\/index.php\/wp-json\/wp\/v2\/users\/6"}],"replies":[{"embeddable":true,"href":"https:\/\/sindenfermeiro.com.br\/index.php\/wp-json\/wp\/v2\/comments?post=43821"}],"version-history":[{"count":4,"href":"https:\/\/sindenfermeiro.com.br\/index.php\/wp-json\/wp\/v2\/posts\/43821\/revisions"}],"predecessor-version":[{"id":43826,"href":"https:\/\/sindenfermeiro.com.br\/index.php\/wp-json\/wp\/v2\/posts\/43821\/revisions\/43826"}],"wp:featuredmedia":[{"embeddable":true,"href":"https:\/\/sindenfermeiro.com.br\/index.php\/wp-json\/wp\/v2\/media\/43822"}],"wp:attachment":[{"href":"https:\/\/sindenfermeiro.com.br\/index.php\/wp-json\/wp\/v2\/media?parent=43821"}],"wp:term":[{"taxonomy":"category","embeddable":true,"href":"https:\/\/sindenfermeiro.com.br\/index.php\/wp-json\/wp\/v2\/categories?post=43821"},{"taxonomy":"post_tag","embeddable":true,"href":"https:\/\/sindenfermeiro.com.br\/index.php\/wp-json\/wp\/v2\/tags?post=43821"}],"curies":[{"name":"wp","href":"https:\/\/api.w.org\/{rel}","templated":true}]}}