{"id":43816,"date":"2023-01-20T15:04:22","date_gmt":"2023-01-20T18:04:22","guid":{"rendered":"https:\/\/sindenfermeiro.com.br\/?p=43816"},"modified":"2026-04-29T14:25:21","modified_gmt":"2026-04-29T17:25:21","slug":"ao-nosso-mestre-adriano-limirio-ate-a-vitoria-sempre","status":"publish","type":"post","link":"https:\/\/sindenfermeiro.com.br\/index.php\/2023\/01\/20\/ao-nosso-mestre-adriano-limirio-ate-a-vitoria-sempre\/","title":{"rendered":"Ao nosso Mestre Adriano Lim\u00edrio: At\u00e9 a vit\u00f3ria, sempre!"},"content":{"rendered":"<p><img loading=\"lazy\" decoding=\"async\" class=\"aligncenter wp-image-43817 size-large\" src=\"https:\/\/sindenfermeiro.com.br\/wp-content\/uploads\/2023\/01\/Adriano-1024x683.jpg\" alt=\"\" width=\"1024\" height=\"683\" srcset=\"https:\/\/sindenfermeiro.com.br\/wp-content\/uploads\/2023\/01\/Adriano-1024x683.jpg 1024w, https:\/\/sindenfermeiro.com.br\/wp-content\/uploads\/2023\/01\/Adriano-300x200.jpg 300w, https:\/\/sindenfermeiro.com.br\/wp-content\/uploads\/2023\/01\/Adriano-768x512.jpg 768w, https:\/\/sindenfermeiro.com.br\/wp-content\/uploads\/2023\/01\/Adriano-1536x1024.jpg 1536w, https:\/\/sindenfermeiro.com.br\/wp-content\/uploads\/2023\/01\/Adriano-2048x1365.jpg 2048w\" sizes=\"auto, (max-width: 1024px) 100vw, 1024px\" \/><\/p>\n<p><strong>Por Jorge Henrique, Presidente do SindEnfermeiro DF<\/strong><\/p>\n<p>Na manh\u00e3 do dia 19 de Janeiro, a Enfermagem do Distrito Federal (DF) recebeu a triste not\u00edcia do falecimento do Enfermeiro Adriano Lim\u00edrio da Silva, diretor do Sindicato dos Enfermeiros do DF (SindEnfermeiro DF) e servidor da Secretaria de Sa\u00fade do DF (SES). \u00c9 dif\u00edcil encontrar algum profissional da Enfermagem do DF que n\u00e3o conhe\u00e7a o professor, samuzeiro e sindicalista Adriano.<\/p>\n<p>Adriano \u00e9 uma d\u00e1diva em nossas vidas. O afeto de pai que ele dedicou a muitos de n\u00f3s, principalmente aos seus alunos e aos enfermeiros da minha gera\u00e7\u00e3o; a excel\u00eancia como profissional; os servi\u00e7os prestados \u00e0 sa\u00fade p\u00fablica; o amor incondicional aos amigos; a dedica\u00e7\u00e3o irretoc\u00e1vel como militante defensor da Enfermagem e do SUS, foram qualidade que tivemos a oportunidade de conhecer.<\/p>\n<p>Adriano Lim\u00edrio nasceu em 1965, na cidade de Uberaba. Chegou em Bras\u00edlia em 1985, ano em que iniciou a gradu\u00e7\u00e3o em Enfermagem e Obstetr\u00edcia na Universidade de Bras\u00edlia (UNB). Nesse per\u00edodo, Adriano atuou na Executiva Nacional dos Estudantes de Enfermagem (ENEEnf) &#8211; assunto que o Adriano dedicava horas de hist\u00f3rias &#8211; e teve as primeiras experi\u00eancias com o Sindicato. at\u00e9 o ano de 1990, ano de sua forma\u00e7\u00e3o.<\/p>\n<p>Nos anos 1990, iniciou sua carreira como Enfermeiro na Funda\u00e7\u00e3o Hospitalar do DF (que no in\u00edcio dos anos 2000 viraria SES DF), onde atuou at\u00e9 o ano de 2022. Em 1994 come\u00e7ou a trabalhar no SENAC, onde trabalhou at\u00e9 o ano de 2007. Entre os anos de 1995 e 1998, Adriano presidiu a Associa\u00e7\u00e3o Brasileira de Enfermagem (ABEN DF), institui\u00e7\u00e3o que ele tinha muito apre\u00e7o e que ajudou a construir at\u00e9 ano passado. Participava, assiduamente, de todas as reuni\u00f5es de organiza\u00e7\u00e3o da semana brasileira de Enfermagem (SBEn)<\/p>\n<p>No in\u00edcio dos anos 2000, Adriano realizou uma especializa\u00e7\u00e3o em forma\u00e7\u00e3o pedag\u00f3gica em educa\u00e7\u00e3o profissional na UNB. Em seguida, come\u00e7ou a lecionar nas faculdades JK e UNIEURO. Entre 2006 e 2009, realizou uma s\u00e9rie de capacita\u00e7\u00f5es na \u00e1rea de urg\u00eancia e emerg\u00eancia, incluindo o curso do aero m\u00e9dico do Servi\u00e7o de Atendimento M\u00f3vel de Urg\u00eancia (SAMU) e do Corpo de Bombeiro Militar do DF (CBMDF). Esse per\u00edodo marca o in\u00edcio da sua atua\u00e7\u00e3o com a farda que era motivo de muito orgulho: o macac\u00e3o do SAMU.<\/p>\n<p>Entre 2012 e 2013 realizou o curso de forma\u00e7\u00e3o de tutores e metodologias ativas da Escola Superior de Ci\u00eancias da Sa\u00fade (a ESCS), local onde se dedicou a lecionar como tutor a enfermeiros em forma\u00e7\u00e3o. Desde 2016, Adriano \u00e9 diretor do sindicato dos Enfermeiros do DF.<\/p>\n<p>De todas as suas qualidades, eu quero falar, em especial, do Adriano militante. N\u00e3o s\u00f3 pelo fato de nossa hist\u00f3ria de amizade ter se confundido com a nossa hist\u00f3ria na diretoria do Sindenfermeiro DF, mas porque Adriano \u00e9 imprescind\u00edvel.<\/p>\n<p>Sua dedica\u00e7\u00e3o \u00e0 valoriza\u00e7\u00e3o da Enfermagem, ao fortalecimento do SUS e por uma vida mais digna inspiraram, influenciaram e formaram mais de uma centena de lutadores. Adriano foi um militante incans\u00e1vel. Era um entusiasta da luta e organiza\u00e7\u00e3o dos trabalhadores e da juventude. Enchia-se de esperan\u00e7a a cada reuni\u00e3o do sindicato com estudantes. Emocionava-se a cada manifesta\u00e7\u00e3o organizada pela categoria, pelos profissionais da sa\u00fade e pelos trabalhadores.<\/p>\n<p>Adriano era um homem simples, generoso e amoroso. Era um humanista crist\u00e3o. Depositava sua f\u00e9 inabal\u00e1vel na luta por uma vida mais digna e justa. Diplom\u00e1tico nas rela\u00e7\u00f5es, defendia com firmeza suas posi\u00e7\u00f5es pol\u00edticas. Sua energia e disciplina contaminavam aqueles que conviviam com ele. Encantava com seu profundo conhecimento sobre os mais diversos assuntos. Gostava de contar causos e hist\u00f3rias de vida. Era carinhosamente chamado de Mestre pelos diretores do Sindicato dos Enfermeiros.<\/p>\n<p>Sua puls\u00e3o por vida criou la\u00e7os que nos uniu. A morte do indiv\u00edduo \u00e9 uma perda para todos n\u00f3s, mas a energia do Ser e a teia das rela\u00e7\u00f5es que cria todo esse tecido humano, geram ra\u00edzes que preenchem lacunas. Essa \u00e9 a vit\u00f3ria do nosso g\u00eanero humano. Sabemos que n\u00e3o estar\u00e1 mais aqui para ter o calor do teu abra\u00e7o, sabemos tamb\u00e9m que n\u00e3o vamos nos encontrar mais nas reuni\u00f5es, nos corredores dos hospitais, nos atos de rua, nem batendo um papo pelo telefone. Mas sabemos que voc\u00ea seguir\u00e1 vivo entre n\u00f3s.<\/p>\n<p>Lembro da \u00faltima atividade que participou pelo sindicato, em meados de 2022, na C\u00e2mara dos Deputados, quando da aprova\u00e7\u00e3o da PEC 11 (que tornava o Piso Salarial da Enfermagem constitucional). N\u00e3o foi um dia f\u00e1cil pra voc\u00ea devido \u00e0s dores. Mas foi um dia de vit\u00f3ria, como deveria ser! Que possamos lembrar dessa conquista como parte da sua hist\u00f3ria de luta! Levaremos seu legado adiante!<\/p>\n<p>At\u00e9 a vit\u00f3ria, sempre!<\/p>\n<p>Descansa em paz! Te amamos!<\/p>\n","protected":false},"excerpt":{"rendered":"<p>Por Jorge Henrique, Presidente do SindEnfermeiro DF Na manh\u00e3 do dia 19 de Janeiro, a Enfermagem do Distrito Federal (DF) recebeu a triste not\u00edcia do falecimento do Enfermeiro Adriano Lim\u00edrio da Silva, diretor do Sindicato dos Enfermeiros do DF (SindEnfermeiro DF) e servidor da Secretaria de Sa\u00fade do DF (SES). \u00c9 dif\u00edcil encontrar algum profissional [&hellip;]<\/p>\n","protected":false},"author":6,"featured_media":0,"comment_status":"open","ping_status":"open","sticky":false,"template":"","format":"standard","meta":{"footnotes":""},"categories":[6],"tags":[],"class_list":["post-43816","post","type-post","status-publish","format-standard","hentry","category-noticias"],"_links":{"self":[{"href":"https:\/\/sindenfermeiro.com.br\/index.php\/wp-json\/wp\/v2\/posts\/43816","targetHints":{"allow":["GET"]}}],"collection":[{"href":"https:\/\/sindenfermeiro.com.br\/index.php\/wp-json\/wp\/v2\/posts"}],"about":[{"href":"https:\/\/sindenfermeiro.com.br\/index.php\/wp-json\/wp\/v2\/types\/post"}],"author":[{"embeddable":true,"href":"https:\/\/sindenfermeiro.com.br\/index.php\/wp-json\/wp\/v2\/users\/6"}],"replies":[{"embeddable":true,"href":"https:\/\/sindenfermeiro.com.br\/index.php\/wp-json\/wp\/v2\/comments?post=43816"}],"version-history":[{"count":1,"href":"https:\/\/sindenfermeiro.com.br\/index.php\/wp-json\/wp\/v2\/posts\/43816\/revisions"}],"predecessor-version":[{"id":43818,"href":"https:\/\/sindenfermeiro.com.br\/index.php\/wp-json\/wp\/v2\/posts\/43816\/revisions\/43818"}],"wp:attachment":[{"href":"https:\/\/sindenfermeiro.com.br\/index.php\/wp-json\/wp\/v2\/media?parent=43816"}],"wp:term":[{"taxonomy":"category","embeddable":true,"href":"https:\/\/sindenfermeiro.com.br\/index.php\/wp-json\/wp\/v2\/categories?post=43816"},{"taxonomy":"post_tag","embeddable":true,"href":"https:\/\/sindenfermeiro.com.br\/index.php\/wp-json\/wp\/v2\/tags?post=43816"}],"curies":[{"name":"wp","href":"https:\/\/api.w.org\/{rel}","templated":true}]}}