{"id":43808,"date":"2023-01-17T16:27:48","date_gmt":"2023-01-17T19:27:48","guid":{"rendered":"https:\/\/sindenfermeiro.com.br\/?p=43808"},"modified":"2026-04-29T14:25:19","modified_gmt":"2026-04-29T17:25:19","slug":"ministerio-da-saude-revoga-rami-e-retoma-a-rede-cegonha","status":"publish","type":"post","link":"https:\/\/sindenfermeiro.com.br\/index.php\/2023\/01\/17\/ministerio-da-saude-revoga-rami-e-retoma-a-rede-cegonha\/","title":{"rendered":"Minist\u00e9rio da Sa\u00fade revoga Rami e retoma a Rede Cegonha"},"content":{"rendered":"<p><img loading=\"lazy\" decoding=\"async\" class=\" wp-image-43809\" src=\"https:\/\/sindenfermeiro.com.br\/wp-content\/uploads\/2023\/01\/AdobeStock_141779675-300x200.jpeg\" alt=\"\" width=\"538\" height=\"358\" srcset=\"https:\/\/sindenfermeiro.com.br\/wp-content\/uploads\/2023\/01\/AdobeStock_141779675-300x200.jpeg 300w, https:\/\/sindenfermeiro.com.br\/wp-content\/uploads\/2023\/01\/AdobeStock_141779675-1024x683.jpeg 1024w, https:\/\/sindenfermeiro.com.br\/wp-content\/uploads\/2023\/01\/AdobeStock_141779675-768x512.jpeg 768w, https:\/\/sindenfermeiro.com.br\/wp-content\/uploads\/2023\/01\/AdobeStock_141779675-1536x1024.jpeg 1536w, https:\/\/sindenfermeiro.com.br\/wp-content\/uploads\/2023\/01\/AdobeStock_141779675-2048x1365.jpeg 2048w\" sizes=\"auto, (max-width: 538px) 100vw, 538px\" \/><\/p>\n<p>Nesta semana, o Minist\u00e9rio da Sa\u00fade revogou algumas portarias do \u00faltimo governo e entre elas est\u00e1 a que instituiu a Rede de Aten\u00e7\u00e3o Materna e Infantil (Rami). De acordo com a publica\u00e7\u00e3o da pasta, o objetivo \u00e9 extinguir, por exemplo, pol\u00edticas contr\u00e1rias \u00e0s diretrizes do Sistema \u00danico de Sa\u00fade (SUS), como as exig\u00eancias que dificultavam o acesso ao Farm\u00e1cia Popular.<\/p>\n<p>Por outro lado, o Minist\u00e9rio retomou a Rede Cegonha, programa voltado \u00e0s gestantes que proporciona atendimento seguro e humanizado, al\u00e9m de ser uma pol\u00edtica reconhecida internacionalmente.<\/p>\n<p>De acordo com a pasta, essas a\u00e7\u00f5es anuladas n\u00e3o haviam sido pactuadas com representantes do Conselho Nacional de Secret\u00e1rios de Sa\u00fade (Conass) e do Conselho Nacional de Secretarias Municipais de Sa\u00fade.<\/p>\n<p>Na institui\u00e7\u00e3o da Rami, o Sindicato dos Enfermeiros do Distrito Federal foi veementemente contra uma vez que a pol\u00edtica tenta diminuir o papel da enfermagem no acompanhamento do parto, e coloca o m\u00e9dico obstetra em um papel central.<\/p>\n<p>A Rede Cegonha tem como pilar a atua\u00e7\u00e3o da enfermagem obst\u00e9trica que \u00e9 reconhecida e incentivada pela Organiza\u00e7\u00e3o Mundial de Sa\u00fade estando associada ao aumento do n\u00famero de partos normais no Brasil e redu\u00e7\u00e3o da taxa de ces\u00e1reas.<\/p>\n<p>Em 2019, a taxa de ces\u00e1reas no Brasil era de 84% dos partos, quando o recomendado pelas organiza\u00e7\u00f5es de sa\u00fade \u00e9 de 15%. A pol\u00edtica p\u00fablica tamb\u00e9m foi respons\u00e1vel pela redu\u00e7\u00e3o de interven\u00e7\u00f5es desnecess\u00e1rias no parto de mulheres.<\/p>\n<p>O Sindicato entende que o parto \u00e9 uma constru\u00e7\u00e3o coletiva e n\u00e3o deve ser medicaloc\u00eantrica ou hospitaloc\u00eantrica. A atua\u00e7\u00e3o multiprofissional precisa ser respeitada e o acompanhamento perinatal deve ser o mais natural poss\u00edvel e livre de interven\u00e7\u00f5es desnecess\u00e1rias.<\/p>\n<p>Ressaltamos ainda que enaltecemos todas as a\u00e7\u00f5es do Minist\u00e9rio da Sa\u00fade que fortalecem o Sistema \u00danico de Sa\u00fade, e entendemos como ben\u00e9fica a revoga\u00e7\u00e3o de portarias que contrariam os regulamentos da pol\u00edtica p\u00fablica.<\/p>\n","protected":false},"excerpt":{"rendered":"<p>Nesta semana, o Minist\u00e9rio da Sa\u00fade revogou algumas portarias do \u00faltimo governo e entre elas est\u00e1 a que instituiu a Rede de Aten\u00e7\u00e3o Materna e Infantil (Rami). De acordo com a publica\u00e7\u00e3o da pasta, o objetivo \u00e9 extinguir, por exemplo, pol\u00edticas contr\u00e1rias \u00e0s diretrizes do Sistema \u00danico de Sa\u00fade (SUS), como as exig\u00eancias que dificultavam [&hellip;]<\/p>\n","protected":false},"author":6,"featured_media":0,"comment_status":"open","ping_status":"open","sticky":false,"template":"","format":"standard","meta":{"footnotes":""},"categories":[6],"tags":[7,166,848],"class_list":["post-43808","post","type-post","status-publish","format-standard","hentry","category-noticias","tag-enfermagem","tag-enfermagemdf","tag-redecegonha"],"_links":{"self":[{"href":"https:\/\/sindenfermeiro.com.br\/index.php\/wp-json\/wp\/v2\/posts\/43808","targetHints":{"allow":["GET"]}}],"collection":[{"href":"https:\/\/sindenfermeiro.com.br\/index.php\/wp-json\/wp\/v2\/posts"}],"about":[{"href":"https:\/\/sindenfermeiro.com.br\/index.php\/wp-json\/wp\/v2\/types\/post"}],"author":[{"embeddable":true,"href":"https:\/\/sindenfermeiro.com.br\/index.php\/wp-json\/wp\/v2\/users\/6"}],"replies":[{"embeddable":true,"href":"https:\/\/sindenfermeiro.com.br\/index.php\/wp-json\/wp\/v2\/comments?post=43808"}],"version-history":[{"count":1,"href":"https:\/\/sindenfermeiro.com.br\/index.php\/wp-json\/wp\/v2\/posts\/43808\/revisions"}],"predecessor-version":[{"id":43810,"href":"https:\/\/sindenfermeiro.com.br\/index.php\/wp-json\/wp\/v2\/posts\/43808\/revisions\/43810"}],"wp:attachment":[{"href":"https:\/\/sindenfermeiro.com.br\/index.php\/wp-json\/wp\/v2\/media?parent=43808"}],"wp:term":[{"taxonomy":"category","embeddable":true,"href":"https:\/\/sindenfermeiro.com.br\/index.php\/wp-json\/wp\/v2\/categories?post=43808"},{"taxonomy":"post_tag","embeddable":true,"href":"https:\/\/sindenfermeiro.com.br\/index.php\/wp-json\/wp\/v2\/tags?post=43808"}],"curies":[{"name":"wp","href":"https:\/\/api.w.org\/{rel}","templated":true}]}}