{"id":43804,"date":"2022-12-29T17:10:53","date_gmt":"2022-12-29T20:10:53","guid":{"rendered":"https:\/\/sindenfermeiro.com.br\/?p=43804"},"modified":"2026-04-29T14:26:18","modified_gmt":"2026-04-29T17:26:18","slug":"enfermagem-ganha-representante-na-cldf-com-eleicao-de-dayse-amarilio-sindicato-acompanhou-diplomacao","status":"publish","type":"post","link":"https:\/\/sindenfermeiro.com.br\/index.php\/2022\/12\/29\/enfermagem-ganha-representante-na-cldf-com-eleicao-de-dayse-amarilio-sindicato-acompanhou-diplomacao\/","title":{"rendered":"Enfermagem ganha representante na CLDF com elei\u00e7\u00e3o de Dayse Amar\u00edlio; sindicato acompanhou diploma\u00e7\u00e3o"},"content":{"rendered":"<p><img loading=\"lazy\" decoding=\"async\" class=\"wp-image-43805 aligncenter\" src=\"https:\/\/sindenfermeiro.com.br\/wp-content\/uploads\/2022\/12\/WhatsApp-Image-2022-12-29-at-13.44.26.jpeg\" alt=\"\" width=\"902\" height=\"642\" srcset=\"https:\/\/sindenfermeiro.com.br\/wp-content\/uploads\/2022\/12\/WhatsApp-Image-2022-12-29-at-13.44.26.jpeg 1280w, https:\/\/sindenfermeiro.com.br\/wp-content\/uploads\/2022\/12\/WhatsApp-Image-2022-12-29-at-13.44.26-300x214.jpeg 300w, https:\/\/sindenfermeiro.com.br\/wp-content\/uploads\/2022\/12\/WhatsApp-Image-2022-12-29-at-13.44.26-1024x729.jpeg 1024w, https:\/\/sindenfermeiro.com.br\/wp-content\/uploads\/2022\/12\/WhatsApp-Image-2022-12-29-at-13.44.26-768x547.jpeg 768w\" sizes=\"auto, (max-width: 902px) 100vw, 902px\" \/><\/p>\n<p>O Sindicato dos Enfermeiros do Distrito Federal (SindEnfermeiro-DF) esteve na cerim\u00f4nia de diploma\u00e7\u00e3o dos candidatos eleitos nas \u00faltimas elei\u00e7\u00f5es no Distrito Federal \u2013 incluindo a deputada distrital eleita e presiente licenciada do sindicato, Dayse Amar\u00edlio.<\/p>\n<p>E na ocasi\u00e3o, a entidade foi representada por quase todos os membros do corpo de diretores na cerim\u00f4nia, que foi realizada no Centro de Conven\u00e7\u00f5es Ulysses Guimar\u00e3es no \u00faltimo dia 19.<\/p>\n<p>O presidente em exerc\u00edcio do SindEnfermeiro, Jorge Henrique, ressaltou que \u201cter uma representante mulher da enfermagem na CLDF \u00e9 um marco significativo para a categoria na luta por melhores condi\u00e7\u00f5es de trabalho, e \u00e9 um motivo de muito orgulho para n\u00f3s do sindicato. A Dayse \u00e9 a representante de uma causa que todos n\u00f3s da diretoria, colaboradores e categoria abra\u00e7aram desde o primeiro momento: a valoriza\u00e7\u00e3o da enfermagem e o resgate da nossa for\u00e7a de mobiliza\u00e7\u00e3o.<\/p>\n<p>O SindEnfermeiro-DF, em nome de toda a diretoria e colaboradores, deseja muito sucesso nessa nova jornada que se inicia em 1\u00b0 de janeiro, e conta com o trabalho da nossa representante em prol da popula\u00e7\u00e3o do DF!<\/p>\n","protected":false},"excerpt":{"rendered":"<p>O Sindicato dos Enfermeiros do Distrito Federal (SindEnfermeiro-DF) esteve na cerim\u00f4nia de diploma\u00e7\u00e3o dos candidatos eleitos nas \u00faltimas elei\u00e7\u00f5es no Distrito Federal \u2013 incluindo a deputada distrital eleita e presiente licenciada do sindicato, Dayse Amar\u00edlio. E na ocasi\u00e3o, a entidade foi representada por quase todos os membros do corpo de diretores na cerim\u00f4nia, que foi [&hellip;]<\/p>\n","protected":false},"author":6,"featured_media":0,"comment_status":"open","ping_status":"open","sticky":false,"template":"","format":"standard","meta":{"footnotes":""},"categories":[6],"tags":[],"class_list":["post-43804","post","type-post","status-publish","format-standard","hentry","category-noticias"],"_links":{"self":[{"href":"https:\/\/sindenfermeiro.com.br\/index.php\/wp-json\/wp\/v2\/posts\/43804","targetHints":{"allow":["GET"]}}],"collection":[{"href":"https:\/\/sindenfermeiro.com.br\/index.php\/wp-json\/wp\/v2\/posts"}],"about":[{"href":"https:\/\/sindenfermeiro.com.br\/index.php\/wp-json\/wp\/v2\/types\/post"}],"author":[{"embeddable":true,"href":"https:\/\/sindenfermeiro.com.br\/index.php\/wp-json\/wp\/v2\/users\/6"}],"replies":[{"embeddable":true,"href":"https:\/\/sindenfermeiro.com.br\/index.php\/wp-json\/wp\/v2\/comments?post=43804"}],"version-history":[{"count":2,"href":"https:\/\/sindenfermeiro.com.br\/index.php\/wp-json\/wp\/v2\/posts\/43804\/revisions"}],"predecessor-version":[{"id":43807,"href":"https:\/\/sindenfermeiro.com.br\/index.php\/wp-json\/wp\/v2\/posts\/43804\/revisions\/43807"}],"wp:attachment":[{"href":"https:\/\/sindenfermeiro.com.br\/index.php\/wp-json\/wp\/v2\/media?parent=43804"}],"wp:term":[{"taxonomy":"category","embeddable":true,"href":"https:\/\/sindenfermeiro.com.br\/index.php\/wp-json\/wp\/v2\/categories?post=43804"},{"taxonomy":"post_tag","embeddable":true,"href":"https:\/\/sindenfermeiro.com.br\/index.php\/wp-json\/wp\/v2\/tags?post=43804"}],"curies":[{"name":"wp","href":"https:\/\/api.w.org\/{rel}","templated":true}]}}