{"id":43801,"date":"2022-12-22T14:42:37","date_gmt":"2022-12-22T17:42:37","guid":{"rendered":"https:\/\/sindenfermeiro.com.br\/?p=43801"},"modified":"2026-04-29T14:25:46","modified_gmt":"2026-04-29T17:25:46","slug":"piso-salarial-da-enfermagem-emenda-constitucional-no-127-e-promulgada-pelo-congresso-nacional","status":"publish","type":"post","link":"https:\/\/sindenfermeiro.com.br\/index.php\/2022\/12\/22\/piso-salarial-da-enfermagem-emenda-constitucional-no-127-e-promulgada-pelo-congresso-nacional\/","title":{"rendered":"Piso Salarial da Enfermagem: Emenda Constitucional n\u00ba 127 \u00e9 promulgada pelo Congresso Nacional"},"content":{"rendered":"<p>O Congresso Nacional promulgou na manh\u00e3 de hoje (22) a Emenda Constitucional n\u00ba 127 \u2013 que determina o aux\u00edlio financeiro por parte da Uni\u00e3o a estados, mun\u00edcipios, DF e entidades filantr\u00f3picas para custear o Piso Salarial da Enfermagem.<\/p>\n<p>O presidente do SindEnfermeiro, Jorge Henrique \u2013 que tamb\u00e9m representou a Federa\u00e7\u00e3o Nacional dos Enfermeiros e o F\u00f3rum Nacional da Enfermagem na ocasi\u00e3o, acompanhou a sess\u00e3o diretamente do plen\u00e1rio.<\/p>\n<p>Para Jorge, &#8220;esse \u00e9 o resultado de uma enfermagem consciente do seu poder de luta. Seja nas ruas ou no parlamento, a categoria e as entidades sempre se fizeram presentes reivindicando e pressionando por uma solu\u00e7\u00e3o para o nosso piso \u2013 que vai muito al\u00e9m da quest\u00e3o financeira. O piso da Enfermagem representa o reconhecimento e valoriza\u00e7\u00e3o dos profissionais que s\u00e3o a espinha dorsal do nosso sistema de sa\u00fade.\u201d<img loading=\"lazy\" decoding=\"async\" class=\"alignnone size-medium wp-image-43802\" src=\"https:\/\/sindenfermeiro.com.br\/wp-content\/uploads\/2022\/12\/1-300x225.jpeg\" alt=\"\" width=\"300\" height=\"225\" srcset=\"https:\/\/sindenfermeiro.com.br\/wp-content\/uploads\/2022\/12\/1-300x225.jpeg 300w, https:\/\/sindenfermeiro.com.br\/wp-content\/uploads\/2022\/12\/1-1024x768.jpeg 1024w, https:\/\/sindenfermeiro.com.br\/wp-content\/uploads\/2022\/12\/1-768x576.jpeg 768w, https:\/\/sindenfermeiro.com.br\/wp-content\/uploads\/2022\/12\/1.jpeg 1400w\" sizes=\"auto, (max-width: 300px) 100vw, 300px\" \/><\/p>\n","protected":false},"excerpt":{"rendered":"<p>O Congresso Nacional promulgou na manh\u00e3 de hoje (22) a Emenda Constitucional n\u00ba 127 \u2013 que determina o aux\u00edlio financeiro por parte da Uni\u00e3o a estados, mun\u00edcipios, DF e entidades filantr\u00f3picas para custear o Piso Salarial da Enfermagem. O presidente do SindEnfermeiro, Jorge Henrique \u2013 que tamb\u00e9m representou a Federa\u00e7\u00e3o Nacional dos Enfermeiros e o [&hellip;]<\/p>\n","protected":false},"author":6,"featured_media":43802,"comment_status":"open","ping_status":"open","sticky":false,"template":"","format":"standard","meta":{"footnotes":""},"categories":[6,818,13,5],"tags":[7,53],"class_list":["post-43801","post","type-post","status-publish","format-standard","has-post-thumbnail","hentry","category-noticias","category-piso-salarial","category-rede-privada","category-rede-publica","tag-enfermagem","tag-piso-salarial"],"_links":{"self":[{"href":"https:\/\/sindenfermeiro.com.br\/index.php\/wp-json\/wp\/v2\/posts\/43801","targetHints":{"allow":["GET"]}}],"collection":[{"href":"https:\/\/sindenfermeiro.com.br\/index.php\/wp-json\/wp\/v2\/posts"}],"about":[{"href":"https:\/\/sindenfermeiro.com.br\/index.php\/wp-json\/wp\/v2\/types\/post"}],"author":[{"embeddable":true,"href":"https:\/\/sindenfermeiro.com.br\/index.php\/wp-json\/wp\/v2\/users\/6"}],"replies":[{"embeddable":true,"href":"https:\/\/sindenfermeiro.com.br\/index.php\/wp-json\/wp\/v2\/comments?post=43801"}],"version-history":[{"count":1,"href":"https:\/\/sindenfermeiro.com.br\/index.php\/wp-json\/wp\/v2\/posts\/43801\/revisions"}],"predecessor-version":[{"id":43803,"href":"https:\/\/sindenfermeiro.com.br\/index.php\/wp-json\/wp\/v2\/posts\/43801\/revisions\/43803"}],"wp:featuredmedia":[{"embeddable":true,"href":"https:\/\/sindenfermeiro.com.br\/index.php\/wp-json\/wp\/v2\/media\/43802"}],"wp:attachment":[{"href":"https:\/\/sindenfermeiro.com.br\/index.php\/wp-json\/wp\/v2\/media?parent=43801"}],"wp:term":[{"taxonomy":"category","embeddable":true,"href":"https:\/\/sindenfermeiro.com.br\/index.php\/wp-json\/wp\/v2\/categories?post=43801"},{"taxonomy":"post_tag","embeddable":true,"href":"https:\/\/sindenfermeiro.com.br\/index.php\/wp-json\/wp\/v2\/tags?post=43801"}],"curies":[{"name":"wp","href":"https:\/\/api.w.org\/{rel}","templated":true}]}}