{"id":43785,"date":"2022-11-10T14:40:11","date_gmt":"2022-11-10T17:40:11","guid":{"rendered":"https:\/\/sindenfermeiro.com.br\/?p=43785"},"modified":"2026-04-26T14:04:35","modified_gmt":"2026-04-26T17:04:35","slug":"sindenfermeiro-vai-ao-conselho-de-saude-de-planaltina-debater-situacao-da-assistencia-na-regiao","status":"publish","type":"post","link":"https:\/\/sindenfermeiro.com.br\/index.php\/2022\/11\/10\/sindenfermeiro-vai-ao-conselho-de-saude-de-planaltina-debater-situacao-da-assistencia-na-regiao\/","title":{"rendered":"SindEnfermeiro vai ao Conselho de Sa\u00fade de Planaltina debater situa\u00e7\u00e3o da assist\u00eancia na regi\u00e3o"},"content":{"rendered":"<p><img loading=\"lazy\" decoding=\"async\" class=\"aligncenter wp-image-43787 \" src=\"https:\/\/sindenfermeiro.com.br\/wp-content\/uploads\/2022\/11\/WhatsApp-Image-2022-11-09-at-17.17.27.jpeg\" alt=\"\" width=\"730\" height=\"548\" srcset=\"https:\/\/sindenfermeiro.com.br\/wp-content\/uploads\/2022\/11\/WhatsApp-Image-2022-11-09-at-17.17.27.jpeg 1024w, https:\/\/sindenfermeiro.com.br\/wp-content\/uploads\/2022\/11\/WhatsApp-Image-2022-11-09-at-17.17.27-300x225.jpeg 300w, https:\/\/sindenfermeiro.com.br\/wp-content\/uploads\/2022\/11\/WhatsApp-Image-2022-11-09-at-17.17.27-768x576.jpeg 768w\" sizes=\"auto, (max-width: 730px) 100vw, 730px\" \/><\/p>\n<p>Ontem (09), o Sindicato dos Enfermeiros do Distrito Federal foi \u00e0 Planaltina para acompanhar a primeira reuni\u00e3o ordin\u00e1ria da nova gest\u00e3o do Conselho de Sa\u00fade da cidade \u2013 \u00e0 convite do agora presidente da entidade, Pedro Bezerra, com o objetivo de levar as demandas apresentadas pelos enfermeiros durante as visitas nas unidades da regi\u00e3o \u2013 al\u00e9m de debater quest\u00f5es urgentes para o funcionamento da assist\u00eancia.<\/p>\n<p>Por parte do sindicato, participaram os diretores Fabio Aguiar e Cleber Cunha \u2013 que est\u00e3o na gest\u00e3o do conselho como mebros titular e suplente, respectivamente, da representa\u00e7\u00e3o de trabalhadores do \u00f3rg\u00e3o. O encontro tamb\u00e9m teve a presen\u00e7a da deputada distrital eleita e presidente licenciada do SindEnfermeiro, Dayse Amar\u00edlio, e demais conselheiros da entidade.<\/p>\n<p>Entre as pautas debatidas, est\u00e3o a urg\u00eancia na mudan\u00e7a de uma equipe de estrat\u00e9gia de sa\u00fade da fam\u00edlia que atualmente se encontra abrigada embaixo da arquibancada do gin\u00e1sio da cidade, atendendo mais de 12 mil pessoas em condi\u00e7\u00f5es prec\u00e1rias \u2013 al\u00e9m da preocupa\u00e7\u00e3o com o d\u00e9ficit de pessoal no hospital e UBSs de Planaltina.<\/p>\n","protected":false},"excerpt":{"rendered":"<p>Ontem (09), o Sindicato dos Enfermeiros do Distrito Federal foi \u00e0 Planaltina para acompanhar a primeira reuni\u00e3o ordin\u00e1ria da nova gest\u00e3o do Conselho de Sa\u00fade da cidade \u2013 \u00e0 convite do agora presidente da entidade, Pedro Bezerra, com o objetivo de levar as demandas apresentadas pelos enfermeiros durante as visitas nas unidades da regi\u00e3o \u2013 [&hellip;]<\/p>\n","protected":false},"author":6,"featured_media":43787,"comment_status":"open","ping_status":"open","sticky":false,"template":"","format":"standard","meta":{"footnotes":""},"categories":[6,5],"tags":[347,169,737,21,540],"class_list":["post-43785","post","type-post","status-publish","format-standard","has-post-thumbnail","hentry","category-noticias","category-rede-publica","tag-aps","tag-conselho-de-saude","tag-planaltina","tag-sindenfermeiro","tag-visita"],"_links":{"self":[{"href":"https:\/\/sindenfermeiro.com.br\/index.php\/wp-json\/wp\/v2\/posts\/43785","targetHints":{"allow":["GET"]}}],"collection":[{"href":"https:\/\/sindenfermeiro.com.br\/index.php\/wp-json\/wp\/v2\/posts"}],"about":[{"href":"https:\/\/sindenfermeiro.com.br\/index.php\/wp-json\/wp\/v2\/types\/post"}],"author":[{"embeddable":true,"href":"https:\/\/sindenfermeiro.com.br\/index.php\/wp-json\/wp\/v2\/users\/6"}],"replies":[{"embeddable":true,"href":"https:\/\/sindenfermeiro.com.br\/index.php\/wp-json\/wp\/v2\/comments?post=43785"}],"version-history":[{"count":1,"href":"https:\/\/sindenfermeiro.com.br\/index.php\/wp-json\/wp\/v2\/posts\/43785\/revisions"}],"predecessor-version":[{"id":43788,"href":"https:\/\/sindenfermeiro.com.br\/index.php\/wp-json\/wp\/v2\/posts\/43785\/revisions\/43788"}],"wp:featuredmedia":[{"embeddable":true,"href":"https:\/\/sindenfermeiro.com.br\/index.php\/wp-json\/wp\/v2\/media\/43787"}],"wp:attachment":[{"href":"https:\/\/sindenfermeiro.com.br\/index.php\/wp-json\/wp\/v2\/media?parent=43785"}],"wp:term":[{"taxonomy":"category","embeddable":true,"href":"https:\/\/sindenfermeiro.com.br\/index.php\/wp-json\/wp\/v2\/categories?post=43785"},{"taxonomy":"post_tag","embeddable":true,"href":"https:\/\/sindenfermeiro.com.br\/index.php\/wp-json\/wp\/v2\/tags?post=43785"}],"curies":[{"name":"wp","href":"https:\/\/api.w.org\/{rel}","templated":true}]}}