{"id":43781,"date":"2022-11-07T14:29:01","date_gmt":"2022-11-07T17:29:01","guid":{"rendered":"https:\/\/sindenfermeiro.com.br\/?p=43781"},"modified":"2026-04-26T12:30:38","modified_gmt":"2026-04-26T15:30:38","slug":"baile-dos-enfermeiros-uma-noite-de-diversao-e-confraternizacao","status":"publish","type":"post","link":"https:\/\/sindenfermeiro.com.br\/index.php\/2022\/11\/07\/baile-dos-enfermeiros-uma-noite-de-diversao-e-confraternizacao\/","title":{"rendered":"Baile dos Enfermeiros: uma noite de divers\u00e3o e confraterniza\u00e7\u00e3o"},"content":{"rendered":"<p><img loading=\"lazy\" decoding=\"async\" class=\"wp-image-43782\" src=\"https:\/\/sindenfermeiro.com.br\/wp-content\/uploads\/2022\/11\/MG_2887-1024x683.jpg\" alt=\"\" width=\"873\" height=\"582\" srcset=\"https:\/\/sindenfermeiro.com.br\/wp-content\/uploads\/2022\/11\/MG_2887-1024x683.jpg 1024w, https:\/\/sindenfermeiro.com.br\/wp-content\/uploads\/2022\/11\/MG_2887-300x200.jpg 300w, https:\/\/sindenfermeiro.com.br\/wp-content\/uploads\/2022\/11\/MG_2887-768x512.jpg 768w, https:\/\/sindenfermeiro.com.br\/wp-content\/uploads\/2022\/11\/MG_2887-1536x1024.jpg 1536w, https:\/\/sindenfermeiro.com.br\/wp-content\/uploads\/2022\/11\/MG_2887-2048x1365.jpg 2048w\" sizes=\"auto, (max-width: 873px) 100vw, 873px\" \/><\/p>\n<p>O retorno do Baile dos Enfermeiros ao calend\u00e1rio de eventos da Enfermagem do DF n\u00e3o poderia ter sido melhor. O sal\u00e3o social da AABB ficou praticamente lotado com as mais de 1.500 pessoas que prestigiaram o grande evento no \u00faltimo s\u00e1bado (05), em uma noite de descontra\u00e7\u00e3o, encontros (e reencontros), e muita divers\u00e3o.<\/p>\n<p>Todo o corpo de diretores do SindEnfermeiro esteve presente no evento, que tamb\u00e9m contou com a presen\u00e7a da deputada distrital e presidente licenciada do sindicato, Dayse Amar\u00edlio, representantes de entidades como ABEn-DF e COREN-DF, entre outros.<\/p>\n<p>A trilha sonora da noite ficou por conta da banda DF Music \u2013 que mesclou sucessos nacionais e internacionais nos mais variados g\u00eaneros para embalar a dan\u00e7a dos presentes, al\u00e9m da consagrada dupla Rick &amp; Rangel, que fechou a noite em grande estilo ao som do sertanejo.<\/p>\n<p>Os presentes tamb\u00e9m puderam desfrutar de pratos tem\u00e1ticos de pa\u00edses como It\u00e1lia, Estados Unidos e M\u00e9xico, drinks e outros aperitivos.<\/p>\n<p><strong>Celebra\u00e7\u00e3o pelas vit\u00f3rias da Enfermagem e pela vida<\/strong><\/p>\n<p>Para o presidente em exerc\u00edcio do SindEnfermeiro, Jorge Henrique, o retorno do Baile dos Enfermeiros simbolizou um momento para celebrar as importantes conquistas da categoria neste ano \u2013 como o reajuste salarial para os enfermeiros da SES, a aprova\u00e7\u00e3o do Piso Salarial da Enfermagem e a elei\u00e7\u00e3o de uma enfermeira para a C\u00e2mara Legislativa do DF.<\/p>\n<p>\u201cFoi um momento de celebrar as nossas conquistas em 2022: Piso Salarial, a elei\u00e7\u00e3o da Dayse (Amar\u00edlio), o reajuste para o pessoal da SES, entre outros, mas tamb\u00e9m um momento de celebrar a nossa vida e todas as dificuldades que enfrentamos \u2013 e vencemos \u2013 nesses \u00faltimos dois anos\u201d, afirmou.<\/p>\n<p>Jorge lembrou, ainda, que \u201co principal intuito do Baile \u00e9 fazer a categoria confraternizar, de ver e rever amigos que muitas vezes, por conta da rotina de trabalho, n\u00e3o conseguem estar juntos mesmo quando trabalham perto um do outro \u2013 mas com todas essas vit\u00f3rias em 2022, e depois de tudo que passamos, esse ano certamente a festa teve um sabor especial\u201d, completou.<\/p>\n<p><strong>Novidades do Baile<\/strong><\/p>\n<p>A diretora Nayara J\u00e9ssica ressaltou o esfor\u00e7o feito pela equipe e diretores do SindEnfermeiro para garantir o sucesso do evento nos m\u00ednimos detalhes \u2013 como a in\u00e9dita retirada de ingressos por meio virtual que reduziu o tempo de espera na fila para entrar no evento.<\/p>\n<p>\u201cN\u00f3s fizemos tudo que foi poss\u00edvel para garantir o melhor retorno poss\u00edvel para o Baile dos Enfermeiros. A categoria, assim como n\u00f3s, estava com muita saudade do evento e sabemos o quanto eles esperaram por algo feito com todo carinho para receb\u00ea-los. Conseguimos implementar com sucesso o ingresso virtual via Sympla, o que garantiu maior seguran\u00e7a para n\u00f3s e para os convidados. E para al\u00e9m disso, cada prato, cada bebida e cada momento do evento foram pensados com muito cuidado para agradar\u201d, pontuou.<\/p>\n<p>Todas as fotos do Baile dos Enfermeiros 2022 v\u00e3o estar dispon\u00edveis em breve na nossa galeria do Flickr.<\/p>\n<p><strong>Achados e Perdidos<\/strong><\/p>\n<p>Se voc\u00ea perdeu algum objeto durante o Baile dos Enfermeiros, procure o SindEnfermeiro para mais informa\u00e7\u00f5es. Dezenas de itens como celulares, chaves e at\u00e9 cal\u00e7ados foram deixados no evento e recolhidos pela organiza\u00e7\u00e3o, e est\u00e3o dispon\u00edveis para retirada na sede do sindicato \u2013 localizada na 714 Norte, Bloco H \u2013 Loja 02 \u2013 Asa Norte.<\/p>\n","protected":false},"excerpt":{"rendered":"<p>O retorno do Baile dos Enfermeiros ao calend\u00e1rio de eventos da Enfermagem do DF n\u00e3o poderia ter sido melhor. O sal\u00e3o social da AABB ficou praticamente lotado com as mais de 1.500 pessoas que prestigiaram o grande evento no \u00faltimo s\u00e1bado (05), em uma noite de descontra\u00e7\u00e3o, encontros (e reencontros), e muita divers\u00e3o. Todo o [&hellip;]<\/p>\n","protected":false},"author":6,"featured_media":43782,"comment_status":"open","ping_status":"open","sticky":false,"template":"","format":"standard","meta":{"footnotes":""},"categories":[6,13,5],"tags":[804,117],"class_list":["post-43781","post","type-post","status-publish","format-standard","has-post-thumbnail","hentry","category-noticias","category-rede-privada","category-rede-publica","tag-804","tag-baile-dos-enfermeiros"],"_links":{"self":[{"href":"https:\/\/sindenfermeiro.com.br\/index.php\/wp-json\/wp\/v2\/posts\/43781","targetHints":{"allow":["GET"]}}],"collection":[{"href":"https:\/\/sindenfermeiro.com.br\/index.php\/wp-json\/wp\/v2\/posts"}],"about":[{"href":"https:\/\/sindenfermeiro.com.br\/index.php\/wp-json\/wp\/v2\/types\/post"}],"author":[{"embeddable":true,"href":"https:\/\/sindenfermeiro.com.br\/index.php\/wp-json\/wp\/v2\/users\/6"}],"replies":[{"embeddable":true,"href":"https:\/\/sindenfermeiro.com.br\/index.php\/wp-json\/wp\/v2\/comments?post=43781"}],"version-history":[{"count":2,"href":"https:\/\/sindenfermeiro.com.br\/index.php\/wp-json\/wp\/v2\/posts\/43781\/revisions"}],"predecessor-version":[{"id":43796,"href":"https:\/\/sindenfermeiro.com.br\/index.php\/wp-json\/wp\/v2\/posts\/43781\/revisions\/43796"}],"wp:featuredmedia":[{"embeddable":true,"href":"https:\/\/sindenfermeiro.com.br\/index.php\/wp-json\/wp\/v2\/media\/43782"}],"wp:attachment":[{"href":"https:\/\/sindenfermeiro.com.br\/index.php\/wp-json\/wp\/v2\/media?parent=43781"}],"wp:term":[{"taxonomy":"category","embeddable":true,"href":"https:\/\/sindenfermeiro.com.br\/index.php\/wp-json\/wp\/v2\/categories?post=43781"},{"taxonomy":"post_tag","embeddable":true,"href":"https:\/\/sindenfermeiro.com.br\/index.php\/wp-json\/wp\/v2\/tags?post=43781"}],"curies":[{"name":"wp","href":"https:\/\/api.w.org\/{rel}","templated":true}]}}