{"id":43772,"date":"2022-10-31T15:29:08","date_gmt":"2022-10-31T18:29:08","guid":{"rendered":"https:\/\/sindenfermeiro.com.br\/?p=43772"},"modified":"2026-04-29T15:18:05","modified_gmt":"2026-04-29T18:18:05","slug":"sindenfermeiro-sauda-resultado-da-eleicao-e-espera-compromisso-de-lula-com-piso-salarial-da-enfermagem","status":"publish","type":"post","link":"https:\/\/sindenfermeiro.com.br\/index.php\/2022\/10\/31\/sindenfermeiro-sauda-resultado-da-eleicao-e-espera-compromisso-de-lula-com-piso-salarial-da-enfermagem\/","title":{"rendered":"SindEnfermeiro sa\u00fada elei\u00e7\u00e3o de Lula e espera compromisso pelo Piso Salarial da Enfermagem"},"content":{"rendered":"<p>&nbsp;<\/p>\n<p><img loading=\"lazy\" decoding=\"async\" class=\"aligncenter wp-image-43779 \" src=\"https:\/\/sindenfermeiro.com.br\/wp-content\/uploads\/2022\/10\/WhatsApp-Image-2022-10-31-at-15.44.11-1024x1024.jpeg\" alt=\"\" width=\"582\" height=\"582\" srcset=\"https:\/\/sindenfermeiro.com.br\/wp-content\/uploads\/2022\/10\/WhatsApp-Image-2022-10-31-at-15.44.11-1024x1024.jpeg 1024w, https:\/\/sindenfermeiro.com.br\/wp-content\/uploads\/2022\/10\/WhatsApp-Image-2022-10-31-at-15.44.11-300x300.jpeg 300w, https:\/\/sindenfermeiro.com.br\/wp-content\/uploads\/2022\/10\/WhatsApp-Image-2022-10-31-at-15.44.11-150x150.jpeg 150w, https:\/\/sindenfermeiro.com.br\/wp-content\/uploads\/2022\/10\/WhatsApp-Image-2022-10-31-at-15.44.11-768x768.jpeg 768w, https:\/\/sindenfermeiro.com.br\/wp-content\/uploads\/2022\/10\/WhatsApp-Image-2022-10-31-at-15.44.11.jpeg 1280w\" sizes=\"auto, (max-width: 582px) 100vw, 582px\" \/><\/p>\n<p>O Sindicato dos Enfermeiros do Distrito Federal, enquanto entidade representativa da categoria no DF, reconhece e sa\u00fada a elei\u00e7\u00e3o de Luiz In\u00e1cio Lula da Silva (PT) \u00e0 presid\u00eancia da Rep\u00fablica no pleito realizado ontem (30).<\/p>\n<p>Em uma elei\u00e7\u00e3o marcada pela intensa polariza\u00e7\u00e3o pol\u00edtica, prevaleceu a vontade da maioria dos brasileiros e o leg\u00edtimo exerc\u00edcio da democracia atrav\u00e9s do voto &#8211; reafirmando assim a lisura e transpar\u00eancia do nosso sistema eleitoral, um dos mais avan\u00e7ados do mundo.<\/p>\n<p>Desde j\u00e1, \u00e9 importante ressaltar que como uma das entidades de classe que lideraram a luta pelo Piso Salarial da Enfermagem nos \u00faltimos anos, o SindEnfermeiro se coloca \u00e0 disposi\u00e7\u00e3o para alimentar o debate sobre o tema, e espera que se cumpra a proposta feita por Lula de viabilizar e implementar o Piso.<\/p>\n<p>&nbsp;<\/p>\n","protected":false},"excerpt":{"rendered":"<p>&nbsp; O Sindicato dos Enfermeiros do Distrito Federal, enquanto entidade representativa da categoria no DF, reconhece e sa\u00fada a elei\u00e7\u00e3o de Luiz In\u00e1cio Lula da Silva (PT) \u00e0 presid\u00eancia da Rep\u00fablica no pleito realizado ontem (30). Em uma elei\u00e7\u00e3o marcada pela intensa polariza\u00e7\u00e3o pol\u00edtica, prevaleceu a vontade da maioria dos brasileiros e o leg\u00edtimo exerc\u00edcio [&hellip;]<\/p>\n","protected":false},"author":6,"featured_media":43773,"comment_status":"open","ping_status":"open","sticky":false,"template":"","format":"standard","meta":{"footnotes":""},"categories":[6,13,5],"tags":[846,847,613,845,330],"class_list":["post-43772","post","type-post","status-publish","format-standard","has-post-thumbnail","hentry","category-noticias","category-rede-privada","category-rede-publica","tag-846","tag-eleito","tag-forabolsonaro","tag-lula","tag-presidente"],"_links":{"self":[{"href":"https:\/\/sindenfermeiro.com.br\/index.php\/wp-json\/wp\/v2\/posts\/43772","targetHints":{"allow":["GET"]}}],"collection":[{"href":"https:\/\/sindenfermeiro.com.br\/index.php\/wp-json\/wp\/v2\/posts"}],"about":[{"href":"https:\/\/sindenfermeiro.com.br\/index.php\/wp-json\/wp\/v2\/types\/post"}],"author":[{"embeddable":true,"href":"https:\/\/sindenfermeiro.com.br\/index.php\/wp-json\/wp\/v2\/users\/6"}],"replies":[{"embeddable":true,"href":"https:\/\/sindenfermeiro.com.br\/index.php\/wp-json\/wp\/v2\/comments?post=43772"}],"version-history":[{"count":3,"href":"https:\/\/sindenfermeiro.com.br\/index.php\/wp-json\/wp\/v2\/posts\/43772\/revisions"}],"predecessor-version":[{"id":43780,"href":"https:\/\/sindenfermeiro.com.br\/index.php\/wp-json\/wp\/v2\/posts\/43772\/revisions\/43780"}],"wp:featuredmedia":[{"embeddable":true,"href":"https:\/\/sindenfermeiro.com.br\/index.php\/wp-json\/wp\/v2\/media\/43773"}],"wp:attachment":[{"href":"https:\/\/sindenfermeiro.com.br\/index.php\/wp-json\/wp\/v2\/media?parent=43772"}],"wp:term":[{"taxonomy":"category","embeddable":true,"href":"https:\/\/sindenfermeiro.com.br\/index.php\/wp-json\/wp\/v2\/categories?post=43772"},{"taxonomy":"post_tag","embeddable":true,"href":"https:\/\/sindenfermeiro.com.br\/index.php\/wp-json\/wp\/v2\/tags?post=43772"}],"curies":[{"name":"wp","href":"https:\/\/api.w.org\/{rel}","templated":true}]}}