{"id":43764,"date":"2022-10-21T10:50:51","date_gmt":"2022-10-21T13:50:51","guid":{"rendered":"https:\/\/sindenfermeiro.com.br\/?p=43764"},"modified":"2026-04-29T15:21:04","modified_gmt":"2026-04-29T18:21:04","slug":"sindenfermeiro-realiza-primeira-assembleia-com-enfermeiros-do-iges-para-debater-act","status":"publish","type":"post","link":"https:\/\/sindenfermeiro.com.br\/index.php\/2022\/10\/21\/sindenfermeiro-realiza-primeira-assembleia-com-enfermeiros-do-iges-para-debater-act\/","title":{"rendered":"SindEnfermeiro realiza primeira assembleia com enfermeiros do IGES para debater ACT"},"content":{"rendered":"<p><img loading=\"lazy\" decoding=\"async\" class=\"aligncenter wp-image-43765 \" src=\"https:\/\/sindenfermeiro.com.br\/wp-content\/uploads\/2022\/10\/MG_2251-1024x683.jpg\" alt=\"\" width=\"747\" height=\"498\" srcset=\"https:\/\/sindenfermeiro.com.br\/wp-content\/uploads\/2022\/10\/MG_2251-1024x683.jpg 1024w, https:\/\/sindenfermeiro.com.br\/wp-content\/uploads\/2022\/10\/MG_2251-300x200.jpg 300w, https:\/\/sindenfermeiro.com.br\/wp-content\/uploads\/2022\/10\/MG_2251-768x512.jpg 768w, https:\/\/sindenfermeiro.com.br\/wp-content\/uploads\/2022\/10\/MG_2251-1536x1024.jpg 1536w, https:\/\/sindenfermeiro.com.br\/wp-content\/uploads\/2022\/10\/MG_2251-2048x1365.jpg 2048w\" sizes=\"auto, (max-width: 747px) 100vw, 747px\" \/><\/p>\n<p>&nbsp;<\/p>\n<p>Na tarde de ontem (20), o SindEnfermeiro-DF realizou assembleia extraordin\u00e1ria h\u00edbrida \u2013 presencial e por meio da plataforma Zoom \u2013 com os enfermeiros do Instituto de Gest\u00e3o Estrat\u00e9gica da Sa\u00fade (IGESDF). O objetivo foi de iniciar as discuss\u00f5es sobre o novo acordo coletivo que ser\u00e1 v\u00e1lido para o ano base de 2023.<\/p>\n<p>Os diretores Rangel Fernandes e Marcela Vilarim foram os respons\u00e1veis por conduzir os trabalhos da assembleia e apresentarem a proposta inicial do instituto, com o aux\u00edlio do departamento jur\u00eddico do sindicato &#8211; e com a abertura das discuss\u00f5es a cargo do presidente em exerc\u00edcio do sindicato, Jorge Henrique.<\/p>\n<p>Em vota\u00e7\u00e3o, os presentes manifestaram por unanimidade o desejo de vincular a carga hor\u00e1ria de 36 horas ao pagamento dos valores previstos no Piso Salarial \u2013 R$ 4.750 para enfermeiros, bem como a manuten\u00e7\u00e3o das cl\u00e1usulas sociais, do reajuste m\u00ednimo de 2,5% sem preju\u00edzo de outra porcentagem maior a ser aplicado por demais categorias, caso haja, o estabelecimento da data-base de vig\u00eancia a partir de 1\u00ba de outubro, entre outros.<\/p>\n<p>Nos pr\u00f3ximos dias, o SindEnfermeiro vai apresentar ao IGESDF as propostas feitas pela categoria durante as discuss\u00f5es e ouvir as contrapropostas &#8211; que ser\u00e3o levadas junto aos profissionais em nova assembleia. Por isso, \u00e9 de suma import\u00e2ncia que haja uma participa\u00e7\u00e3o maior dos enfermeiros do instituto nas discuss\u00f5es sobre o ACT.<\/p>\n","protected":false},"excerpt":{"rendered":"<p>&nbsp; Na tarde de ontem (20), o SindEnfermeiro-DF realizou assembleia extraordin\u00e1ria h\u00edbrida \u2013 presencial e por meio da plataforma Zoom \u2013 com os enfermeiros do Instituto de Gest\u00e3o Estrat\u00e9gica da Sa\u00fade (IGESDF). O objetivo foi de iniciar as discuss\u00f5es sobre o novo acordo coletivo que ser\u00e1 v\u00e1lido para o ano base de 2023. Os diretores [&hellip;]<\/p>\n","protected":false},"author":6,"featured_media":43765,"comment_status":"open","ping_status":"open","sticky":false,"template":"","format":"standard","meta":{"footnotes":""},"categories":[334,6,13],"tags":[285,309,54,310],"class_list":["post-43764","post","type-post","status-publish","format-standard","has-post-thumbnail","hentry","category-juridico","category-noticias","category-rede-privada","tag-acordo-coletivo","tag-act","tag-enfermeiros","tag-iges"],"_links":{"self":[{"href":"https:\/\/sindenfermeiro.com.br\/index.php\/wp-json\/wp\/v2\/posts\/43764","targetHints":{"allow":["GET"]}}],"collection":[{"href":"https:\/\/sindenfermeiro.com.br\/index.php\/wp-json\/wp\/v2\/posts"}],"about":[{"href":"https:\/\/sindenfermeiro.com.br\/index.php\/wp-json\/wp\/v2\/types\/post"}],"author":[{"embeddable":true,"href":"https:\/\/sindenfermeiro.com.br\/index.php\/wp-json\/wp\/v2\/users\/6"}],"replies":[{"embeddable":true,"href":"https:\/\/sindenfermeiro.com.br\/index.php\/wp-json\/wp\/v2\/comments?post=43764"}],"version-history":[{"count":1,"href":"https:\/\/sindenfermeiro.com.br\/index.php\/wp-json\/wp\/v2\/posts\/43764\/revisions"}],"predecessor-version":[{"id":43766,"href":"https:\/\/sindenfermeiro.com.br\/index.php\/wp-json\/wp\/v2\/posts\/43764\/revisions\/43766"}],"wp:featuredmedia":[{"embeddable":true,"href":"https:\/\/sindenfermeiro.com.br\/index.php\/wp-json\/wp\/v2\/media\/43765"}],"wp:attachment":[{"href":"https:\/\/sindenfermeiro.com.br\/index.php\/wp-json\/wp\/v2\/media?parent=43764"}],"wp:term":[{"taxonomy":"category","embeddable":true,"href":"https:\/\/sindenfermeiro.com.br\/index.php\/wp-json\/wp\/v2\/categories?post=43764"},{"taxonomy":"post_tag","embeddable":true,"href":"https:\/\/sindenfermeiro.com.br\/index.php\/wp-json\/wp\/v2\/tags?post=43764"}],"curies":[{"name":"wp","href":"https:\/\/api.w.org\/{rel}","templated":true}]}}