{"id":43749,"date":"2022-10-06T12:13:21","date_gmt":"2022-10-06T15:13:21","guid":{"rendered":"https:\/\/sindenfermeiro.com.br\/?p=43749"},"modified":"2026-04-29T15:20:27","modified_gmt":"2026-04-29T18:20:27","slug":"enfermagem-vai-as-ruas-em-ato-pelas-fontes-de-custeio-do-piso-salarial","status":"publish","type":"post","link":"https:\/\/sindenfermeiro.com.br\/index.php\/2022\/10\/06\/enfermagem-vai-as-ruas-em-ato-pelas-fontes-de-custeio-do-piso-salarial\/","title":{"rendered":"Enfermagem vai \u00e0s ruas em ato pelas fontes de custeio do Piso Salarial"},"content":{"rendered":"<div id=\"attachment_43753\" style=\"width: 789px\" class=\"wp-caption aligncenter\"><img loading=\"lazy\" decoding=\"async\" aria-describedby=\"caption-attachment-43753\" class=\"wp-image-43753 \" src=\"https:\/\/sindenfermeiro.com.br\/wp-content\/uploads\/2022\/10\/52408012417_e467d2119d_k-1024x683.jpg\" alt=\"\" width=\"779\" height=\"519\" srcset=\"https:\/\/sindenfermeiro.com.br\/wp-content\/uploads\/2022\/10\/52408012417_e467d2119d_k-1024x683.jpg 1024w, https:\/\/sindenfermeiro.com.br\/wp-content\/uploads\/2022\/10\/52408012417_e467d2119d_k-300x200.jpg 300w, https:\/\/sindenfermeiro.com.br\/wp-content\/uploads\/2022\/10\/52408012417_e467d2119d_k-768x512.jpg 768w, https:\/\/sindenfermeiro.com.br\/wp-content\/uploads\/2022\/10\/52408012417_e467d2119d_k-1536x1024.jpg 1536w, https:\/\/sindenfermeiro.com.br\/wp-content\/uploads\/2022\/10\/52408012417_e467d2119d_k.jpg 2048w\" sizes=\"auto, (max-width: 779px) 100vw, 779px\" \/><p id=\"caption-attachment-43753\" class=\"wp-caption-text\">Profissionais de enfermagem protestam por fontes de custeio para o Piso Salarial da categoria em frente ao Anexo II do Congresso. Foto: Fernanda Ferreira\/ASCOM SindEnfermeiro<\/p><\/div>\n<p><span style=\"font-size: 10pt\"><strong>Texto de Pedro Vin\u00edcius\/ASCOM SindEnfermeiro-DF<\/strong><\/span><\/p>\n<p>Ontem (05), a Enfermagem brasileira foi \u00e0s ruas mais uma vez em defesa do Piso Salarial da categoria. Centenas de profissionais vindos de v\u00e1rios estados se reuniram em um grande ato em frente ao Anexo II da C\u00e2mara dos Deputados para pedir uma solu\u00e7\u00e3o imediata ao problema das fontes de custeio.<\/p>\n<p>A manifesta\u00e7\u00e3o ganhou ainda mais significado ap\u00f3s a aprova\u00e7\u00e3o pelo Senado, na \u00faltima ter\u00e7a (04), do Projeto de Lei Complementar 44\/2022 &#8211; que remaneja recursos n\u00e3o utilizados no combate ao coronav\u00edrus para ajudar no financiamento do Piso.<\/p>\n<p>O SindEnfermeiro-DF participou da mobiliza\u00e7\u00e3o, representado pelo presidente em exerc\u00edcio, Jorge Henrique, pela diretora Ursula Nepomoceno e pelos diretores Marcio da Mata e Rangel Fernandes. <a href=\"https:\/\/flic.kr\/s\/aHBqjA9ZxC\"><strong>(CONFIRA AQUI TODAS AS FOTOS DO ATO DE ONTEM)<\/strong><\/a><\/p>\n<p><strong>Press\u00e3o para resolver impasse<\/strong><\/p>\n<p>Para Jorge Henrique, a aprova\u00e7\u00e3o do PLP 44\/2022 no Senado \u00e9 uma sinaliza\u00e7\u00e3o de que a press\u00e3o da categoria nas ruas t\u00eam apresentado resultados concretos, e lembra que agora o foco das discuss\u00f5es precisa estar na C\u00e2mara dos Deputados por uma aprova\u00e7\u00e3o imediata do projeto.<\/p>\n<div id=\"attachment_43752\" style=\"width: 775px\" class=\"wp-caption aligncenter\"><img loading=\"lazy\" decoding=\"async\" aria-describedby=\"caption-attachment-43752\" class=\"wp-image-43752 \" src=\"https:\/\/sindenfermeiro.com.br\/wp-content\/uploads\/2022\/10\/MG_1470-1024x683.jpg\" alt=\"\" width=\"765\" height=\"510\" srcset=\"https:\/\/sindenfermeiro.com.br\/wp-content\/uploads\/2022\/10\/MG_1470-1024x683.jpg 1024w, https:\/\/sindenfermeiro.com.br\/wp-content\/uploads\/2022\/10\/MG_1470-300x200.jpg 300w, https:\/\/sindenfermeiro.com.br\/wp-content\/uploads\/2022\/10\/MG_1470-768x512.jpg 768w, https:\/\/sindenfermeiro.com.br\/wp-content\/uploads\/2022\/10\/MG_1470-1536x1024.jpg 1536w, https:\/\/sindenfermeiro.com.br\/wp-content\/uploads\/2022\/10\/MG_1470-2048x1365.jpg 2048w\" sizes=\"auto, (max-width: 765px) 100vw, 765px\" \/><p id=\"caption-attachment-43752\" class=\"wp-caption-text\">Presidente em exerc\u00edcio do SindEnfermeiro-DF, Jorge Henrique, durante ato nacional da enfermagem. Foto: Pedro Vin\u00edcius\/ASCOM SindEnfermeiro-DF<\/p><\/div>\n<p>\u201cDesde que o Piso foi suspenso (pelo STF em 4 de setembro deste ano), a Enfermagem tem se organizado de forma cont\u00ednua para fazer essa press\u00e3o nos parlamentares \u2013 e o parecer favor\u00e1vel do Senado na \u00faltima ter\u00e7a (04) foi um sinal de que estamos nos fazendo ser ouvidos de alguma forma\u201d, declarou.<\/p>\n<p>No entanto, Jorge faz uma ressalva afirmando que \u201c\u00e9 necess\u00e1rio tamb\u00e9m que se coloque em discuss\u00e3o uma forma definitiva de financiar o Piso, j\u00e1 que o PLP 44 s\u00f3 tem validade at\u00e9 dezembro do ano que vem. \u00c9 um bom momento, por exemplo, para rever as pol\u00edticas de cortes de gastos que est\u00e3o acabando com o SUS nos \u00faltimos anos \u2013 como a EC 95\u201d, completou.<\/p>\n<p><strong>E a rede privada?<\/strong><\/p>\n<p>A opini\u00e3o do presidente do SindEnfermeiro \u00e9 endossada pela diretora Ursula Nepomoceno, que tamb\u00e9m v\u00ea o PLP 44 como uma solu\u00e7\u00e3o para o impasse, mas que ainda n\u00e3o atende definitivamente a quest\u00e3o do Piso \u2013 apontando que o projeto n\u00e3o coloca em discuss\u00e3o a situa\u00e7\u00e3o dos trabalhadores da iniciativa privada.<\/p>\n<div id=\"attachment_43754\" style=\"width: 779px\" class=\"wp-caption aligncenter\"><img loading=\"lazy\" decoding=\"async\" aria-describedby=\"caption-attachment-43754\" class=\"wp-image-43754 \" src=\"https:\/\/sindenfermeiro.com.br\/wp-content\/uploads\/2022\/10\/MG_1381-1024x727.jpg\" alt=\"\" width=\"769\" height=\"546\" srcset=\"https:\/\/sindenfermeiro.com.br\/wp-content\/uploads\/2022\/10\/MG_1381-1024x727.jpg 1024w, https:\/\/sindenfermeiro.com.br\/wp-content\/uploads\/2022\/10\/MG_1381-300x213.jpg 300w, https:\/\/sindenfermeiro.com.br\/wp-content\/uploads\/2022\/10\/MG_1381-768x545.jpg 768w, https:\/\/sindenfermeiro.com.br\/wp-content\/uploads\/2022\/10\/MG_1381-1536x1090.jpg 1536w, https:\/\/sindenfermeiro.com.br\/wp-content\/uploads\/2022\/10\/MG_1381-2048x1453.jpg 2048w\" sizes=\"auto, (max-width: 769px) 100vw, 769px\" \/><p id=\"caption-attachment-43754\" class=\"wp-caption-text\">Diretora administrativa do SindEnfermeiro-DF, Ursula Nepomoceno, participa do ato nacional da Enfermagem. Foto: Pedro Vin\u00edcius\/ASCOM SindEnfermeiro-DF<\/p><\/div>\n<p>\u201cN\u00f3s sabemos que a aprova\u00e7\u00e3o do PLP 44 de fato \u00e9 apenas um paliativo que vai permitir o in\u00edcio da implanta\u00e7\u00e3o do Piso, mas n\u00e3o s\u00f3 seguiremos lutando pela sua aprova\u00e7\u00e3o, como tamb\u00e9m vamos continuar pressionando por uma fonte de custeio que n\u00e3o tenha prazo de validade. Al\u00e9m disso, \u00e9 importante colocar que o PLP ainda n\u00e3o resolve o impasse em rela\u00e7\u00e3o \u00e0 rede privada\u201d, ponderou.<\/p>\n<p><strong>PLP 44\/22 na C\u00e2mara dos Deputados<\/strong><\/p>\n<p>Com a aprova\u00e7\u00e3o do projeto pelo Senado, a pauta agora segue para a C\u00e2mara dos Deputados. Em reuni\u00e3o com integrantes do F\u00f3rum Nacional da Enfermagem (FNE), o presidente da C\u00e2mara dos Deputados Arthur Lira (PP-AL) afirmou que todas as fontes de custeio discutidas na Casa podem ser aprovadas at\u00e9 o dia 4 de novembro deste ano \u2013 data de encerramento da liminar concedida pelo STF que suspende o pagamento do Piso Salarial.<\/p>\n","protected":false},"excerpt":{"rendered":"<p>Texto de Pedro Vin\u00edcius\/ASCOM SindEnfermeiro-DF Ontem (05), a Enfermagem brasileira foi \u00e0s ruas mais uma vez em defesa do Piso Salarial da categoria. Centenas de profissionais vindos de v\u00e1rios estados se reuniram em um grande ato em frente ao Anexo II da C\u00e2mara dos Deputados para pedir uma solu\u00e7\u00e3o imediata ao problema das fontes de [&hellip;]<\/p>\n","protected":false},"author":6,"featured_media":43753,"comment_status":"open","ping_status":"open","sticky":false,"template":"","format":"standard","meta":{"footnotes":""},"categories":[6,13,5],"tags":[214,229,53,844,116,21],"class_list":["post-43749","post","type-post","status-publish","format-standard","has-post-thumbnail","hentry","category-noticias","category-rede-privada","category-rede-publica","tag-ato","tag-camara-dos-deputados","tag-piso-salarial","tag-plp-44-2022","tag-senado","tag-sindenfermeiro"],"_links":{"self":[{"href":"https:\/\/sindenfermeiro.com.br\/index.php\/wp-json\/wp\/v2\/posts\/43749","targetHints":{"allow":["GET"]}}],"collection":[{"href":"https:\/\/sindenfermeiro.com.br\/index.php\/wp-json\/wp\/v2\/posts"}],"about":[{"href":"https:\/\/sindenfermeiro.com.br\/index.php\/wp-json\/wp\/v2\/types\/post"}],"author":[{"embeddable":true,"href":"https:\/\/sindenfermeiro.com.br\/index.php\/wp-json\/wp\/v2\/users\/6"}],"replies":[{"embeddable":true,"href":"https:\/\/sindenfermeiro.com.br\/index.php\/wp-json\/wp\/v2\/comments?post=43749"}],"version-history":[{"count":3,"href":"https:\/\/sindenfermeiro.com.br\/index.php\/wp-json\/wp\/v2\/posts\/43749\/revisions"}],"predecessor-version":[{"id":43757,"href":"https:\/\/sindenfermeiro.com.br\/index.php\/wp-json\/wp\/v2\/posts\/43749\/revisions\/43757"}],"wp:featuredmedia":[{"embeddable":true,"href":"https:\/\/sindenfermeiro.com.br\/index.php\/wp-json\/wp\/v2\/media\/43753"}],"wp:attachment":[{"href":"https:\/\/sindenfermeiro.com.br\/index.php\/wp-json\/wp\/v2\/media?parent=43749"}],"wp:term":[{"taxonomy":"category","embeddable":true,"href":"https:\/\/sindenfermeiro.com.br\/index.php\/wp-json\/wp\/v2\/categories?post=43749"},{"taxonomy":"post_tag","embeddable":true,"href":"https:\/\/sindenfermeiro.com.br\/index.php\/wp-json\/wp\/v2\/tags?post=43749"}],"curies":[{"name":"wp","href":"https:\/\/api.w.org\/{rel}","templated":true}]}}