{"id":43743,"date":"2022-10-03T16:17:54","date_gmt":"2022-10-03T19:17:54","guid":{"rendered":"https:\/\/sindenfermeiro.com.br\/?p=43743"},"modified":"2026-04-29T15:21:47","modified_gmt":"2026-04-29T18:21:47","slug":"representatividade-enfermagem-tera-mais-representantes-estaduais-e-federais-na-proxima-legislatura","status":"publish","type":"post","link":"https:\/\/sindenfermeiro.com.br\/index.php\/2022\/10\/03\/representatividade-enfermagem-tera-mais-representantes-estaduais-e-federais-na-proxima-legislatura\/","title":{"rendered":"Representatividade: Enfermagem ter\u00e1 mais representantes estaduais e federais na pr\u00f3xima legislatura"},"content":{"rendered":"<div id=\"attachment_43745\" style=\"width: 766px\" class=\"wp-caption aligncenter\"><img loading=\"lazy\" decoding=\"async\" aria-describedby=\"caption-attachment-43745\" class=\"wp-image-43745 \" src=\"https:\/\/sindenfermeiro.com.br\/wp-content\/uploads\/2022\/10\/MG_0255-1024x683.jpg\" alt=\"\" width=\"756\" height=\"505\" srcset=\"https:\/\/sindenfermeiro.com.br\/wp-content\/uploads\/2022\/10\/MG_0255-1024x683.jpg 1024w, https:\/\/sindenfermeiro.com.br\/wp-content\/uploads\/2022\/10\/MG_0255-300x200.jpg 300w, https:\/\/sindenfermeiro.com.br\/wp-content\/uploads\/2022\/10\/MG_0255-768x512.jpg 768w, https:\/\/sindenfermeiro.com.br\/wp-content\/uploads\/2022\/10\/MG_0255-1536x1024.jpg 1536w, https:\/\/sindenfermeiro.com.br\/wp-content\/uploads\/2022\/10\/MG_0255-2048x1365.jpg 2048w\" sizes=\"auto, (max-width: 756px) 100vw, 756px\" \/><p id=\"caption-attachment-43745\" class=\"wp-caption-text\">Fachada do pr\u00e9dio da C\u00e2mara Legislativa do DF. Fotos e texto: Pedro Vin\u00edcius\/ASCOM SindEnfermeiro-DF<\/p><\/div>\n<p>Com o fim do primeiro turno das elei\u00e7\u00f5es de 2022, a Enfermagem brasileira conseguiu dar mais um passo importante na luta por representatividade nos espa\u00e7os de poder, j\u00e1 que em todo o pa\u00eds, o voto da categoria teve grande protagonismo na escolha de deputados estaduais e federais.<\/p>\n<p>Ao todo, foram eleitos dois distritais \u2013 a presidente licenciada do SindEnfermeiro-DF Dayse Amar\u00edlio (PSB) e o deputado Jorge Vianna (PSD, reeleito), e seis estaduais: Gilmar Junior (PV-PE), Adailton Cruz (PSB-AC), Janete de S\u00e1 (PSB-ES, reeleita), Neilton Di\u00f3genes (PL-RN), Enes C\u00e2ndido (PMN-MG) e Analice Fernandes (PSDB-SP).<\/p>\n<p>Na C\u00e2mara Federal, dois novos representantes se juntam \u00e0 Carmen Zanotto (Cidadania), reeleita em Santa Catarina: a enfermeira Ana Paula Lima (PT-SC), e o enfermeiro Bruno Farias (Avante), em Minas Gerais.<\/p>\n<p><strong>Ocupando espa\u00e7os<\/strong><\/p>\n<div id=\"attachment_43485\" style=\"width: 782px\" class=\"wp-caption aligncenter\"><img loading=\"lazy\" decoding=\"async\" aria-describedby=\"caption-attachment-43485\" class=\"wp-image-43485\" src=\"https:\/\/sindenfermeiro.com.br\/wp-content\/uploads\/2022\/05\/IMG_9604-1024x796.jpg\" alt=\"\" width=\"772\" height=\"600\" srcset=\"https:\/\/sindenfermeiro.com.br\/wp-content\/uploads\/2022\/05\/IMG_9604-1024x796.jpg 1024w, https:\/\/sindenfermeiro.com.br\/wp-content\/uploads\/2022\/05\/IMG_9604-300x233.jpg 300w, https:\/\/sindenfermeiro.com.br\/wp-content\/uploads\/2022\/05\/IMG_9604-768x597.jpg 768w, https:\/\/sindenfermeiro.com.br\/wp-content\/uploads\/2022\/05\/IMG_9604-1536x1194.jpg 1536w, https:\/\/sindenfermeiro.com.br\/wp-content\/uploads\/2022\/05\/IMG_9604-2048x1592.jpg 2048w\" sizes=\"auto, (max-width: 772px) 100vw, 772px\" \/><p id=\"caption-attachment-43485\" class=\"wp-caption-text\">Presidente em exerc\u00edcio do SindEnfermeiro, Jorge Henrique (esq.), comemora aprova\u00e7\u00e3o do PL 2564 na C\u00e2mara dos Deputados com a deputada distrital eleita Dayse Amar\u00edlio (PSB-DF). Foto: Pedro Vin\u00edcius\/ASCOM SindEnfermeiro<\/p><\/div>\n<p>Para o presidente em exerc\u00edcio do SindEnfermeiro, Jorge Henrique, a enfermagem est\u00e1 cada vez mais consciente do seu poder de fazer pol\u00edtica, e deixou isso claro em seu voto ao prestigiar a candidatura de pessoas ligadas \u00e0 categoria.<\/p>\n<p>\u201cO saldo dessa elei\u00e7\u00e3o para a Enfermagem foi muito positivo, visto que a categoria confiou seu voto \u00e0queles que de alguma forma, podem ser uma voz para os trabalhadores. Acreditamos que com mais representantes, vamos conseguir levantar bandeiras n\u00e3o s\u00f3 em prol da enfermagem, mas tamb\u00e9m pautas de interesse da sociedade como a defesa do Sistema \u00danico de Sa\u00fade\u201d, afirmou.<\/p>\n<p>Jorge tamb\u00e9m reitera que \u201co resultado do atual pleito tem uma simbologia ainda maior se considerarmos o quanto a categoria sofreu durante a pandemia &#8211; inclusive no que diz respeito \u00e0s dificuldades que enfrentamos nos \u00faltimos dois anos para que nossas demandas fossem ouvidas no Congresso Nacional. \u00c9 um est\u00edmulo para elegermos futuramente mais representantes da enfermagem nos espa\u00e7os de poder \u2013 principalmente nas assembleias estaduais e C\u00e2mara Legislativa, al\u00e9m do pr\u00f3prio Congresso\u201d.<\/p>\n<p><strong>Por mais mulheres enfermeiras no poder<\/strong><\/p>\n<p>Por outro lado, a maioria das candidaturas ligadas \u00e0 Enfermagem nesta elei\u00e7\u00e3o foram de homens, mesmo com uma categoria formada majoritariamente por mulheres. No Distrito Federal, por exemplo, Dayse Amar\u00edlio ser\u00e1 a \u00fanica mulher representante tanto no \u00e2mbito distrital como federal, e na C\u00e2mara Federal, ser\u00e3o duas enfermeiras \u2013 ambas de Santa Catarina.<\/p>\n<p>Apesar disso, houve um equil\u00edbrio de for\u00e7as entre os eleitos, j\u00e1 que entre os 11 candidatos da Enfermagem eleitos ou reeleitos em todo o pa\u00eds, cinco s\u00e3o mulheres.<\/p>\n<div id=\"attachment_43747\" style=\"width: 798px\" class=\"wp-caption aligncenter\"><img loading=\"lazy\" decoding=\"async\" aria-describedby=\"caption-attachment-43747\" class=\"wp-image-43747 \" src=\"https:\/\/sindenfermeiro.com.br\/wp-content\/uploads\/2022\/10\/IMG_6276-1024x769.jpg\" alt=\"\" width=\"788\" height=\"592\" srcset=\"https:\/\/sindenfermeiro.com.br\/wp-content\/uploads\/2022\/10\/IMG_6276-1024x769.jpg 1024w, https:\/\/sindenfermeiro.com.br\/wp-content\/uploads\/2022\/10\/IMG_6276-300x225.jpg 300w, https:\/\/sindenfermeiro.com.br\/wp-content\/uploads\/2022\/10\/IMG_6276-768x577.jpg 768w, https:\/\/sindenfermeiro.com.br\/wp-content\/uploads\/2022\/10\/IMG_6276-1536x1153.jpg 1536w, https:\/\/sindenfermeiro.com.br\/wp-content\/uploads\/2022\/10\/IMG_6276-2048x1538.jpg 2048w\" sizes=\"auto, (max-width: 788px) 100vw, 788px\" \/><p id=\"caption-attachment-43747\" class=\"wp-caption-text\">Diretora administrativa do SindEnfermeiro-DF, Ursula Nepomoceno acompanha vota\u00e7\u00e3o da Comiss\u00e3o Especial da C\u00e2mara dos Deputados sobre o PL 2564. Foto: Pedro Vin\u00edcius\/ASCOM SindEnfermeiro<\/p><\/div>\n<p>Para a diretora Ursula Nepomoceno, \u201capesar do n\u00famero de candidaturas de enfermeiras ainda ter sido abaixo do desejado, a elei\u00e7\u00e3o representou um avan\u00e7o nesse sentido (mulheres enfermeiras no poder). As mulheres s\u00e3o a maioria esmagadora dentro da categoria, e merecem ser ainda mais protagonistas nas decis\u00f5es que influenciam a enfermagem\u201d.<\/p>\n<p>O SindEnfermeiro-DF, enquanto entidade representativa, parabeniza e sa\u00fada a todos os profissionais de enfermagem eleitos e reeleitos para a pr\u00f3xima legislatura, e refor\u00e7a a sua esperan\u00e7a de que a nossa voz vai ecoar ainda mais nos espa\u00e7os de poder \u2013 com representantes ativos na luta pelas nossas bandeiras, como o Piso Salarial e a jornada de 30 horas semanais que n\u00e3o pode ser esquecida.<\/p>\n","protected":false},"excerpt":{"rendered":"<p>Com o fim do primeiro turno das elei\u00e7\u00f5es de 2022, a Enfermagem brasileira conseguiu dar mais um passo importante na luta por representatividade nos espa\u00e7os de poder, j\u00e1 que em todo o pa\u00eds, o voto da categoria teve grande protagonismo na escolha de deputados estaduais e federais. Ao todo, foram eleitos dois distritais \u2013 a [&hellip;]<\/p>\n","protected":false},"author":6,"featured_media":43745,"comment_status":"open","ping_status":"open","sticky":false,"template":"","format":"standard","meta":{"footnotes":""},"categories":[6,818,13,5],"tags":[34,682,803,528,843,21],"class_list":["post-43743","post","type-post","status-publish","format-standard","has-post-thumbnail","hentry","category-noticias","category-piso-salarial","category-rede-privada","category-rede-publica","tag-cldf","tag-dayse","tag-eleicoes-2022","tag-pl-2564","tag-representantes","tag-sindenfermeiro"],"_links":{"self":[{"href":"https:\/\/sindenfermeiro.com.br\/index.php\/wp-json\/wp\/v2\/posts\/43743","targetHints":{"allow":["GET"]}}],"collection":[{"href":"https:\/\/sindenfermeiro.com.br\/index.php\/wp-json\/wp\/v2\/posts"}],"about":[{"href":"https:\/\/sindenfermeiro.com.br\/index.php\/wp-json\/wp\/v2\/types\/post"}],"author":[{"embeddable":true,"href":"https:\/\/sindenfermeiro.com.br\/index.php\/wp-json\/wp\/v2\/users\/6"}],"replies":[{"embeddable":true,"href":"https:\/\/sindenfermeiro.com.br\/index.php\/wp-json\/wp\/v2\/comments?post=43743"}],"version-history":[{"count":1,"href":"https:\/\/sindenfermeiro.com.br\/index.php\/wp-json\/wp\/v2\/posts\/43743\/revisions"}],"predecessor-version":[{"id":43748,"href":"https:\/\/sindenfermeiro.com.br\/index.php\/wp-json\/wp\/v2\/posts\/43743\/revisions\/43748"}],"wp:featuredmedia":[{"embeddable":true,"href":"https:\/\/sindenfermeiro.com.br\/index.php\/wp-json\/wp\/v2\/media\/43745"}],"wp:attachment":[{"href":"https:\/\/sindenfermeiro.com.br\/index.php\/wp-json\/wp\/v2\/media?parent=43743"}],"wp:term":[{"taxonomy":"category","embeddable":true,"href":"https:\/\/sindenfermeiro.com.br\/index.php\/wp-json\/wp\/v2\/categories?post=43743"},{"taxonomy":"post_tag","embeddable":true,"href":"https:\/\/sindenfermeiro.com.br\/index.php\/wp-json\/wp\/v2\/tags?post=43743"}],"curies":[{"name":"wp","href":"https:\/\/api.w.org\/{rel}","templated":true}]}}