{"id":43733,"date":"2022-09-22T15:48:13","date_gmt":"2022-09-22T18:48:13","guid":{"rendered":"https:\/\/sindenfermeiro.com.br\/?p=43733"},"modified":"2026-04-29T15:22:09","modified_gmt":"2026-04-29T18:22:09","slug":"enfermagem-cruza-os-bracos-por-24h-na-luta-pelo-piso-salarial-ato-em-brasilia-reuniu-milhares-no-congresso","status":"publish","type":"post","link":"https:\/\/sindenfermeiro.com.br\/index.php\/2022\/09\/22\/enfermagem-cruza-os-bracos-por-24h-na-luta-pelo-piso-salarial-ato-em-brasilia-reuniu-milhares-no-congresso\/","title":{"rendered":"Enfermagem cruza os bra\u00e7os por 24h na luta pelo Piso Salarial; ato em Bras\u00edlia reuniu milhares no Congresso"},"content":{"rendered":"<div id=\"attachment_43734\" style=\"width: 869px\" class=\"wp-caption aligncenter\"><img loading=\"lazy\" decoding=\"async\" aria-describedby=\"caption-attachment-43734\" class=\"wp-image-43734 \" src=\"https:\/\/sindenfermeiro.com.br\/wp-content\/uploads\/2022\/09\/MG_0435-1024x683.jpg\" alt=\"\" width=\"859\" height=\"573\" srcset=\"https:\/\/sindenfermeiro.com.br\/wp-content\/uploads\/2022\/09\/MG_0435-1024x683.jpg 1024w, https:\/\/sindenfermeiro.com.br\/wp-content\/uploads\/2022\/09\/MG_0435-300x200.jpg 300w, https:\/\/sindenfermeiro.com.br\/wp-content\/uploads\/2022\/09\/MG_0435-768x512.jpg 768w, https:\/\/sindenfermeiro.com.br\/wp-content\/uploads\/2022\/09\/MG_0435-1536x1024.jpg 1536w, https:\/\/sindenfermeiro.com.br\/wp-content\/uploads\/2022\/09\/MG_0435-2048x1365.jpg 2048w\" sizes=\"auto, (max-width: 859px) 100vw, 859px\" \/><p id=\"caption-attachment-43734\" class=\"wp-caption-text\">Fotos e texto: Pedro Vin\u00edcius\/ASCOM SindEnfermeiro<\/p><\/div>\n<p>A Enfermagem brasileira acordou ontem (21) com um \u00fanico objetivo: lutar por dignidade. Durante 24 horas, grande parte dos mais de 2 milh\u00f5es de trabalhadores da categoria cruzaram os bra\u00e7os em todo o pa\u00eds, e dezenas de movimentos foram \u00e0s ruas pela aplica\u00e7\u00e3o da Lei do Piso Salarial para enfermeiros, t\u00e9cnicos de enfermagem, auxiliares e parteiras.<\/p>\n<p>E no Distrito Federal, mesmo com a decis\u00e3o que atrapalhou a participa\u00e7\u00e3o dos trabalhadores da rede privada, milhares de trabalhadores da enfermagem ocuparam durante a manh\u00e3 o gramado do Congresso Nacional empunhando faixas, bandeiras e cartazes, mas principalmente, entoando os gritos de uma categoria que aguarda h\u00e1 mais de tr\u00eas d\u00e9cadas por valoriza\u00e7\u00e3o.<\/p>\n<p>Tamb\u00e9m foram registradas mobiliza\u00e7\u00f5es em frente \u00e0s unidades de sa\u00fade da rede p\u00fablica, em todas as cidades do DF. Cerca de 70% dos servidores da enfermagem aderiram \u00e0 paralisa\u00e7\u00e3o. De maneira mais t\u00edmida, por\u00e9m fundamental, algumas unidades da rede privada tamb\u00e9m se mobilizaram, mas n\u00e3o foi poss\u00edvel prever um quantitativo exato de ades\u00e3o.<\/p>\n<p><strong>Enfermagem reconheceu seu poder<\/strong><\/p>\n<p><img loading=\"lazy\" decoding=\"async\" class=\"aligncenter wp-image-43735 \" src=\"https:\/\/sindenfermeiro.com.br\/wp-content\/uploads\/2022\/09\/WhatsApp-Image-2022-09-21-at-16.29.10-4-1024x685.jpeg\" alt=\"\" width=\"873\" height=\"584\" srcset=\"https:\/\/sindenfermeiro.com.br\/wp-content\/uploads\/2022\/09\/WhatsApp-Image-2022-09-21-at-16.29.10-4-1024x685.jpeg 1024w, https:\/\/sindenfermeiro.com.br\/wp-content\/uploads\/2022\/09\/WhatsApp-Image-2022-09-21-at-16.29.10-4-300x201.jpeg 300w, https:\/\/sindenfermeiro.com.br\/wp-content\/uploads\/2022\/09\/WhatsApp-Image-2022-09-21-at-16.29.10-4-768x514.jpeg 768w, https:\/\/sindenfermeiro.com.br\/wp-content\/uploads\/2022\/09\/WhatsApp-Image-2022-09-21-at-16.29.10-4.jpeg 1280w\" sizes=\"auto, (max-width: 873px) 100vw, 873px\" \/><\/p>\n<p>Para o presidente em exerc\u00edcio do SindEnfermeiro-DF, Jorge Henrique, \u201co dia 21 de setembro representou mais um momento hist\u00f3rico da enfermagem na luta pelo piso salarial. Atendemos ao chamado do F\u00f3rum [Nacional da Enfermagem], e os sindicatos da enfermagem de todo o pa\u00eds convocaram as paralisa\u00e7\u00f5es com o objetivo de pressionar os poderes \u2013 n\u00e3o s\u00f3 o STF \u2013 por uma solu\u00e7\u00e3o imediata em rela\u00e7\u00e3o \u00e0s fontes de custeio do Piso\u201d, afirmou.<\/p>\n<p>Jorge tambem ressaltou que o grande m\u00e9rito das movimenta\u00e7\u00f5es vem da pr\u00f3pria enfermagem, que est\u00e1 cada vez mais consciente e organizada em prol das suas reivindica\u00e7\u00f5es.<\/p>\n<p>\u201cA categoria j\u00e1 vinha se mobilizando desde que o Piso foi suspenso pelo STF \u2013 e partiu dela a demanda da paralisa\u00e7\u00e3o. \u00c9 muito importante ver que os trabalhadores est\u00e3o pautando as lutas e cobrando discuss\u00f5es por parte das entidades, pois isso significa que cada vez mais a enfermagem est\u00e1 politicamente consciente do seu poder\u201d, completou.<\/p>\n<p><strong>Piso \u00e9 dignidade<\/strong><\/p>\n<p><img loading=\"lazy\" decoding=\"async\" class=\"aligncenter wp-image-43737 \" src=\"https:\/\/sindenfermeiro.com.br\/wp-content\/uploads\/2022\/09\/WhatsApp-Image-2022-09-21-at-16.26.55-1024x719.jpeg\" alt=\"\" width=\"864\" height=\"607\" srcset=\"https:\/\/sindenfermeiro.com.br\/wp-content\/uploads\/2022\/09\/WhatsApp-Image-2022-09-21-at-16.26.55-1024x719.jpeg 1024w, https:\/\/sindenfermeiro.com.br\/wp-content\/uploads\/2022\/09\/WhatsApp-Image-2022-09-21-at-16.26.55-300x211.jpeg 300w, https:\/\/sindenfermeiro.com.br\/wp-content\/uploads\/2022\/09\/WhatsApp-Image-2022-09-21-at-16.26.55-768x539.jpeg 768w, https:\/\/sindenfermeiro.com.br\/wp-content\/uploads\/2022\/09\/WhatsApp-Image-2022-09-21-at-16.26.55.jpeg 1280w\" sizes=\"auto, (max-width: 864px) 100vw, 864px\" \/><\/p>\n<p>A diretora Ursula Nepomoceno fez uma reflex\u00e3o sobre a situa\u00e7\u00e3o da enfermagem no pa\u00eds e fez um comparativo entre a realidade enfrentada nos grandes centros e no interior, como forma de ressaltar a import\u00e2ncia do Piso.<\/p>\n<p>\u201cN\u00f3s precisamos deixar bem claro que a luta pelo Piso \u00e9 uma luta por dignidade. A situa\u00e7\u00e3o da enfermagem \u00e9 dif\u00edcil em todo o pa\u00eds, mas algumas realidades s\u00e3o muito mais complicadas que outras \u2013 e pra isso, basta pensar por exemplo nos enfermeiros e t\u00e9cnicos de munic\u00edpios afastados ou regi\u00f5es onde as pol\u00edticas p\u00fablicas n\u00e3o est\u00e3o conseguindo alcan\u00e7ar\u201d.<\/p>\n<p>\u201cSe na capital do pa\u00eds muitos profissionais \u2013 especialmente da rede privada \u2013 recebem sal\u00e1rios que n\u00e3o condizem com o valor da enfermagem, ent\u00e3o qual \u00e9 a realidade de um enfermeiro que trabalha no interior do pa\u00eds, \u00e0s vezes tirando o pouco dinheiro que tem do pr\u00f3prio bolso para poder continuar prestando a assist\u00eancia?\u201d, questionou.<\/p>\n<p><strong>Busca por defini\u00e7\u00e3o no Legislativo \u00e9 reflexo da luta<\/strong><\/p>\n<p><img loading=\"lazy\" decoding=\"async\" class=\"aligncenter wp-image-43738 \" src=\"https:\/\/sindenfermeiro.com.br\/wp-content\/uploads\/2022\/09\/WhatsApp-Image-2022-09-21-at-16.29.10-6-1024x682.jpeg\" alt=\"\" width=\"851\" height=\"567\" srcset=\"https:\/\/sindenfermeiro.com.br\/wp-content\/uploads\/2022\/09\/WhatsApp-Image-2022-09-21-at-16.29.10-6-1024x682.jpeg 1024w, https:\/\/sindenfermeiro.com.br\/wp-content\/uploads\/2022\/09\/WhatsApp-Image-2022-09-21-at-16.29.10-6-300x200.jpeg 300w, https:\/\/sindenfermeiro.com.br\/wp-content\/uploads\/2022\/09\/WhatsApp-Image-2022-09-21-at-16.29.10-6-768x512.jpeg 768w, https:\/\/sindenfermeiro.com.br\/wp-content\/uploads\/2022\/09\/WhatsApp-Image-2022-09-21-at-16.29.10-6.jpeg 1280w\" sizes=\"auto, (max-width: 851px) 100vw, 851px\" \/><\/p>\n<p>A avalia\u00e7\u00e3o da diretora Nayara J\u00e9ssica \u00e9 de que as mobiliza\u00e7\u00f5es em torno do Piso est\u00e3o surtindo efeitos pr\u00e1ticos, j\u00e1 que nas \u00faltima semana ocorreram movimenta\u00e7\u00f5es por parte do Senado para discutir a situa\u00e7\u00e3o das fontes de custeio, e sinalizou que a pr\u00f3xima semana pode trazer respostas concretas para o impasse.<\/p>\n<p>&#8220;Toda essa movimenta\u00e7\u00e3o nas \u00faltimas semanas j\u00e1 est\u00e1 gerando reflexos positivos na nossa luta \u2013 tendo em vista as recentes reuni\u00f5es e sinaliza\u00e7\u00f5es positivas do Legislativo, especialmente do Senado. Durante a \u00faltima semana foram discutidas alternativas como as chamadas emendas secretas ou o remanejamento de recursos n\u00e3o utilizados no combate ao coronav\u00edrus. \u00c9 muito importante ver que estamos nos fazendo ser ouvidos\u201d, pontuou.<\/p>\n<p><strong>Desdobramentos das mobiliza\u00e7\u00f5es<\/strong><\/p>\n<p>No in\u00edcio desta semana, o presidente do Senado Rodrigo Pacheco (PSD-MG) convocou reuni\u00e3o do Col\u00e9gio de L\u00edderes da casa com o objetivo de discutir as fontes de custeio para o Piso Salarial da Enfermagem.<\/p>\n<p>Entre as medidas que foram apontadas, est\u00e3o os projetos que v\u00e3o permitir os contribuintes a atualizarem os valores do patrim\u00f4nio no Imposto de Renda com al\u00edquotas menores ou repatriar recursos do exterior; repasses direitos da Uni\u00e3o para hospitais filantr\u00f3picos ou Santas Casas e outros que tratam do repasse do excedente do pr\u00e9-sal e da explora\u00e7\u00e3o da energia e\u00f3lica.<\/p>\n<p>De acordo com o relator do Or\u00e7amento para o ano de 2023, senador Marcelo Castro (MDB-PI), h\u00e1 a inten\u00e7\u00e3o de que o projeto complementar que permite aos estados e munic\u00edpios realocar recursos recebidos para o combate \u00e0 covid-19 possa ser votado e aprovado j\u00e1 na pr\u00f3xima semana. Com isso, os entes federados poderiam prosseguir com a implementa\u00e7\u00e3o do piso.<\/p>\n","protected":false},"excerpt":{"rendered":"<p>A Enfermagem brasileira acordou ontem (21) com um \u00fanico objetivo: lutar por dignidade. Durante 24 horas, grande parte dos mais de 2 milh\u00f5es de trabalhadores da categoria cruzaram os bra\u00e7os em todo o pa\u00eds, e dezenas de movimentos foram \u00e0s ruas pela aplica\u00e7\u00e3o da Lei do Piso Salarial para enfermeiros, t\u00e9cnicos de enfermagem, auxiliares e [&hellip;]<\/p>\n","protected":false},"author":6,"featured_media":43734,"comment_status":"open","ping_status":"open","sticky":false,"template":"","format":"standard","meta":{"footnotes":""},"categories":[6,818,13,5],"tags":[84,7,721,53,21],"class_list":["post-43733","post","type-post","status-publish","format-standard","has-post-thumbnail","hentry","category-noticias","category-piso-salarial","category-rede-privada","category-rede-publica","tag-df","tag-enfermagem","tag-paralisacao","tag-piso-salarial","tag-sindenfermeiro"],"_links":{"self":[{"href":"https:\/\/sindenfermeiro.com.br\/index.php\/wp-json\/wp\/v2\/posts\/43733","targetHints":{"allow":["GET"]}}],"collection":[{"href":"https:\/\/sindenfermeiro.com.br\/index.php\/wp-json\/wp\/v2\/posts"}],"about":[{"href":"https:\/\/sindenfermeiro.com.br\/index.php\/wp-json\/wp\/v2\/types\/post"}],"author":[{"embeddable":true,"href":"https:\/\/sindenfermeiro.com.br\/index.php\/wp-json\/wp\/v2\/users\/6"}],"replies":[{"embeddable":true,"href":"https:\/\/sindenfermeiro.com.br\/index.php\/wp-json\/wp\/v2\/comments?post=43733"}],"version-history":[{"count":2,"href":"https:\/\/sindenfermeiro.com.br\/index.php\/wp-json\/wp\/v2\/posts\/43733\/revisions"}],"predecessor-version":[{"id":43740,"href":"https:\/\/sindenfermeiro.com.br\/index.php\/wp-json\/wp\/v2\/posts\/43733\/revisions\/43740"}],"wp:featuredmedia":[{"embeddable":true,"href":"https:\/\/sindenfermeiro.com.br\/index.php\/wp-json\/wp\/v2\/media\/43734"}],"wp:attachment":[{"href":"https:\/\/sindenfermeiro.com.br\/index.php\/wp-json\/wp\/v2\/media?parent=43733"}],"wp:term":[{"taxonomy":"category","embeddable":true,"href":"https:\/\/sindenfermeiro.com.br\/index.php\/wp-json\/wp\/v2\/categories?post=43733"},{"taxonomy":"post_tag","embeddable":true,"href":"https:\/\/sindenfermeiro.com.br\/index.php\/wp-json\/wp\/v2\/tags?post=43733"}],"curies":[{"name":"wp","href":"https:\/\/api.w.org\/{rel}","templated":true}]}}