{"id":43729,"date":"2022-09-15T16:24:08","date_gmt":"2022-09-15T19:24:08","guid":{"rendered":"https:\/\/sindenfermeiro.com.br\/?p=43729"},"modified":"2026-04-29T15:21:54","modified_gmt":"2026-04-29T18:21:54","slug":"em-assembleia-enfermeiros-votam-por-paralisacao-de-24h-na-luta-pelo-piso-salarial","status":"publish","type":"post","link":"https:\/\/sindenfermeiro.com.br\/index.php\/2022\/09\/15\/em-assembleia-enfermeiros-votam-por-paralisacao-de-24h-na-luta-pelo-piso-salarial\/","title":{"rendered":"Em assembleia, enfermeiros votam por paralisa\u00e7\u00e3o de 24h na luta pelo Piso Salarial"},"content":{"rendered":"<p><img loading=\"lazy\" decoding=\"async\" class=\"aligncenter wp-image-43730 \" src=\"https:\/\/sindenfermeiro.com.br\/wp-content\/uploads\/2022\/09\/assembleia-15.09-1024x594.jpg\" alt=\"\" width=\"781\" height=\"453\" srcset=\"https:\/\/sindenfermeiro.com.br\/wp-content\/uploads\/2022\/09\/assembleia-15.09-1024x594.jpg 1024w, https:\/\/sindenfermeiro.com.br\/wp-content\/uploads\/2022\/09\/assembleia-15.09-300x174.jpg 300w, https:\/\/sindenfermeiro.com.br\/wp-content\/uploads\/2022\/09\/assembleia-15.09-768x446.jpg 768w, https:\/\/sindenfermeiro.com.br\/wp-content\/uploads\/2022\/09\/assembleia-15.09-1536x891.jpg 1536w, https:\/\/sindenfermeiro.com.br\/wp-content\/uploads\/2022\/09\/assembleia-15.09.jpg 1563w\" sizes=\"auto, (max-width: 781px) 100vw, 781px\" \/><\/p>\n<p>Na manh\u00e3 de hoje (15), cerca de 150 pessoas participaram da Assembleia Geral Virtual organizada pelo SindEnfermeiro-DF para debater sobre as mobiliza\u00e7\u00f5es pelo piso salarial, onde ficou definido por vota\u00e7\u00e3o un\u00e2nime que os enfermeiros do Distrito Federal v\u00e3o aderir \u00e0 paralisa\u00e7\u00e3o nacional da categoria, programada para a pr\u00f3xima quarta (21).<\/p>\n<p>O presidente em exerc\u00edcio do SindEnfermeiro, Jorge Henrique, e a diretora Ursula Nepomoceno conduziram os trabalhos da assembleia, onde tamb\u00e9m foi aberto espa\u00e7o para falas dos enfermeiros, sugest\u00f5es e orienta\u00e7\u00f5es para a manuten\u00e7\u00e3o das mobiliza\u00e7\u00f5es \u2013 que t\u00eam como objetivo pressionar n\u00e3o apenas o STF em rela\u00e7\u00e3o \u00e0 suspens\u00e3o da lei, mas tamb\u00e9m os poderes Executivo e Legislativo pela defini\u00e7\u00e3o imediata das fontes de custeio.<\/p>\n<p><strong>DF vai aderir \u00e0 paralisa\u00e7\u00e3o nacional da Enfermagem<\/strong><\/p>\n<p>A primeira delibera\u00e7\u00e3o da assembleia, aprovada por unanimidade entre os presentes, foi a respeito da convoca\u00e7\u00e3o para a paralisa\u00e7\u00e3o nacional dos profissionais de enfermagem, que ser\u00e1 realizada no pr\u00f3ximo dia 21 de setembro. A ideia \u00e9 que a categoria cruze os bra\u00e7os por 24 horas em protesto pela valoriza\u00e7\u00e3o atrav\u00e9s do piso, mantendo um efetivo m\u00ednimo de trabalhadores para que a popula\u00e7\u00e3o n\u00e3o seja prejudicada.<\/p>\n<p>Os enfermeiros presentes tamb\u00e9m definiram por unanimidade um grupo de representantes em diferentes regi\u00f5es do Distrito Federal para ajudar a coordenar as a\u00e7\u00f5es nas unidades de sa\u00fade. O grupo vai se reunir a partir de amanh\u00e3 (16) para definir os pr\u00f3ximos passos e estrat\u00e9gias da mobiliza\u00e7\u00e3o, e mais informa\u00e7\u00f5es ser\u00e3o divulgadas em breve atrav\u00e9s dos canais de m\u00eddia do SindEnfermeiro.<\/p>\n<p><strong>STF tem ignorado trabalhadores<\/strong><\/p>\n<p>\u201cInfelizmente as movimenta\u00e7\u00f5es do STF \u2013 inclusive na vota\u00e7\u00e3o para manter a suspens\u00e3o, que est\u00e1 5&#215;3 \u2013 sinalizam que a prefer\u00eancia \u00e9 pelo interesse dos patr\u00f4es\u201d, afirmou Jorge. Ele tamb\u00e9m lembrou que as fontes de custeio foram amplamente discutidas quando o ent\u00e3o PL 2564 tramitava no Congresso, o que deu a legalidade necess\u00e1ria ao piso. Para ele, a corte tem sido seletiva quando a pauta atinge diretamente o interesse do trabalhador.<\/p>\n<p>\u201cN\u00f3s n\u00e3o vimos o Judici\u00e1rio se manifestar \u00e0 respeito da reforma trabalhista ou do congelamento de gastos com a EC 95, por exemplo. Essa foi uma medida que precarizou e deixou o trabalhador ainda mais vulner\u00e1vel aos interesses das elites, e mostra que o STF tem um vi\u00e9s classista \u2013 e n\u00e3o \u00e9 o da classe trabalhadora. Por isso, vamos continuar fortalecendo as mobiliza\u00e7\u00f5es nas ruas at\u00e9 que o piso seja finalmente implementado\u201d, finalizou.<\/p>\n","protected":false},"excerpt":{"rendered":"<p>Na manh\u00e3 de hoje (15), cerca de 150 pessoas participaram da Assembleia Geral Virtual organizada pelo SindEnfermeiro-DF para debater sobre as mobiliza\u00e7\u00f5es pelo piso salarial, onde ficou definido por vota\u00e7\u00e3o un\u00e2nime que os enfermeiros do Distrito Federal v\u00e3o aderir \u00e0 paralisa\u00e7\u00e3o nacional da categoria, programada para a pr\u00f3xima quarta (21). O presidente em exerc\u00edcio do [&hellip;]<\/p>\n","protected":false},"author":6,"featured_media":43730,"comment_status":"open","ping_status":"open","sticky":false,"template":"","format":"standard","meta":{"footnotes":""},"categories":[6,818,13,5],"tags":[413,721,53,21],"class_list":["post-43729","post","type-post","status-publish","format-standard","has-post-thumbnail","hentry","category-noticias","category-piso-salarial","category-rede-privada","category-rede-publica","tag-assembleia","tag-paralisacao","tag-piso-salarial","tag-sindenfermeiro"],"_links":{"self":[{"href":"https:\/\/sindenfermeiro.com.br\/index.php\/wp-json\/wp\/v2\/posts\/43729","targetHints":{"allow":["GET"]}}],"collection":[{"href":"https:\/\/sindenfermeiro.com.br\/index.php\/wp-json\/wp\/v2\/posts"}],"about":[{"href":"https:\/\/sindenfermeiro.com.br\/index.php\/wp-json\/wp\/v2\/types\/post"}],"author":[{"embeddable":true,"href":"https:\/\/sindenfermeiro.com.br\/index.php\/wp-json\/wp\/v2\/users\/6"}],"replies":[{"embeddable":true,"href":"https:\/\/sindenfermeiro.com.br\/index.php\/wp-json\/wp\/v2\/comments?post=43729"}],"version-history":[{"count":1,"href":"https:\/\/sindenfermeiro.com.br\/index.php\/wp-json\/wp\/v2\/posts\/43729\/revisions"}],"predecessor-version":[{"id":43731,"href":"https:\/\/sindenfermeiro.com.br\/index.php\/wp-json\/wp\/v2\/posts\/43729\/revisions\/43731"}],"wp:featuredmedia":[{"embeddable":true,"href":"https:\/\/sindenfermeiro.com.br\/index.php\/wp-json\/wp\/v2\/media\/43730"}],"wp:attachment":[{"href":"https:\/\/sindenfermeiro.com.br\/index.php\/wp-json\/wp\/v2\/media?parent=43729"}],"wp:term":[{"taxonomy":"category","embeddable":true,"href":"https:\/\/sindenfermeiro.com.br\/index.php\/wp-json\/wp\/v2\/categories?post=43729"},{"taxonomy":"post_tag","embeddable":true,"href":"https:\/\/sindenfermeiro.com.br\/index.php\/wp-json\/wp\/v2\/tags?post=43729"}],"curies":[{"name":"wp","href":"https:\/\/api.w.org\/{rel}","templated":true}]}}