{"id":43708,"date":"2022-09-06T12:15:53","date_gmt":"2022-09-06T15:15:53","guid":{"rendered":"https:\/\/sindenfermeiro.com.br\/?p=43708"},"modified":"2026-04-29T15:46:17","modified_gmt":"2026-04-29T18:46:17","slug":"piso-salarial-enfermagem-do-df-faz-manifestacao-contra-decisao-do-stf-na-rodoviaria","status":"publish","type":"post","link":"https:\/\/sindenfermeiro.com.br\/index.php\/2022\/09\/06\/piso-salarial-enfermagem-do-df-faz-manifestacao-contra-decisao-do-stf-na-rodoviaria\/","title":{"rendered":"Piso Salarial: Enfermagem do DF faz manifesta\u00e7\u00e3o contra decis\u00e3o do STF na Rodovi\u00e1ria"},"content":{"rendered":"<div id=\"attachment_43712\" style=\"width: 760px\" class=\"wp-caption aligncenter\"><img loading=\"lazy\" decoding=\"async\" aria-describedby=\"caption-attachment-43712\" class=\"wp-image-43712\" src=\"https:\/\/sindenfermeiro.com.br\/wp-content\/uploads\/2022\/09\/MG_8732-1024x683.jpg\" alt=\"\" width=\"750\" height=\"500\" srcset=\"https:\/\/sindenfermeiro.com.br\/wp-content\/uploads\/2022\/09\/MG_8732-1024x683.jpg 1024w, https:\/\/sindenfermeiro.com.br\/wp-content\/uploads\/2022\/09\/MG_8732-300x200.jpg 300w, https:\/\/sindenfermeiro.com.br\/wp-content\/uploads\/2022\/09\/MG_8732-768x512.jpg 768w, https:\/\/sindenfermeiro.com.br\/wp-content\/uploads\/2022\/09\/MG_8732-1536x1024.jpg 1536w, https:\/\/sindenfermeiro.com.br\/wp-content\/uploads\/2022\/09\/MG_8732-2048x1365.jpg 2048w\" sizes=\"auto, (max-width: 750px) 100vw, 750px\" \/><p id=\"caption-attachment-43712\" class=\"wp-caption-text\">Fotos: Pedro Vin\u00edcius\/ASCOM SindEnfermeiro-DF<\/p><\/div>\n<p>Na tarde de ontem (05), a Rodovi\u00e1ria do Plano Piloto foi palco da manifesta\u00e7\u00e3o das enfermeiras e enfermeiros do DF contra a decis\u00e3o do Supremo Tribunal Federal que suspendeu o piso nacional da categoria.<\/p>\n<p>Organizado pelo Sindicato dos Enfermeiros do Distrito Federal (SindEnfermeiro-DF), o ato reuniu centenas de trabalhadores da enfermagem \u2013 que empunharam cartazes, bal\u00f5es e faixas com o objetivo de chamar aten\u00e7\u00e3o para a demanda hist\u00f3rica da categoria, visto que o piso salarial da enfermagem foi aprovado ap\u00f3s anos de luta e suor desses trabalhadores essenciais para a sa\u00fade do Brasil.<\/p>\n<p>O ato teve in\u00edcio por volta de 18 horas, e ocupou inicialmente a \u00e1rea pr\u00f3xima ao BRT, onde os trabalhadores e demais participantes do ato \u2013 entre candidatos a cargos eletivos e movimentos sociais \u2013 tiveram direito \u00e0 fala. Logo ap\u00f3s, os presentes ocuparam as escadarias de acesso \u00e0 plataforma superior, e durante mais de uma hora manifestaram em alto e bom tom o descontentamento com a decis\u00e3o do STF.<\/p>\n<p><strong>Enfermagem n\u00e3o vai desistir<\/strong><\/p>\n<p><img loading=\"lazy\" decoding=\"async\" class=\"aligncenter wp-image-43709 \" src=\"https:\/\/sindenfermeiro.com.br\/wp-content\/uploads\/2022\/09\/MG_8508-1024x683.jpg\" alt=\"\" width=\"728\" height=\"485\" srcset=\"https:\/\/sindenfermeiro.com.br\/wp-content\/uploads\/2022\/09\/MG_8508-1024x683.jpg 1024w, https:\/\/sindenfermeiro.com.br\/wp-content\/uploads\/2022\/09\/MG_8508-300x200.jpg 300w, https:\/\/sindenfermeiro.com.br\/wp-content\/uploads\/2022\/09\/MG_8508-768x512.jpg 768w, https:\/\/sindenfermeiro.com.br\/wp-content\/uploads\/2022\/09\/MG_8508-1536x1024.jpg 1536w, https:\/\/sindenfermeiro.com.br\/wp-content\/uploads\/2022\/09\/MG_8508-2048x1365.jpg 2048w\" sizes=\"auto, (max-width: 728px) 100vw, 728px\" \/><\/p>\n<p>Para o presidente em exerc\u00edcio, Jorge Henrique, a manifesta\u00e7\u00e3o de hoje \u00e9 hist\u00f3rica. &#8220;A enfermagem do DF se levantou e saiu \u00e0s ruas de Bras\u00edlia em um ato muito importante. Conversamos com a popula\u00e7\u00e3o sobre a necessidade do apoio ao piso salarial da enfermagem, mostrando que a decis\u00e3o do ministro Barroso \u00e9 um escracho pois sinaliza claramente a favor dos interesses dos empres\u00e1rios e lobistas da sa\u00fade.&#8221;, destacou Jorge.<\/p>\n<p>Ainda segundo Jorge, &#8220;os trabalhadores conquistaram atrav\u00e9s da lei o piso salarial e nesse momento n\u00e3o temos o reconhecimento do STF. N\u00e3o vamos sair das ruas at\u00e9 o piso ser aplicado efetivamente no DF e em todo o territ\u00f3rio brasileiro, para que a gente conquiste definitivamente essa vit\u00f3ria&#8221;.<\/p>\n<p><strong>Suspens\u00e3o do Piso<\/strong><\/p>\n<p>A decis\u00e3o cautelar do ministro Lu\u00eds Roberto Barroso foi concedida nesse domingo (4) no \u00e2mbito da A\u00e7\u00e3o Direta de Inconstitucionalidade (ADI) 7.222. O ministro deu prazo de 60 dias para que entes p\u00fablicos e privados da \u00e1rea de sa\u00fade informem o impacto financeiro do piso salarial, assim como os riscos para a empregabilidade na \u00e1rea e a possibilidade de eventual redu\u00e7\u00e3o na qualidade dos servi\u00e7os prestados na rede de sa\u00fade.<\/p>\n<p><strong>A import\u00e2ncia do ato<\/strong><\/p>\n<p><img loading=\"lazy\" decoding=\"async\" class=\"aligncenter wp-image-43710 \" src=\"https:\/\/sindenfermeiro.com.br\/wp-content\/uploads\/2022\/09\/MG_8135-1024x683.jpg\" alt=\"\" width=\"723\" height=\"482\" srcset=\"https:\/\/sindenfermeiro.com.br\/wp-content\/uploads\/2022\/09\/MG_8135-1024x683.jpg 1024w, https:\/\/sindenfermeiro.com.br\/wp-content\/uploads\/2022\/09\/MG_8135-300x200.jpg 300w, https:\/\/sindenfermeiro.com.br\/wp-content\/uploads\/2022\/09\/MG_8135-768x512.jpg 768w, https:\/\/sindenfermeiro.com.br\/wp-content\/uploads\/2022\/09\/MG_8135-1536x1024.jpg 1536w, https:\/\/sindenfermeiro.com.br\/wp-content\/uploads\/2022\/09\/MG_8135-2048x1365.jpg 2048w\" sizes=\"auto, (max-width: 723px) 100vw, 723px\" \/><\/p>\n<p>A diretora do SindEnfermeiro, Ursula Nepomoceno, destacou a import\u00e2ncia pol\u00edtica do ato para a enfermagem brasileira como um todo. &#8220;A enfermagem acordou. N\u00f3s n\u00e3o vamos mais aceitar ser escravos. O sucateamento do SUS e que os grandes empres\u00e1rios lucrem com o nosso sangue e suor. O piso \u00e9 nosso!&#8221;, destacou.<\/p>\n<p>O diretor Marcio da Mata ressaltou, durante o ato, que foram os trabalhadores da sa\u00fade \u2013 sobretudo da enfermagem \u2013 os respons\u00e1veis por enfrentar a pandemia e salvar milhares de vidas quando ainda n\u00e3o havia sequer perspectiva de um imunizante para a doen\u00e7a.<\/p>\n<p><img loading=\"lazy\" decoding=\"async\" class=\"aligncenter wp-image-43711 \" src=\"https:\/\/sindenfermeiro.com.br\/wp-content\/uploads\/2022\/09\/MG_8201-1024x769.jpg\" alt=\"\" width=\"720\" height=\"540\" srcset=\"https:\/\/sindenfermeiro.com.br\/wp-content\/uploads\/2022\/09\/MG_8201-1024x769.jpg 1024w, https:\/\/sindenfermeiro.com.br\/wp-content\/uploads\/2022\/09\/MG_8201-300x225.jpg 300w, https:\/\/sindenfermeiro.com.br\/wp-content\/uploads\/2022\/09\/MG_8201-768x577.jpg 768w, https:\/\/sindenfermeiro.com.br\/wp-content\/uploads\/2022\/09\/MG_8201-1536x1154.jpg 1536w, https:\/\/sindenfermeiro.com.br\/wp-content\/uploads\/2022\/09\/MG_8201-2048x1538.jpg 2048w\" sizes=\"auto, (max-width: 720px) 100vw, 720px\" \/><\/p>\n<p>\u201cO piso salarial representa o reconhecimento de uma categoria que passou os \u00faltimos dois anos enfrentando uma pandemia onde no in\u00edcio, ningu\u00e9m sabia o que ia acontecer. E \u00e9 por essas pessoas que estamos lutando, pois elas merecem valoriza\u00e7\u00e3o e a condi\u00e7\u00e3o de poder dar \u00e0s suas fam\u00edlias o m\u00ednimo necess\u00e1rio a uma vida digna\u201d, afirmou.<\/p>\n<p><strong>Movimenta\u00e7\u00f5es do SindEnfermeiro<\/strong><\/p>\n<p>O sindicato est\u00e1 atento a todos os passos do Piso Salarial da categoria, e vai realizar nesta ter\u00e7a (06), \u00e0s 20 horas, uma live para esclarecer as principais d\u00favidas dos profissionais sobre a suspens\u00e3o e falar sobre os impactos negativos da decis\u00e3o, entre outros pontos.<\/p>\n<p>J\u00e1 na quinta (08), o SindEnfermeiro convoca a categoria a participar de assembleia geral virtual para decidir, entre outros pontos, sobre a possibilidade de um movimento grevista.<\/p>\n","protected":false},"excerpt":{"rendered":"<p>Na tarde de ontem (05), a Rodovi\u00e1ria do Plano Piloto foi palco da manifesta\u00e7\u00e3o das enfermeiras e enfermeiros do DF contra a decis\u00e3o do Supremo Tribunal Federal que suspendeu o piso nacional da categoria. Organizado pelo Sindicato dos Enfermeiros do Distrito Federal (SindEnfermeiro-DF), o ato reuniu centenas de trabalhadores da enfermagem \u2013 que empunharam cartazes, [&hellip;]<\/p>\n","protected":false},"author":6,"featured_media":43712,"comment_status":"open","ping_status":"open","sticky":false,"template":"","format":"standard","meta":{"footnotes":""},"categories":[6,818,13,5],"tags":[214,53,21],"class_list":["post-43708","post","type-post","status-publish","format-standard","has-post-thumbnail","hentry","category-noticias","category-piso-salarial","category-rede-privada","category-rede-publica","tag-ato","tag-piso-salarial","tag-sindenfermeiro"],"_links":{"self":[{"href":"https:\/\/sindenfermeiro.com.br\/index.php\/wp-json\/wp\/v2\/posts\/43708","targetHints":{"allow":["GET"]}}],"collection":[{"href":"https:\/\/sindenfermeiro.com.br\/index.php\/wp-json\/wp\/v2\/posts"}],"about":[{"href":"https:\/\/sindenfermeiro.com.br\/index.php\/wp-json\/wp\/v2\/types\/post"}],"author":[{"embeddable":true,"href":"https:\/\/sindenfermeiro.com.br\/index.php\/wp-json\/wp\/v2\/users\/6"}],"replies":[{"embeddable":true,"href":"https:\/\/sindenfermeiro.com.br\/index.php\/wp-json\/wp\/v2\/comments?post=43708"}],"version-history":[{"count":1,"href":"https:\/\/sindenfermeiro.com.br\/index.php\/wp-json\/wp\/v2\/posts\/43708\/revisions"}],"predecessor-version":[{"id":43713,"href":"https:\/\/sindenfermeiro.com.br\/index.php\/wp-json\/wp\/v2\/posts\/43708\/revisions\/43713"}],"wp:featuredmedia":[{"embeddable":true,"href":"https:\/\/sindenfermeiro.com.br\/index.php\/wp-json\/wp\/v2\/media\/43712"}],"wp:attachment":[{"href":"https:\/\/sindenfermeiro.com.br\/index.php\/wp-json\/wp\/v2\/media?parent=43708"}],"wp:term":[{"taxonomy":"category","embeddable":true,"href":"https:\/\/sindenfermeiro.com.br\/index.php\/wp-json\/wp\/v2\/categories?post=43708"},{"taxonomy":"post_tag","embeddable":true,"href":"https:\/\/sindenfermeiro.com.br\/index.php\/wp-json\/wp\/v2\/tags?post=43708"}],"curies":[{"name":"wp","href":"https:\/\/api.w.org\/{rel}","templated":true}]}}