{"id":43704,"date":"2022-08-31T14:15:38","date_gmt":"2022-08-31T17:15:38","guid":{"rendered":"https:\/\/sindenfermeiro.com.br\/?p=43704"},"modified":"2026-04-29T15:44:49","modified_gmt":"2026-04-29T18:44:49","slug":"sindenfermeiro-avalia-condicoes-de-trabalho-e-atendimento-nas-ubss-em-visita-a-sobradinho","status":"publish","type":"post","link":"https:\/\/sindenfermeiro.com.br\/index.php\/2022\/08\/31\/sindenfermeiro-avalia-condicoes-de-trabalho-e-atendimento-nas-ubss-em-visita-a-sobradinho\/","title":{"rendered":"SindEnfermeiro avalia condi\u00e7\u00f5es de trabalho e atendimento nas UBSs em visita \u00e0 Sobradinho"},"content":{"rendered":"<p><img loading=\"lazy\" decoding=\"async\" class=\"aligncenter wp-image-43705 \" src=\"https:\/\/sindenfermeiro.com.br\/wp-content\/uploads\/2022\/08\/WhatsApp-Image-2022-08-31-at-14.03.44.jpeg\" alt=\"\" width=\"763\" height=\"573\" srcset=\"https:\/\/sindenfermeiro.com.br\/wp-content\/uploads\/2022\/08\/WhatsApp-Image-2022-08-31-at-14.03.44.jpeg 1600w, https:\/\/sindenfermeiro.com.br\/wp-content\/uploads\/2022\/08\/WhatsApp-Image-2022-08-31-at-14.03.44-300x225.jpeg 300w, https:\/\/sindenfermeiro.com.br\/wp-content\/uploads\/2022\/08\/WhatsApp-Image-2022-08-31-at-14.03.44-1024x768.jpeg 1024w, https:\/\/sindenfermeiro.com.br\/wp-content\/uploads\/2022\/08\/WhatsApp-Image-2022-08-31-at-14.03.44-768x576.jpeg 768w, https:\/\/sindenfermeiro.com.br\/wp-content\/uploads\/2022\/08\/WhatsApp-Image-2022-08-31-at-14.03.44-1536x1152.jpeg 1536w\" sizes=\"auto, (max-width: 763px) 100vw, 763px\" \/><\/p>\n<p>O Sindicato dos Enfermeiros do Distrito Federal (SindEnfermeiro-DF) est\u00e1 realizando uma s\u00e9rie de visitas \u00e0s unidades de sa\u00fade em todas as regi\u00f5es do Distrito Federal, com o objetivo de conversar com enfermeiros e gestores das unidades e entender as demandas das unidades b\u00e1sicas de sa\u00fade (UBS).<\/p>\n<p>E na tarde de ontem (30), o presidente do SindEnfermeiro Jorge Henrique, o diretor Marcio da Mata e as diretoras Ursula Nepomoceno e Nayara J\u00e9ssica foram at\u00e9 Sobradinho para visitar as Unidades B\u00e1sicas de Sa\u00fade (UBSs) 1 e 2 da cidade, para avaliar o andamento dos fluxos de atendimento \u00e0 popula\u00e7\u00e3o, disponibilidade de insumos e dimensionamento de pessoal.<\/p>\n<p>De acordo com Ursula, \u201cSobradinho \u00e9 uma cidade que precisa de novas unidades b\u00e1sicas com grande urg\u00eancia, pois hoje as duas que existem s\u00e3o insuficientes para cobrir toda a demanda \u2013 especialmente por conta do grande n\u00famero de condom\u00ednios na regi\u00e3o\u201d, afirmou.<\/p>\n<p>Ursula tamb\u00e9m defendeu a necessidade de uma reforma completa na UBS 2. \u201cEssa \u00e9 uma unidade constru\u00edda no in\u00edcio da d\u00e9cada de 1980 e nunca passou por uma reforma ampla. Os pisos e azulejos est\u00e3o danificados, assim como as tubula\u00e7\u00f5es s\u00e3o velhas \u2013 e sabemos que a boa infraestrutura das unidades \u00e9 primordial para a seguran\u00e7a da assist\u00eancia \u00e0 popula\u00e7\u00e3o\u201d, completou.<\/p>\n","protected":false},"excerpt":{"rendered":"<p>O Sindicato dos Enfermeiros do Distrito Federal (SindEnfermeiro-DF) est\u00e1 realizando uma s\u00e9rie de visitas \u00e0s unidades de sa\u00fade em todas as regi\u00f5es do Distrito Federal, com o objetivo de conversar com enfermeiros e gestores das unidades e entender as demandas das unidades b\u00e1sicas de sa\u00fade (UBS). E na tarde de ontem (30), o presidente do [&hellip;]<\/p>\n","protected":false},"author":6,"featured_media":43705,"comment_status":"open","ping_status":"open","sticky":false,"template":"","format":"standard","meta":{"footnotes":""},"categories":[6,5],"tags":[21,356,787],"class_list":["post-43704","post","type-post","status-publish","format-standard","has-post-thumbnail","hentry","category-noticias","category-rede-publica","tag-sindenfermeiro","tag-ubs","tag-visitas"],"_links":{"self":[{"href":"https:\/\/sindenfermeiro.com.br\/index.php\/wp-json\/wp\/v2\/posts\/43704","targetHints":{"allow":["GET"]}}],"collection":[{"href":"https:\/\/sindenfermeiro.com.br\/index.php\/wp-json\/wp\/v2\/posts"}],"about":[{"href":"https:\/\/sindenfermeiro.com.br\/index.php\/wp-json\/wp\/v2\/types\/post"}],"author":[{"embeddable":true,"href":"https:\/\/sindenfermeiro.com.br\/index.php\/wp-json\/wp\/v2\/users\/6"}],"replies":[{"embeddable":true,"href":"https:\/\/sindenfermeiro.com.br\/index.php\/wp-json\/wp\/v2\/comments?post=43704"}],"version-history":[{"count":1,"href":"https:\/\/sindenfermeiro.com.br\/index.php\/wp-json\/wp\/v2\/posts\/43704\/revisions"}],"predecessor-version":[{"id":43706,"href":"https:\/\/sindenfermeiro.com.br\/index.php\/wp-json\/wp\/v2\/posts\/43704\/revisions\/43706"}],"wp:featuredmedia":[{"embeddable":true,"href":"https:\/\/sindenfermeiro.com.br\/index.php\/wp-json\/wp\/v2\/media\/43705"}],"wp:attachment":[{"href":"https:\/\/sindenfermeiro.com.br\/index.php\/wp-json\/wp\/v2\/media?parent=43704"}],"wp:term":[{"taxonomy":"category","embeddable":true,"href":"https:\/\/sindenfermeiro.com.br\/index.php\/wp-json\/wp\/v2\/categories?post=43704"},{"taxonomy":"post_tag","embeddable":true,"href":"https:\/\/sindenfermeiro.com.br\/index.php\/wp-json\/wp\/v2\/tags?post=43704"}],"curies":[{"name":"wp","href":"https:\/\/api.w.org\/{rel}","templated":true}]}}