{"id":43694,"date":"2022-08-17T11:45:20","date_gmt":"2022-08-17T14:45:20","guid":{"rendered":"https:\/\/sindenfermeiro.com.br\/?p=43694"},"modified":"2026-04-29T15:46:09","modified_gmt":"2026-04-29T18:46:09","slug":"sindenfermeiro-vai-a-ubss-no-paranoa-para-avaliar-condicoes-de-trabalho-e-atendimento-a-populacao","status":"publish","type":"post","link":"https:\/\/sindenfermeiro.com.br\/index.php\/2022\/08\/17\/sindenfermeiro-vai-a-ubss-no-paranoa-para-avaliar-condicoes-de-trabalho-e-atendimento-a-populacao\/","title":{"rendered":"SindEnfermeiro vai a UBSs no Parano\u00e1 para avaliar condi\u00e7\u00f5es de trabalho e atendimento \u00e0 popula\u00e7\u00e3o"},"content":{"rendered":"<style type=\"text\/css\">\n#foogallery-gallery-43702 .fg-image { width: 640px; }<\/style>\n\t\t\t<div class=\"foogallery foogallery-container foogallery-image-viewer foogallery-link-image foogallery-lightbox-none fg-center fg-image-viewer fg-ready fg-light fg-border-thin fg-shadow-outline fg-loading-default fg-loaded-fade-in fg-caption-hover fg-hover-fade fg-hover-zoom\" id=\"foogallery-gallery-43702\" data-foogallery=\"{&quot;item&quot;:{&quot;showCaptionTitle&quot;:true,&quot;showCaptionDescription&quot;:true},&quot;lazy&quot;:true,&quot;template&quot;:{&quot;loop&quot;:true}}\" style=\"--fg-title-line-clamp: 0; --fg-description-line-clamp: 0;\" >\n\t<div class=\"fiv-inner\">\n\t\t<div class=\"fiv-inner-container\">\n\t\t\t<div class=\"fg-item fg-type-image fg-idle\"><figure class=\"fg-item-inner\"><a href=\"https:\/\/sindenfermeiro.com.br\/wp-content\/uploads\/2022\/08\/WhatsApp-Image-2022-08-16-at-17.46.48.jpeg\" data-attachment-id=\"43698\" data-type=\"image\" class=\"fg-thumb\"><span class=\"fg-image-wrap\"><img fetchpriority=\"high\" decoding=\"async\" width=\"640\" height=\"360\" class=\"skip-lazy fg-image\" data-src-fg=\"https:\/\/sindenfermeiro.com.br\/wp-content\/uploads\/cache\/2022\/08\/WhatsApp-Image-2022-08-16-at-17_46_48\/1526722653.jpeg\" src=\"data:image\/svg+xml,%3Csvg%20xmlns%3D%22http%3A%2F%2Fwww.w3.org%2F2000%2Fsvg%22%20width%3D%22640%22%20height%3D%22360%22%20viewBox%3D%220%200%20640%20360%22%3E%3C%2Fsvg%3E\" loading=\"eager\"><\/span><span class=\"fg-image-overlay\"><\/span><\/a><\/figure><div class=\"fg-loader\"><\/div><\/div><div class=\"fg-item fg-type-image fg-idle\"><figure class=\"fg-item-inner\"><a href=\"https:\/\/sindenfermeiro.com.br\/wp-content\/uploads\/2022\/08\/WhatsApp-Image-2022-08-16-at-17.47.21.jpeg\" data-attachment-id=\"43697\" data-type=\"image\" class=\"fg-thumb\"><span class=\"fg-image-wrap\"><img decoding=\"async\" width=\"640\" height=\"360\" class=\"skip-lazy fg-image\" data-src-fg=\"https:\/\/sindenfermeiro.com.br\/wp-content\/uploads\/cache\/2022\/08\/WhatsApp-Image-2022-08-16-at-17_47_21\/828150608.jpeg\" src=\"data:image\/svg+xml,%3Csvg%20xmlns%3D%22http%3A%2F%2Fwww.w3.org%2F2000%2Fsvg%22%20width%3D%22640%22%20height%3D%22360%22%20viewBox%3D%220%200%20640%20360%22%3E%3C%2Fsvg%3E\" loading=\"eager\"><\/span><span class=\"fg-image-overlay\"><\/span><\/a><\/figure><div class=\"fg-loader\"><\/div><\/div><div class=\"fg-item fg-type-image fg-idle\"><figure class=\"fg-item-inner\"><a href=\"https:\/\/sindenfermeiro.com.br\/wp-content\/uploads\/2022\/08\/WhatsApp-Image-2022-08-16-at-17.47.22.jpeg\" data-attachment-id=\"43696\" data-type=\"image\" class=\"fg-thumb\"><span class=\"fg-image-wrap\"><img decoding=\"async\" width=\"640\" height=\"360\" class=\"skip-lazy fg-image\" data-src-fg=\"https:\/\/sindenfermeiro.com.br\/wp-content\/uploads\/cache\/2022\/08\/WhatsApp-Image-2022-08-16-at-17_47_22\/2983234568.jpeg\" src=\"data:image\/svg+xml,%3Csvg%20xmlns%3D%22http%3A%2F%2Fwww.w3.org%2F2000%2Fsvg%22%20width%3D%22640%22%20height%3D%22360%22%20viewBox%3D%220%200%20640%20360%22%3E%3C%2Fsvg%3E\" loading=\"eager\"><\/span><span class=\"fg-image-overlay\"><\/span><\/a><\/figure><div class=\"fg-loader\"><\/div><\/div><div class=\"fg-item fg-type-image fg-idle\"><figure class=\"fg-item-inner\"><a href=\"https:\/\/sindenfermeiro.com.br\/wp-content\/uploads\/2022\/08\/WhatsApp-Image-2022-08-16-at-17.47.24.jpeg\" data-attachment-id=\"43695\" data-type=\"image\" class=\"fg-thumb\"><span class=\"fg-image-wrap\"><img decoding=\"async\" width=\"640\" height=\"360\" class=\"skip-lazy fg-image\" data-src-fg=\"https:\/\/sindenfermeiro.com.br\/wp-content\/uploads\/cache\/2022\/08\/WhatsApp-Image-2022-08-16-at-17_47_24\/3535312740.jpeg\" src=\"data:image\/svg+xml,%3Csvg%20xmlns%3D%22http%3A%2F%2Fwww.w3.org%2F2000%2Fsvg%22%20width%3D%22640%22%20height%3D%22360%22%20viewBox%3D%220%200%20640%20360%22%3E%3C%2Fsvg%3E\" loading=\"eager\"><\/span><span class=\"fg-image-overlay\"><\/span><\/a><\/figure><div class=\"fg-loader\"><\/div><\/div>\t\t<\/div>\n\t\t<div class=\"fiv-ctrls\">\n\t\t\t<button type=\"button\" class=\"fiv-prev\" title=\"Prev\"><span>Prev<\/span><\/button>\n\t\t\t<label class=\"fiv-count\"><span class=\"fiv-count-current\">1<\/span>of<span class=\"fiv-count-total\">4<\/span><\/label>\n\t\t\t<button type=\"button\" class=\"fiv-next\" title=\"Next\"><span>Next<\/span><\/button>\n\t\t<\/div>\n\t<\/div>\n<\/div>\n<p>O Sindicato dos Enfermeiros do Distrito Federal (SindEnfermeiro-DF) est\u00e1 realizando uma s\u00e9rie de visitas \u00e0s unidades de sa\u00fade em todas as regi\u00f5es do Distrito Federal, com o objetivo de conversar com enfermeiros e gestores das unidades e entender as demandas das unidades b\u00e1sicas de sa\u00fade (UBS).<\/p>\n<p>Nesta ter\u00e7a-feira, (16), as visitas foram realizadas no Parano\u00e1, onde a diretora Ursula Nepomoceno esteve nas unidades b\u00e1sicas 01, 02 e 03 da cidade para avaliar os fluxos de atendimento, disponibilidade de insumos da unidade e dimensionamento de pessoal.  <\/p>\n<p>De acordo com Ursula, &#8220;as visitas s\u00e3o muito importantes pois estamos vendo  as diversas realidades de cada regi\u00e3o de sa\u00fade do DF. A empresa BRA que presta servi\u00e7o de limpeza a algumas unidades  da Secretaria de Sa\u00fade continua sem entregar os materiais m\u00ednimos.  Algumas unidades  precisam de melhorias na infraestrutura f\u00edsica e necessidade de aquisi\u00e7\u00e3o de um DEA. Tamb\u00e9m identificamos a aus\u00eancia de m\u00e9dicos em algumas equipes de sa\u00fade.&#8221; relata. <\/p>\n<p>&#8220;A popula\u00e7\u00e3o do Parano\u00e1 cresceu muito e a cidade necessita de constru\u00e7\u00e3o de uma nova Unidade de Sa\u00fade para que haja a redistribui\u00e7\u00e3o de mais de 10 equipes de Estrat\u00e9gia Sa\u00fade da Fam\u00edlia  que existem nas UBSs 1 e 3 que atendem tamb\u00e9m a \u00e1rea rural.&#8221;, finaliza Ursula. <\/p>\n","protected":false},"excerpt":{"rendered":"<p>O Sindicato dos Enfermeiros do Distrito Federal (SindEnfermeiro-DF) est\u00e1 realizando uma s\u00e9rie de visitas \u00e0s unidades de sa\u00fade em todas as regi\u00f5es do Distrito Federal, com o objetivo de conversar com enfermeiros e gestores das unidades e entender as demandas das unidades b\u00e1sicas de sa\u00fade (UBS). Nesta ter\u00e7a-feira, (16), as visitas foram realizadas no Parano\u00e1, [&hellip;]<\/p>\n","protected":false},"author":6,"featured_media":43696,"comment_status":"open","ping_status":"open","sticky":false,"template":"","format":"standard","meta":{"footnotes":""},"categories":[6,5],"tags":[],"class_list":["post-43694","post","type-post","status-publish","format-standard","has-post-thumbnail","hentry","category-noticias","category-rede-publica"],"_links":{"self":[{"href":"https:\/\/sindenfermeiro.com.br\/index.php\/wp-json\/wp\/v2\/posts\/43694","targetHints":{"allow":["GET"]}}],"collection":[{"href":"https:\/\/sindenfermeiro.com.br\/index.php\/wp-json\/wp\/v2\/posts"}],"about":[{"href":"https:\/\/sindenfermeiro.com.br\/index.php\/wp-json\/wp\/v2\/types\/post"}],"author":[{"embeddable":true,"href":"https:\/\/sindenfermeiro.com.br\/index.php\/wp-json\/wp\/v2\/users\/6"}],"replies":[{"embeddable":true,"href":"https:\/\/sindenfermeiro.com.br\/index.php\/wp-json\/wp\/v2\/comments?post=43694"}],"version-history":[{"count":2,"href":"https:\/\/sindenfermeiro.com.br\/index.php\/wp-json\/wp\/v2\/posts\/43694\/revisions"}],"predecessor-version":[{"id":43703,"href":"https:\/\/sindenfermeiro.com.br\/index.php\/wp-json\/wp\/v2\/posts\/43694\/revisions\/43703"}],"wp:featuredmedia":[{"embeddable":true,"href":"https:\/\/sindenfermeiro.com.br\/index.php\/wp-json\/wp\/v2\/media\/43696"}],"wp:attachment":[{"href":"https:\/\/sindenfermeiro.com.br\/index.php\/wp-json\/wp\/v2\/media?parent=43694"}],"wp:term":[{"taxonomy":"category","embeddable":true,"href":"https:\/\/sindenfermeiro.com.br\/index.php\/wp-json\/wp\/v2\/categories?post=43694"},{"taxonomy":"post_tag","embeddable":true,"href":"https:\/\/sindenfermeiro.com.br\/index.php\/wp-json\/wp\/v2\/tags?post=43694"}],"curies":[{"name":"wp","href":"https:\/\/api.w.org\/{rel}","templated":true}]}}