{"id":43690,"date":"2022-08-16T15:40:25","date_gmt":"2022-08-16T18:40:25","guid":{"rendered":"https:\/\/sindenfermeiro.com.br\/?p=43690"},"modified":"2026-04-29T15:46:09","modified_gmt":"2026-04-29T18:46:09","slug":"sindenfermeiro-aben-e-cas-da-enfermagem-se-reunem-para-debater-o-movimento-estudantil-no-df","status":"publish","type":"post","link":"https:\/\/sindenfermeiro.com.br\/index.php\/2022\/08\/16\/sindenfermeiro-aben-e-cas-da-enfermagem-se-reunem-para-debater-o-movimento-estudantil-no-df\/","title":{"rendered":"SindEnfermeiro, ABEn e CAs da Enfermagem se re\u00fanem para debater o movimento estudantil no DF"},"content":{"rendered":"<p><img loading=\"lazy\" decoding=\"async\" class=\"size-medium wp-image-43691 aligncenter\" src=\"https:\/\/sindenfermeiro.com.br\/wp-content\/uploads\/2022\/08\/WhatsApp-Image-2022-08-16-at-10.49.08-300x225.jpeg\" alt=\"\" width=\"300\" height=\"225\" srcset=\"https:\/\/sindenfermeiro.com.br\/wp-content\/uploads\/2022\/08\/WhatsApp-Image-2022-08-16-at-10.49.08-300x225.jpeg 300w, https:\/\/sindenfermeiro.com.br\/wp-content\/uploads\/2022\/08\/WhatsApp-Image-2022-08-16-at-10.49.08-1024x768.jpeg 1024w, https:\/\/sindenfermeiro.com.br\/wp-content\/uploads\/2022\/08\/WhatsApp-Image-2022-08-16-at-10.49.08-768x576.jpeg 768w, https:\/\/sindenfermeiro.com.br\/wp-content\/uploads\/2022\/08\/WhatsApp-Image-2022-08-16-at-10.49.08-1536x1152.jpeg 1536w, https:\/\/sindenfermeiro.com.br\/wp-content\/uploads\/2022\/08\/WhatsApp-Image-2022-08-16-at-10.49.08.jpeg 1600w\" sizes=\"auto, (max-width: 300px) 100vw, 300px\" \/><\/p>\n<p>Na noite da \u00faltima segunda-feira (15), o SindEnfermeiro participou de uma reuni\u00e3o com os Centros Acad\u00eamicos (CA) de Enfermagem de algumas institui\u00e7\u00f5es de ensino do DF. A inten\u00e7\u00e3o do encontro foi a reativa\u00e7\u00e3o das ligas acad\u00eamicas e dos CAs para que juntos seja organizado um encontro distrital dos estudantes de enfermagem.<\/p>\n<p>&#8220;O encontro tamb\u00e9m serviu para tra\u00e7ar estrat\u00e9gias para a reorganiza\u00e7\u00e3o dos estudantes de enfermagem e de outros cursos da sa\u00fade, para que juntos possam refletir sobre o processo educacional vigente e nos colocando contra o modelo de educa\u00e7\u00e3o \u00e0 dist\u00e2ncia para os cursos na \u00e1rea da sa\u00fade e do fortalecimento do Sistema \u00danico de Sa\u00fade&#8221;, ressaltou o diretor do sindicato, Rangel Fernandes.<\/p>\n<p>Tamb\u00e9m participaram do encontro o diretor do SindEnfermeiro, Marcos Cavalcante, a diretora da ABEn-DF, Karine Afonseca e representantes dos CAs de Enfermagem da Universidade de Bras\u00edlia, Universidade Cat\u00f3lica de Bras\u00edlia, Escola Superior de Ci\u00eancias da Sa\u00fade, as ligas de enfermagem o Centro Universit\u00e1rio Est\u00e1cio e o CA de Medicina da UCB.<\/p>\n","protected":false},"excerpt":{"rendered":"<p>Na noite da \u00faltima segunda-feira (15), o SindEnfermeiro participou de uma reuni\u00e3o com os Centros Acad\u00eamicos (CA) de Enfermagem de algumas institui\u00e7\u00f5es de ensino do DF. A inten\u00e7\u00e3o do encontro foi a reativa\u00e7\u00e3o das ligas acad\u00eamicas e dos CAs para que juntos seja organizado um encontro distrital dos estudantes de enfermagem. &#8220;O encontro tamb\u00e9m serviu [&hellip;]<\/p>\n","protected":false},"author":6,"featured_media":43691,"comment_status":"open","ping_status":"open","sticky":false,"template":"","format":"standard","meta":{"footnotes":""},"categories":[6,13],"tags":[7,842],"class_list":["post-43690","post","type-post","status-publish","format-standard","has-post-thumbnail","hentry","category-noticias","category-rede-privada","tag-enfermagem","tag-movimento-estudantil"],"_links":{"self":[{"href":"https:\/\/sindenfermeiro.com.br\/index.php\/wp-json\/wp\/v2\/posts\/43690","targetHints":{"allow":["GET"]}}],"collection":[{"href":"https:\/\/sindenfermeiro.com.br\/index.php\/wp-json\/wp\/v2\/posts"}],"about":[{"href":"https:\/\/sindenfermeiro.com.br\/index.php\/wp-json\/wp\/v2\/types\/post"}],"author":[{"embeddable":true,"href":"https:\/\/sindenfermeiro.com.br\/index.php\/wp-json\/wp\/v2\/users\/6"}],"replies":[{"embeddable":true,"href":"https:\/\/sindenfermeiro.com.br\/index.php\/wp-json\/wp\/v2\/comments?post=43690"}],"version-history":[{"count":1,"href":"https:\/\/sindenfermeiro.com.br\/index.php\/wp-json\/wp\/v2\/posts\/43690\/revisions"}],"predecessor-version":[{"id":43692,"href":"https:\/\/sindenfermeiro.com.br\/index.php\/wp-json\/wp\/v2\/posts\/43690\/revisions\/43692"}],"wp:featuredmedia":[{"embeddable":true,"href":"https:\/\/sindenfermeiro.com.br\/index.php\/wp-json\/wp\/v2\/media\/43691"}],"wp:attachment":[{"href":"https:\/\/sindenfermeiro.com.br\/index.php\/wp-json\/wp\/v2\/media?parent=43690"}],"wp:term":[{"taxonomy":"category","embeddable":true,"href":"https:\/\/sindenfermeiro.com.br\/index.php\/wp-json\/wp\/v2\/categories?post=43690"},{"taxonomy":"post_tag","embeddable":true,"href":"https:\/\/sindenfermeiro.com.br\/index.php\/wp-json\/wp\/v2\/tags?post=43690"}],"curies":[{"name":"wp","href":"https:\/\/api.w.org\/{rel}","templated":true}]}}