{"id":43687,"date":"2022-08-15T17:36:40","date_gmt":"2022-08-15T20:36:40","guid":{"rendered":"https:\/\/sindenfermeiro.com.br\/?p=43687"},"modified":"2026-04-29T16:48:19","modified_gmt":"2026-04-29T19:48:19","slug":"situacao-da-aps-e-debatida-em-assembleia-do-sindenfermeiro","status":"publish","type":"post","link":"https:\/\/sindenfermeiro.com.br\/index.php\/2022\/08\/15\/situacao-da-aps-e-debatida-em-assembleia-do-sindenfermeiro\/","title":{"rendered":"Situa\u00e7\u00e3o da APS \u00e9 debatida em assembleia do SindEnfermeiro"},"content":{"rendered":"<p>Na noite da \u00faltima quinta (12), o Sindicato dos Enfermeiros do Distrito Federal (SindEnfermeiro-DF) realizou assembleia com os enfermeiros que atuam na Aten\u00e7\u00e3o Prim\u00e1ria em Sa\u00fade. Com in\u00edcio \u00e0s 19h15, a assembleia foi mediada pelo presidente em exerc\u00edcio do SindEnfermeiro, Jorge Henrique, e pelos diretores M\u00e1rcio da Mata e Ursula Nepomoceno.<\/p>\n<p>A assembleia teve como objetivo debater a situa\u00e7\u00e3o da Aten\u00e7\u00e3o Prim\u00e1ria em Sa\u00fade e fazer um diagn\u00f3stico dos problemas que envolvem a APS atualmente no DF. Durante o encontro, os representantes do sindicato expuseram as a\u00e7\u00f5es que est\u00e3o sendo feitas politicamente em defesa dos trabalhadores que j\u00e1 est\u00e3o na APS e para os concursados que deveriam estar alocados l\u00e1 tamb\u00e9m.<\/p>\n<p>Al\u00e9m disso, os enfermeiros tamb\u00e9m puderam relatar os problemas e as dificuldades que est\u00e3o sendo enfrentados no dia a dia da Aten\u00e7\u00e3o Prim\u00e1ria. Entre as principais queixas est\u00e3o a &#8220;falta de FAZER SA\u00daDE DA FAM\u00cdLIA E COMUNIDADE&#8221;. Os profissionais tamb\u00e9m expuseram o fato do atendimento \u00e0 demanda espont\u00e2nea estar transformando as UBSs quase que em UPAS, j\u00e1 que estas est\u00e3o atendendo quase que de portas fechadas.<\/p>\n<p><strong>A categoria precisa participar<\/strong><\/p>\n<p>A diretora do SindEnfermeiro, Ursula Nepomoceno chamou aten\u00e7\u00e3o para a pouca ades\u00e3o dos trabalhadores aos chamamentos do sindicato. &#8220;A categoria precisa participar mais para discutir n\u00e3o apenas os problemas, mas propor melhorias e sugest\u00f5es para que sejam levadas \u00e0 mesa de negocia\u00e7\u00e3o da Secretaria de Sa\u00fade&#8221;, afirmou a diretora.<\/p>\n<p>&#8220;N\u00f3s s\u00f3 iremos conseguir melhorias para a APS quando nos mobilizarmos para isso acontecer. N\u00f3s temos uma falta de infraestrutura nas UBS, problema de recursos humanos, e cada vez mais os pacientes est\u00e3o usando as unidades b\u00e1sicas como porta de entrada. No entanto, como servidores p\u00fablicos, precisamos lutar por mais financiamento p\u00fablico para a Aten\u00e7\u00e3o Prim\u00e1ria&#8221;, completou Ursula.<\/p>\n<p><strong>Dificuldades da APS<\/strong><\/p>\n<p>De acordo com o presidente do SindEnfermeiro, Jorge Henrique, existe uma dificuldade na implementa\u00e7\u00e3o da Estrat\u00e9gia em Sa\u00fade da Fam\u00edlia por parte da APS, uma vez que ela est\u00e1 voltada para o atendimento de demandas espont\u00e2neas. &#8220;N\u00e3o existe uma organiza\u00e7\u00e3o central por parte da Secretaria de Sa\u00fade em estabelecer fluxos com a regionais, educa\u00e7\u00e3o continuada para fortalecer a percep\u00e7\u00e3o dos enfermeiros e de outros profissionais.&#8221;, pontuou Jorge.<\/p>\n<p>&#8220;O sindicato tem feito essa discuss\u00e3o como forma de melhorar os processos de trabalho e gest\u00e3o. Pra isso, n\u00f3s temos proposto reuni\u00f5es peri\u00f3dicas com a SES no intuito de encontrar solu\u00e7\u00f5es conjuntos para os problemas da Aten\u00e7\u00e3o Prim\u00e1ria. Inclusive, a nota t\u00e9cnica do acolhimento ela surgiu como forma de aumentar a sensibilidade das UBS em rela\u00e7\u00e3o \u00e0s demandas da popula\u00e7\u00e3o e fortalecer a APS com o recrutamento de mais enfermeiros de Sa\u00fade de Fam\u00edlia para a Aten\u00e7\u00e3o Prim\u00e1ria&#8221;, descreveu Jorge.<\/p>\n<p>&#8220;N\u00f3s avaliamos que e muito importante fazermos a discuss\u00e3o sobre a necessidade de reestruturar a carreira de enfermeiros considerando a possibilidade dos enfermeiros generalistas fazerem a convers\u00e3o para a sa\u00fade da fam\u00edlia. Al\u00e9m disso, \u00e9 necess\u00e1rio considerar o fortalecimento da Aten\u00e7\u00e3o Prim\u00e1ria com os enfermeiros de 2018. Muitos est\u00e3o em hospitais, mas est\u00e3o aguardando ir para a sa\u00fade da fam\u00edlia. Isso possibilitaria a expans\u00e3o da Estrat\u00e9gia em Sa\u00fade da Fam\u00edlia com o aumento de equipes de sa\u00fade da fam\u00edlia nas UBS, ainda mais porque existe um vazio assistencial grande no DF. Tudo isso \u00e9 muito importante para consolidarmos o processo de transforma\u00e7\u00e3o do modelo tradicional para o modelo de estrat\u00e9gia em sa\u00fade da fam\u00edlia&#8221;, completou Jorge.<\/p>\n","protected":false},"excerpt":{"rendered":"<p>Na noite da \u00faltima quinta (12), o Sindicato dos Enfermeiros do Distrito Federal (SindEnfermeiro-DF) realizou assembleia com os enfermeiros que atuam na Aten\u00e7\u00e3o Prim\u00e1ria em Sa\u00fade. Com in\u00edcio \u00e0s 19h15, a assembleia foi mediada pelo presidente em exerc\u00edcio do SindEnfermeiro, Jorge Henrique, e pelos diretores M\u00e1rcio da Mata e Ursula Nepomoceno. A assembleia teve como [&hellip;]<\/p>\n","protected":false},"author":6,"featured_media":43688,"comment_status":"open","ping_status":"open","sticky":false,"template":"","format":"standard","meta":{"footnotes":""},"categories":[6,5],"tags":[347,841,7,21],"class_list":["post-43687","post","type-post","status-publish","format-standard","has-post-thumbnail","hentry","category-noticias","category-rede-publica","tag-aps","tag-atencao-primaria-em-saude","tag-enfermagem","tag-sindenfermeiro"],"_links":{"self":[{"href":"https:\/\/sindenfermeiro.com.br\/index.php\/wp-json\/wp\/v2\/posts\/43687","targetHints":{"allow":["GET"]}}],"collection":[{"href":"https:\/\/sindenfermeiro.com.br\/index.php\/wp-json\/wp\/v2\/posts"}],"about":[{"href":"https:\/\/sindenfermeiro.com.br\/index.php\/wp-json\/wp\/v2\/types\/post"}],"author":[{"embeddable":true,"href":"https:\/\/sindenfermeiro.com.br\/index.php\/wp-json\/wp\/v2\/users\/6"}],"replies":[{"embeddable":true,"href":"https:\/\/sindenfermeiro.com.br\/index.php\/wp-json\/wp\/v2\/comments?post=43687"}],"version-history":[{"count":1,"href":"https:\/\/sindenfermeiro.com.br\/index.php\/wp-json\/wp\/v2\/posts\/43687\/revisions"}],"predecessor-version":[{"id":43689,"href":"https:\/\/sindenfermeiro.com.br\/index.php\/wp-json\/wp\/v2\/posts\/43687\/revisions\/43689"}],"wp:featuredmedia":[{"embeddable":true,"href":"https:\/\/sindenfermeiro.com.br\/index.php\/wp-json\/wp\/v2\/media\/43688"}],"wp:attachment":[{"href":"https:\/\/sindenfermeiro.com.br\/index.php\/wp-json\/wp\/v2\/media?parent=43687"}],"wp:term":[{"taxonomy":"category","embeddable":true,"href":"https:\/\/sindenfermeiro.com.br\/index.php\/wp-json\/wp\/v2\/categories?post=43687"},{"taxonomy":"post_tag","embeddable":true,"href":"https:\/\/sindenfermeiro.com.br\/index.php\/wp-json\/wp\/v2\/tags?post=43687"}],"curies":[{"name":"wp","href":"https:\/\/api.w.org\/{rel}","templated":true}]}}