{"id":43683,"date":"2022-08-13T13:17:28","date_gmt":"2022-08-13T16:17:28","guid":{"rendered":"https:\/\/sindenfermeiro.com.br\/?p=43683"},"modified":"2026-04-29T15:44:22","modified_gmt":"2026-04-29T18:44:22","slug":"nota-de-pesar-enfo-guilherme-henrique-dos-santos","status":"publish","type":"post","link":"https:\/\/sindenfermeiro.com.br\/index.php\/2022\/08\/13\/nota-de-pesar-enfo-guilherme-henrique-dos-santos\/","title":{"rendered":"NOTA DE PESAR: Enf\u00ba Guilherme Henrique dos Santos"},"content":{"rendered":"<p>O Sindicato dos Enfermeiros do Distrito Federal (SindEnfermeiro-DF) vem, por meio desta nota, lamentar profundamente o falecimento do enfermeiro Guilherme Henrique dos Santos.<\/p>\n<p>Como entidade que representa os enfermeiros do Distrito Federal, gostar\u00edamos de enaltecer a dedica\u00e7\u00e3o de Guilherme em sua atua\u00e7\u00e3o como enfermeiro na UPA 2 de Ceil\u00e2ndia.<\/p>\n<p>O SindEnfermeiro, enquanto entidade representativa dos profissionais de Enfermagem do DF, se coloca \u00e0 disposi\u00e7\u00e3o da fam\u00edlia para ajudar no que for poss\u00edvel, bem como agradece imensamente por toda a dedica\u00e7\u00e3o de Guilherme em seu trabalho.<\/p>\n<p>Obrigado por tudo, Guilherme!<\/p>\n","protected":false},"excerpt":{"rendered":"<p>O Sindicato dos Enfermeiros do Distrito Federal (SindEnfermeiro-DF) vem, por meio desta nota, lamentar profundamente o falecimento do enfermeiro Guilherme Henrique dos Santos. Como entidade que representa os enfermeiros do Distrito Federal, gostar\u00edamos de enaltecer a dedica\u00e7\u00e3o de Guilherme em sua atua\u00e7\u00e3o como enfermeiro na UPA 2 de Ceil\u00e2ndia. O SindEnfermeiro, enquanto entidade representativa dos [&hellip;]<\/p>\n","protected":false},"author":6,"featured_media":43684,"comment_status":"open","ping_status":"open","sticky":false,"template":"","format":"standard","meta":{"footnotes":""},"categories":[6,13],"tags":[],"class_list":["post-43683","post","type-post","status-publish","format-standard","has-post-thumbnail","hentry","category-noticias","category-rede-privada"],"_links":{"self":[{"href":"https:\/\/sindenfermeiro.com.br\/index.php\/wp-json\/wp\/v2\/posts\/43683","targetHints":{"allow":["GET"]}}],"collection":[{"href":"https:\/\/sindenfermeiro.com.br\/index.php\/wp-json\/wp\/v2\/posts"}],"about":[{"href":"https:\/\/sindenfermeiro.com.br\/index.php\/wp-json\/wp\/v2\/types\/post"}],"author":[{"embeddable":true,"href":"https:\/\/sindenfermeiro.com.br\/index.php\/wp-json\/wp\/v2\/users\/6"}],"replies":[{"embeddable":true,"href":"https:\/\/sindenfermeiro.com.br\/index.php\/wp-json\/wp\/v2\/comments?post=43683"}],"version-history":[{"count":2,"href":"https:\/\/sindenfermeiro.com.br\/index.php\/wp-json\/wp\/v2\/posts\/43683\/revisions"}],"predecessor-version":[{"id":43686,"href":"https:\/\/sindenfermeiro.com.br\/index.php\/wp-json\/wp\/v2\/posts\/43683\/revisions\/43686"}],"wp:featuredmedia":[{"embeddable":true,"href":"https:\/\/sindenfermeiro.com.br\/index.php\/wp-json\/wp\/v2\/media\/43684"}],"wp:attachment":[{"href":"https:\/\/sindenfermeiro.com.br\/index.php\/wp-json\/wp\/v2\/media?parent=43683"}],"wp:term":[{"taxonomy":"category","embeddable":true,"href":"https:\/\/sindenfermeiro.com.br\/index.php\/wp-json\/wp\/v2\/categories?post=43683"},{"taxonomy":"post_tag","embeddable":true,"href":"https:\/\/sindenfermeiro.com.br\/index.php\/wp-json\/wp\/v2\/tags?post=43683"}],"curies":[{"name":"wp","href":"https:\/\/api.w.org\/{rel}","templated":true}]}}