{"id":43679,"date":"2022-08-12T15:35:57","date_gmt":"2022-08-12T18:35:57","guid":{"rendered":"https:\/\/sindenfermeiro.com.br\/?p=43679"},"modified":"2026-04-29T15:46:03","modified_gmt":"2026-04-29T18:46:03","slug":"piso-salarial-da-enfermagem-fuenf-se-reune-para-tracar-estrategias","status":"publish","type":"post","link":"https:\/\/sindenfermeiro.com.br\/index.php\/2022\/08\/12\/piso-salarial-da-enfermagem-fuenf-se-reune-para-tracar-estrategias\/","title":{"rendered":"PISO SALARIAL DA ENFERMAGEM: FUEnf se re\u00fane para tra\u00e7ar estrat\u00e9gias"},"content":{"rendered":"<p>A Frente \u00danica da Enfermagem (FUEnf) &#8211; entidade que re\u00fane o SindEnfermeiro, COREN, ABEn-DF e SINDATE &#8211; se reuniu da manh\u00e3 desta sexta-feira (12), para tra\u00e7ar estrat\u00e9gias jur\u00eddicas e pol\u00edticas para a implementa\u00e7\u00e3o do piso salarial da enfermagem no Distrito Federal. Durante o encontro, ficou decidido que ser\u00e1 constru\u00edda uma for\u00e7a tarefa para fiscalizar o pagamento do piso salarial aos trabalhadores do DF, al\u00e9m da confec\u00e7\u00e3o de uma material did\u00e1tico para sanar as d\u00favidas da categoria, entre outras a\u00e7\u00f5es.<\/p>\n<p>Para Jorge Henrique, presidente em exerc\u00edcio do SindEnfermeiro, cria\u00e7\u00e3o de uma for\u00e7a tarefa \u00e9 importante para que haja um alinhamento entre as entidades de classe da categoria. &#8220;As dificuldades para implementa\u00e7\u00e3o do piso ser\u00e3o in\u00fameras. Haver\u00e1 uma resist\u00eancia das empresas e dos governos para o pagamento. Por isso, quanto mais unidos estivermos, mais forte ser\u00e1 nossa luta para efetivar o piso salarial&#8221;, destaca.<\/p>\n","protected":false},"excerpt":{"rendered":"<p>A Frente \u00danica da Enfermagem (FUEnf) &#8211; entidade que re\u00fane o SindEnfermeiro, COREN, ABEn-DF e SINDATE &#8211; se reuniu da manh\u00e3 desta sexta-feira (12), para tra\u00e7ar estrat\u00e9gias jur\u00eddicas e pol\u00edticas para a implementa\u00e7\u00e3o do piso salarial da enfermagem no Distrito Federal. Durante o encontro, ficou decidido que ser\u00e1 constru\u00edda uma for\u00e7a tarefa para fiscalizar o [&hellip;]<\/p>\n","protected":false},"author":6,"featured_media":43681,"comment_status":"open","ping_status":"open","sticky":false,"template":"","format":"standard","meta":{"footnotes":""},"categories":[6,818,13,5],"tags":[7,99,54,840,27,53,839],"class_list":["post-43679","post","type-post","status-publish","format-standard","has-post-thumbnail","hentry","category-noticias","category-piso-salarial","category-rede-privada","category-rede-publica","tag-enfermagem","tag-enfermagem-df","tag-enfermeiros","tag-enfermermagem","tag-fuenf","tag-piso-salarial","tag-sindewnfermeiro"],"_links":{"self":[{"href":"https:\/\/sindenfermeiro.com.br\/index.php\/wp-json\/wp\/v2\/posts\/43679","targetHints":{"allow":["GET"]}}],"collection":[{"href":"https:\/\/sindenfermeiro.com.br\/index.php\/wp-json\/wp\/v2\/posts"}],"about":[{"href":"https:\/\/sindenfermeiro.com.br\/index.php\/wp-json\/wp\/v2\/types\/post"}],"author":[{"embeddable":true,"href":"https:\/\/sindenfermeiro.com.br\/index.php\/wp-json\/wp\/v2\/users\/6"}],"replies":[{"embeddable":true,"href":"https:\/\/sindenfermeiro.com.br\/index.php\/wp-json\/wp\/v2\/comments?post=43679"}],"version-history":[{"count":1,"href":"https:\/\/sindenfermeiro.com.br\/index.php\/wp-json\/wp\/v2\/posts\/43679\/revisions"}],"predecessor-version":[{"id":43682,"href":"https:\/\/sindenfermeiro.com.br\/index.php\/wp-json\/wp\/v2\/posts\/43679\/revisions\/43682"}],"wp:featuredmedia":[{"embeddable":true,"href":"https:\/\/sindenfermeiro.com.br\/index.php\/wp-json\/wp\/v2\/media\/43681"}],"wp:attachment":[{"href":"https:\/\/sindenfermeiro.com.br\/index.php\/wp-json\/wp\/v2\/media?parent=43679"}],"wp:term":[{"taxonomy":"category","embeddable":true,"href":"https:\/\/sindenfermeiro.com.br\/index.php\/wp-json\/wp\/v2\/categories?post=43679"},{"taxonomy":"post_tag","embeddable":true,"href":"https:\/\/sindenfermeiro.com.br\/index.php\/wp-json\/wp\/v2\/tags?post=43679"}],"curies":[{"name":"wp","href":"https:\/\/api.w.org\/{rel}","templated":true}]}}