{"id":43672,"date":"2022-08-02T16:18:45","date_gmt":"2022-08-02T19:18:45","guid":{"rendered":"https:\/\/sindenfermeiro.com.br\/?p=43672"},"modified":"2026-04-26T13:49:13","modified_gmt":"2026-04-26T16:49:13","slug":"plano-de-saude-em-2022-e-2023-filiados-ao-sindenfermeiro-terao-reajuste-de-apenas-75","status":"publish","type":"post","link":"https:\/\/sindenfermeiro.com.br\/index.php\/2022\/08\/02\/plano-de-saude-em-2022-e-2023-filiados-ao-sindenfermeiro-terao-reajuste-de-apenas-75\/","title":{"rendered":"PLANO DE SA\u00daDE: em 2022 e 2023 filiados ao SindEnfermeiro ter\u00e3o reajuste de apenas 7,5%"},"content":{"rendered":"<p>Todos os anos, as operadoras dos planos de sa\u00fade reajustam os valores de suas mensalidades. O SindEnfermeiro-DF conseguiu que os seus sindicalizados tenham as mensalidade dos planos de sa\u00fade reajustadas em apenas 7,5%. Al\u00e9m disso, esse reajuste ter\u00e1 validade por 2 anos. Ou seja, o pr\u00f3ximo reajuste ser\u00e1 apenas em 2024.<\/p>\n<p>Parceiros h\u00e1 mais de 20 anos, Sindicato dos Enfermeiros e Amil oferecem aos enfermeiros filiados condi\u00e7\u00f5es e pre\u00e7os diferenciados, especialmente com os praticados no mercado. Al\u00e9m disso, novas ades\u00f5es n\u00e3o ter\u00e3o car\u00eancia**.<\/p>\n<p>Quer aproveitar essa oportunidade? Ent\u00e3o ligue para o telefone (61) 3273-0307 e saiba como usufruir dessa condi\u00e7\u00e3o especial!<\/p>\n<p>**Consulte as condi\u00e7\u00f5es da oferta<\/p>\n","protected":false},"excerpt":{"rendered":"<p>Todos os anos, as operadoras dos planos de sa\u00fade reajustam os valores de suas mensalidades. O SindEnfermeiro-DF conseguiu que os seus sindicalizados tenham as mensalidade dos planos de sa\u00fade reajustadas em apenas 7,5%. Al\u00e9m disso, esse reajuste ter\u00e1 validade por 2 anos. Ou seja, o pr\u00f3ximo reajuste ser\u00e1 apenas em 2024. Parceiros h\u00e1 mais de [&hellip;]<\/p>\n","protected":false},"author":6,"featured_media":43674,"comment_status":"open","ping_status":"open","sticky":false,"template":"","format":"standard","meta":{"footnotes":""},"categories":[13,5],"tags":[62],"class_list":["post-43672","post","type-post","status-publish","format-standard","has-post-thumbnail","hentry","category-rede-privada","category-rede-publica","tag-plano-de-saude"],"_links":{"self":[{"href":"https:\/\/sindenfermeiro.com.br\/index.php\/wp-json\/wp\/v2\/posts\/43672","targetHints":{"allow":["GET"]}}],"collection":[{"href":"https:\/\/sindenfermeiro.com.br\/index.php\/wp-json\/wp\/v2\/posts"}],"about":[{"href":"https:\/\/sindenfermeiro.com.br\/index.php\/wp-json\/wp\/v2\/types\/post"}],"author":[{"embeddable":true,"href":"https:\/\/sindenfermeiro.com.br\/index.php\/wp-json\/wp\/v2\/users\/6"}],"replies":[{"embeddable":true,"href":"https:\/\/sindenfermeiro.com.br\/index.php\/wp-json\/wp\/v2\/comments?post=43672"}],"version-history":[{"count":1,"href":"https:\/\/sindenfermeiro.com.br\/index.php\/wp-json\/wp\/v2\/posts\/43672\/revisions"}],"predecessor-version":[{"id":43675,"href":"https:\/\/sindenfermeiro.com.br\/index.php\/wp-json\/wp\/v2\/posts\/43672\/revisions\/43675"}],"wp:featuredmedia":[{"embeddable":true,"href":"https:\/\/sindenfermeiro.com.br\/index.php\/wp-json\/wp\/v2\/media\/43674"}],"wp:attachment":[{"href":"https:\/\/sindenfermeiro.com.br\/index.php\/wp-json\/wp\/v2\/media?parent=43672"}],"wp:term":[{"taxonomy":"category","embeddable":true,"href":"https:\/\/sindenfermeiro.com.br\/index.php\/wp-json\/wp\/v2\/categories?post=43672"},{"taxonomy":"post_tag","embeddable":true,"href":"https:\/\/sindenfermeiro.com.br\/index.php\/wp-json\/wp\/v2\/tags?post=43672"}],"curies":[{"name":"wp","href":"https:\/\/api.w.org\/{rel}","templated":true}]}}