{"id":43668,"date":"2022-08-01T17:47:57","date_gmt":"2022-08-01T20:47:57","guid":{"rendered":"https:\/\/sindenfermeiro.com.br\/?p=43668"},"modified":"2026-04-29T15:44:31","modified_gmt":"2026-04-29T18:44:31","slug":"presidente-licenciada-do-sindenfermeiro-df-anuncia-candidatura-a-cldf","status":"publish","type":"post","link":"https:\/\/sindenfermeiro.com.br\/index.php\/2022\/08\/01\/presidente-licenciada-do-sindenfermeiro-df-anuncia-candidatura-a-cldf\/","title":{"rendered":"Presidente licenciada do SindEnfermeiro-DF anuncia candidatura \u00e0 CLDF"},"content":{"rendered":"<p><img loading=\"lazy\" decoding=\"async\" class=\"aligncenter wp-image-43669 \" src=\"https:\/\/sindenfermeiro.com.br\/wp-content\/uploads\/2022\/08\/MG_9470-1024x683.jpg\" alt=\"\" width=\"756\" height=\"504\" srcset=\"https:\/\/sindenfermeiro.com.br\/wp-content\/uploads\/2022\/08\/MG_9470-1024x683.jpg 1024w, https:\/\/sindenfermeiro.com.br\/wp-content\/uploads\/2022\/08\/MG_9470-300x200.jpg 300w, https:\/\/sindenfermeiro.com.br\/wp-content\/uploads\/2022\/08\/MG_9470-768x512.jpg 768w, https:\/\/sindenfermeiro.com.br\/wp-content\/uploads\/2022\/08\/MG_9470-1536x1024.jpg 1536w, https:\/\/sindenfermeiro.com.br\/wp-content\/uploads\/2022\/08\/MG_9470-2048x1365.jpg 2048w\" sizes=\"auto, (max-width: 756px) 100vw, 756px\" \/><\/p>\n<p>A agora presidente licenciada do Sindicato dos Enfermeiros do Distrito Federal (SindEnfermeiro-DF), Dayse Amar\u00edlio, anunciou ontem (31) que ser\u00e1 candidata a uma vaga na C\u00e2mara Legislativa do Distrito Federal (CLDF) nas elei\u00e7\u00f5es gerais de outubro.<\/p>\n<p>Com isso, a vaga anteriormente ocupada pela enfermeira na diretoria do sindicato ser\u00e1 representada pelo secret\u00e1rio-geral da entidade, Jorge Henrique \u2013 que agora responde efetivamente como presidente do SindEnfermeiro.<\/p>\n<p>Durante os seis anos em que liderou o sindicato, Dayse foi fundamental para o resgate do poder de mobiliza\u00e7\u00e3o da entidade, e participou ativamente de conquistas hist\u00f3ricas para a categoria \u2013 como a aprova\u00e7\u00e3o do Piso Salarial da Enfermagem no Congresso Nacional e a conquista do reajuste salarial para os enfermeiros da SES-DF \u2013 pendente desde 2015.<\/p>\n<p>As lutas se somaram durante o per\u00edodo, como a oposi\u00e7\u00e3o ferrenha \u00e0s chamadas \u201corganiza\u00e7\u00f5es sociais da sa\u00fade ou OSs\u201d e a cria\u00e7\u00e3o do Instituto de Gest\u00e3o Estrat\u00e9gica da Sa\u00fade (IGESDF). Na ocasi\u00e3o, Dayse destacou que o futuro instituto certamente seria um cabide de empregos e centro de desvio de recursos \u2013 e o progn\u00f3stico acabou se cumprindo com as den\u00fancias que vieram a p\u00fablico durante a pandemia.<\/p>\n<p>Outro momento importante de Dayse \u00e0 frente da entidade foi liderando as mobiliza\u00e7\u00f5es realizadas durante a crise do coronav\u00edrus \u2013 em especial a hist\u00f3rica manifesta\u00e7\u00e3o de 1\u00ba de maio de 2020, que acabou sendo o ponto de partida para a cria\u00e7\u00e3o do PL 2564.<\/p>\n<p>No \u00e2mbito do sindicato, a gest\u00e3o liderada por Dayse foi respons\u00e1vel pela maior reformula\u00e7\u00e3o da entidade em seus 41 anos de exist\u00eancia \u2013 atrav\u00e9s de a\u00e7\u00f5es que foram desde a reforma completa da sede para melhor atender aos enfermeiros, cria\u00e7\u00e3o dos departamentos jur\u00eddico e de comunica\u00e7\u00e3o, al\u00e9m de estreitar as rela\u00e7\u00f5es com outras entidades da enfermagem do DF atrav\u00e9s da cria\u00e7\u00e3o da Frente \u00danica da Enfermagem (FUEnf).<\/p>\n<p><strong>Desafio e aprendizado<\/strong><\/p>\n<p>Em carta aberta aos enfermeiros divulgada no in\u00edcio do m\u00eas passado, Dayse destacou a import\u00e2ncia da atua\u00e7\u00e3o na entidade para a sua forma\u00e7\u00e3o pol\u00edtica.<\/p>\n<p>\u201cQuando me trouxeram a proposta de encabe\u00e7ar uma chapa para as elei\u00e7\u00f5es do sindicato, l\u00e1 em 2016, a categoria acreditou em mim antes que eu mesma fizesse isso \u2013 e me motivaram a aceitar o que at\u00e9 ent\u00e3o foi o maior desafio que j\u00e1 enfrentei na vida. E foi no SindEnfermeiro, na luta di\u00e1ria com a categoria, que eu aprendi o que \u00e9 a pol\u00edtica e como ela pode ser usada pra transformar vidas de forma positiva.\u201d<\/p>\n<p>Ainda de acordo com Dayse, \u201cesse ser\u00e1 um novo desafio para mim, mas que n\u00e3o \u00e9 s\u00f3 meu \u2013 e sim de toda uma categoria. Meu objetivo \u00e9 ser uma voz ativa para os enfermeiros na C\u00e2mara Legislativa\u201d, completou.<\/p>\n","protected":false},"excerpt":{"rendered":"<p>A agora presidente licenciada do Sindicato dos Enfermeiros do Distrito Federal (SindEnfermeiro-DF), Dayse Amar\u00edlio, anunciou ontem (31) que ser\u00e1 candidata a uma vaga na C\u00e2mara Legislativa do Distrito Federal (CLDF) nas elei\u00e7\u00f5es gerais de outubro. Com isso, a vaga anteriormente ocupada pela enfermeira na diretoria do sindicato ser\u00e1 representada pelo secret\u00e1rio-geral da entidade, Jorge Henrique [&hellip;]<\/p>\n","protected":false},"author":6,"featured_media":43669,"comment_status":"open","ping_status":"open","sticky":false,"template":"","format":"standard","meta":{"footnotes":""},"categories":[6,13,5],"tags":[838,34,682,21],"class_list":["post-43668","post","type-post","status-publish","format-standard","has-post-thumbnail","hentry","category-noticias","category-rede-privada","category-rede-publica","tag-candidata","tag-cldf","tag-dayse","tag-sindenfermeiro"],"_links":{"self":[{"href":"https:\/\/sindenfermeiro.com.br\/index.php\/wp-json\/wp\/v2\/posts\/43668","targetHints":{"allow":["GET"]}}],"collection":[{"href":"https:\/\/sindenfermeiro.com.br\/index.php\/wp-json\/wp\/v2\/posts"}],"about":[{"href":"https:\/\/sindenfermeiro.com.br\/index.php\/wp-json\/wp\/v2\/types\/post"}],"author":[{"embeddable":true,"href":"https:\/\/sindenfermeiro.com.br\/index.php\/wp-json\/wp\/v2\/users\/6"}],"replies":[{"embeddable":true,"href":"https:\/\/sindenfermeiro.com.br\/index.php\/wp-json\/wp\/v2\/comments?post=43668"}],"version-history":[{"count":1,"href":"https:\/\/sindenfermeiro.com.br\/index.php\/wp-json\/wp\/v2\/posts\/43668\/revisions"}],"predecessor-version":[{"id":43670,"href":"https:\/\/sindenfermeiro.com.br\/index.php\/wp-json\/wp\/v2\/posts\/43668\/revisions\/43670"}],"wp:featuredmedia":[{"embeddable":true,"href":"https:\/\/sindenfermeiro.com.br\/index.php\/wp-json\/wp\/v2\/media\/43669"}],"wp:attachment":[{"href":"https:\/\/sindenfermeiro.com.br\/index.php\/wp-json\/wp\/v2\/media?parent=43668"}],"wp:term":[{"taxonomy":"category","embeddable":true,"href":"https:\/\/sindenfermeiro.com.br\/index.php\/wp-json\/wp\/v2\/categories?post=43668"},{"taxonomy":"post_tag","embeddable":true,"href":"https:\/\/sindenfermeiro.com.br\/index.php\/wp-json\/wp\/v2\/tags?post=43668"}],"curies":[{"name":"wp","href":"https:\/\/api.w.org\/{rel}","templated":true}]}}