{"id":43651,"date":"2022-07-25T13:31:35","date_gmt":"2022-07-25T16:31:35","guid":{"rendered":"https:\/\/sindenfermeiro.com.br\/?p=43651"},"modified":"2026-04-29T16:28:37","modified_gmt":"2026-04-29T19:28:37","slug":"filiados-ao-sindenfermeiro-tem-acesso-a-planos-de-saude-com-precos-abaixo-do-mercado","status":"publish","type":"post","link":"https:\/\/sindenfermeiro.com.br\/index.php\/2022\/07\/25\/filiados-ao-sindenfermeiro-tem-acesso-a-planos-de-saude-com-precos-abaixo-do-mercado\/","title":{"rendered":"Filiados ao SindEnfermeiro tem acesso a planos de sa\u00fade com pre\u00e7os abaixo do mercado"},"content":{"rendered":"<p><img loading=\"lazy\" decoding=\"async\" class=\"wp-image-43653  aligncenter\" src=\"https:\/\/sindenfermeiro.com.br\/wp-content\/uploads\/2022\/07\/young-family-with-their-sons-home-having-fun-1024x683.jpg\" alt=\"\" width=\"698\" height=\"465\" srcset=\"https:\/\/sindenfermeiro.com.br\/wp-content\/uploads\/2022\/07\/young-family-with-their-sons-home-having-fun-1024x683.jpg 1024w, https:\/\/sindenfermeiro.com.br\/wp-content\/uploads\/2022\/07\/young-family-with-their-sons-home-having-fun-300x200.jpg 300w, https:\/\/sindenfermeiro.com.br\/wp-content\/uploads\/2022\/07\/young-family-with-their-sons-home-having-fun-768x512.jpg 768w, https:\/\/sindenfermeiro.com.br\/wp-content\/uploads\/2022\/07\/young-family-with-their-sons-home-having-fun-1536x1024.jpg 1536w, https:\/\/sindenfermeiro.com.br\/wp-content\/uploads\/2022\/07\/young-family-with-their-sons-home-having-fun-2048x1365.jpg 2048w\" sizes=\"auto, (max-width: 698px) 100vw, 698px\" \/><\/p>\n<p>Aten\u00e7\u00e3o, enfermeira(o)!<\/p>\n<p>Quer cuidar da sua sa\u00fade e de sua fam\u00edlia, e ainda pagar pouco? Ent\u00e3o essa oferta \u00e9 para voc\u00ea!<\/p>\n<p>O SindEnfermeiro-DF, em parceria com a Amil, oferta planos de sa\u00fade aos seus sindicalizados com pre\u00e7os abaixo da tabela de mercado!<\/p>\n<p>Os planos de sa\u00fade Amil 400 e Amil 500 contam com cobertura em todo o territ\u00f3rio nacional, e a possibilidade de adicionar dependentes (c\u00f4njuge e filhos at\u00e9 39 anos). Al\u00e9m disso, os planos possuem car\u00eancia reduzida para todos os procedimentos, exceto obstetr\u00edcia (10 meses) e doen\u00e7as pr\u00e9-existentes (24 meses).<\/p>\n<p>T\u00e1 esperando o qu\u00ea? N\u00e3o perca essa oportunidade!<\/p>\n<p><a href=\"https:\/\/sindenfermeiro.com.br\/wp-content\/uploads\/2022\/07\/Contrato-Amil-400-e-500-1.pdf\"><strong>Confira AQUI as condi\u00e7\u00f5es do contrato e a tabela de pre\u00e7os <\/strong><\/a>\u00a0\u2013 e em caso de d\u00favidas, entre em contato com o SindEnfermeiro pelo telefone (61) 3273-0307.<\/p>\n","protected":false},"excerpt":{"rendered":"<p>Aten\u00e7\u00e3o, enfermeira(o)! Quer cuidar da sua sa\u00fade e de sua fam\u00edlia, e ainda pagar pouco? Ent\u00e3o essa oferta \u00e9 para voc\u00ea! O SindEnfermeiro-DF, em parceria com a Amil, oferta planos de sa\u00fade aos seus sindicalizados com pre\u00e7os abaixo da tabela de mercado! Os planos de sa\u00fade Amil 400 e Amil 500 contam com cobertura em [&hellip;]<\/p>\n","protected":false},"author":6,"featured_media":43653,"comment_status":"open","ping_status":"open","sticky":false,"template":"","format":"standard","meta":{"footnotes":""},"categories":[6,13,5],"tags":[346,62,21],"class_list":["post-43651","post","type-post","status-publish","format-standard","has-post-thumbnail","hentry","category-noticias","category-rede-privada","category-rede-publica","tag-amil","tag-plano-de-saude","tag-sindenfermeiro"],"_links":{"self":[{"href":"https:\/\/sindenfermeiro.com.br\/index.php\/wp-json\/wp\/v2\/posts\/43651","targetHints":{"allow":["GET"]}}],"collection":[{"href":"https:\/\/sindenfermeiro.com.br\/index.php\/wp-json\/wp\/v2\/posts"}],"about":[{"href":"https:\/\/sindenfermeiro.com.br\/index.php\/wp-json\/wp\/v2\/types\/post"}],"author":[{"embeddable":true,"href":"https:\/\/sindenfermeiro.com.br\/index.php\/wp-json\/wp\/v2\/users\/6"}],"replies":[{"embeddable":true,"href":"https:\/\/sindenfermeiro.com.br\/index.php\/wp-json\/wp\/v2\/comments?post=43651"}],"version-history":[{"count":2,"href":"https:\/\/sindenfermeiro.com.br\/index.php\/wp-json\/wp\/v2\/posts\/43651\/revisions"}],"predecessor-version":[{"id":43656,"href":"https:\/\/sindenfermeiro.com.br\/index.php\/wp-json\/wp\/v2\/posts\/43651\/revisions\/43656"}],"wp:featuredmedia":[{"embeddable":true,"href":"https:\/\/sindenfermeiro.com.br\/index.php\/wp-json\/wp\/v2\/media\/43653"}],"wp:attachment":[{"href":"https:\/\/sindenfermeiro.com.br\/index.php\/wp-json\/wp\/v2\/media?parent=43651"}],"wp:term":[{"taxonomy":"category","embeddable":true,"href":"https:\/\/sindenfermeiro.com.br\/index.php\/wp-json\/wp\/v2\/categories?post=43651"},{"taxonomy":"post_tag","embeddable":true,"href":"https:\/\/sindenfermeiro.com.br\/index.php\/wp-json\/wp\/v2\/tags?post=43651"}],"curies":[{"name":"wp","href":"https:\/\/api.w.org\/{rel}","templated":true}]}}