{"id":43644,"date":"2022-07-20T14:50:19","date_gmt":"2022-07-20T17:50:19","guid":{"rendered":"https:\/\/sindenfermeiro.com.br\/?p=43644"},"modified":"2026-05-01T05:42:41","modified_gmt":"2026-05-01T08:42:41","slug":"juridico-enfermeiros-da-ses-df-podem-solicitar-dispensa-de-ponto-para-participar-de-cursos-de-formacao","status":"publish","type":"post","link":"https:\/\/sindenfermeiro.com.br\/index.php\/2022\/07\/20\/juridico-enfermeiros-da-ses-df-podem-solicitar-dispensa-de-ponto-para-participar-de-cursos-de-formacao\/","title":{"rendered":"JUR\u00cdDICO: Enfermeiros da SES-DF podem solicitar dispensa de ponto para participar de cursos de forma\u00e7\u00e3o"},"content":{"rendered":"<div id=\"attachment_43646\" style=\"width: 723px\" class=\"wp-caption aligncenter\"><img loading=\"lazy\" decoding=\"async\" aria-describedby=\"caption-attachment-43646\" class=\"wp-image-43646 \" src=\"https:\/\/sindenfermeiro.com.br\/wp-content\/uploads\/2022\/07\/female-doctors-bathrobes-african-girl-stethoscope-doctor-s-neck-1-1024x682.jpg\" alt=\"\" width=\"713\" height=\"475\" srcset=\"https:\/\/sindenfermeiro.com.br\/wp-content\/uploads\/2022\/07\/female-doctors-bathrobes-african-girl-stethoscope-doctor-s-neck-1-1024x682.jpg 1024w, https:\/\/sindenfermeiro.com.br\/wp-content\/uploads\/2022\/07\/female-doctors-bathrobes-african-girl-stethoscope-doctor-s-neck-1-300x200.jpg 300w, https:\/\/sindenfermeiro.com.br\/wp-content\/uploads\/2022\/07\/female-doctors-bathrobes-african-girl-stethoscope-doctor-s-neck-1-768x512.jpg 768w, https:\/\/sindenfermeiro.com.br\/wp-content\/uploads\/2022\/07\/female-doctors-bathrobes-african-girl-stethoscope-doctor-s-neck-1-1536x1024.jpg 1536w, https:\/\/sindenfermeiro.com.br\/wp-content\/uploads\/2022\/07\/female-doctors-bathrobes-african-girl-stethoscope-doctor-s-neck-1.jpg 2000w\" sizes=\"auto, (max-width: 713px) 100vw, 713px\" \/><p id=\"caption-attachment-43646\" class=\"wp-caption-text\">\u00a0<\/p><\/div>\n<p>Voc\u00ea sabia que os enfermeiros da SES-DF que desejam participar de cursos de atualiza\u00e7\u00e3o, forma\u00e7\u00e3o ou outras atividades acad\u00eamicas podem solicitar a dispensa de ponto sem preju\u00edzo na remunera\u00e7\u00e3o?<\/p>\n<p>Um exemplo \u00e9 a senten\u00e7a favor\u00e1vel do 4\u00ba Juizado Especial da Fazenda P\u00fablica do DF a um enfermeiro da rede p\u00fablica, que procurou o departamento jur\u00eddico do SindEnfermeiro e obteve o direito \u00e0 dispensa de ponto garantida para participar de um curso de forma\u00e7\u00e3o na \u00e1rea de Acupuntura Integrativa \u2013 amparado no Decreto n\u00ba 29.290\/2008.<\/p>\n<p>\ud83d\udccd Voc\u00ea se enquadra nos requisitos e est\u00e1 tendo o seu direito negado? O departamento jur\u00eddico do SindEnfermeiro pode te ajudar! Nossos advogados est\u00e3o \u00e0 disposi\u00e7\u00e3o para maiores informa\u00e7\u00f5es, atrav\u00e9s dos telefones (61) 3447-9697, (61) 99277-3825 ou pelo e-mail juridico@sindenfermeiro.com.br.<\/p>\n","protected":false},"excerpt":{"rendered":"<p>Voc\u00ea sabia que os enfermeiros da SES-DF que desejam participar de cursos de atualiza\u00e7\u00e3o, forma\u00e7\u00e3o ou outras atividades acad\u00eamicas podem solicitar a dispensa de ponto sem preju\u00edzo na remunera\u00e7\u00e3o? Um exemplo \u00e9 a senten\u00e7a favor\u00e1vel do 4\u00ba Juizado Especial da Fazenda P\u00fablica do DF a um enfermeiro da rede p\u00fablica, que procurou o departamento jur\u00eddico [&hellip;]<\/p>\n","protected":false},"author":6,"featured_media":43646,"comment_status":"open","ping_status":"open","sticky":false,"template":"","format":"standard","meta":{"footnotes":""},"categories":[334,6,5],"tags":[61,236,21],"class_list":["post-43644","post","type-post","status-publish","format-standard","has-post-thumbnail","hentry","category-juridico","category-noticias","category-rede-publica","tag-juridico","tag-ses","tag-sindenfermeiro"],"_links":{"self":[{"href":"https:\/\/sindenfermeiro.com.br\/index.php\/wp-json\/wp\/v2\/posts\/43644","targetHints":{"allow":["GET"]}}],"collection":[{"href":"https:\/\/sindenfermeiro.com.br\/index.php\/wp-json\/wp\/v2\/posts"}],"about":[{"href":"https:\/\/sindenfermeiro.com.br\/index.php\/wp-json\/wp\/v2\/types\/post"}],"author":[{"embeddable":true,"href":"https:\/\/sindenfermeiro.com.br\/index.php\/wp-json\/wp\/v2\/users\/6"}],"replies":[{"embeddable":true,"href":"https:\/\/sindenfermeiro.com.br\/index.php\/wp-json\/wp\/v2\/comments?post=43644"}],"version-history":[{"count":1,"href":"https:\/\/sindenfermeiro.com.br\/index.php\/wp-json\/wp\/v2\/posts\/43644\/revisions"}],"predecessor-version":[{"id":43647,"href":"https:\/\/sindenfermeiro.com.br\/index.php\/wp-json\/wp\/v2\/posts\/43644\/revisions\/43647"}],"wp:featuredmedia":[{"embeddable":true,"href":"https:\/\/sindenfermeiro.com.br\/index.php\/wp-json\/wp\/v2\/media\/43646"}],"wp:attachment":[{"href":"https:\/\/sindenfermeiro.com.br\/index.php\/wp-json\/wp\/v2\/media?parent=43644"}],"wp:term":[{"taxonomy":"category","embeddable":true,"href":"https:\/\/sindenfermeiro.com.br\/index.php\/wp-json\/wp\/v2\/categories?post=43644"},{"taxonomy":"post_tag","embeddable":true,"href":"https:\/\/sindenfermeiro.com.br\/index.php\/wp-json\/wp\/v2\/tags?post=43644"}],"curies":[{"name":"wp","href":"https:\/\/api.w.org\/{rel}","templated":true}]}}