{"id":43567,"date":"2022-07-06T10:19:33","date_gmt":"2022-07-06T13:19:33","guid":{"rendered":"https:\/\/sindenfermeiro.com.br\/?p=43567"},"modified":"2026-04-29T16:26:38","modified_gmt":"2026-04-29T19:26:38","slug":"gratificacao-de-preceptoria-valores-pagos-entre-2017-e-2020-estao-defasados-saiba-se-voce-tem-direito-a-restituicao-da-diferenca","status":"publish","type":"post","link":"https:\/\/sindenfermeiro.com.br\/index.php\/2022\/07\/06\/gratificacao-de-preceptoria-valores-pagos-entre-2017-e-2020-estao-defasados-saiba-se-voce-tem-direito-a-restituicao-da-diferenca\/","title":{"rendered":"Gratifica\u00e7\u00e3o de Preceptoria: valores pagos entre 2017 e 2020 est\u00e3o defasados; Saiba se voc\u00ea tem direito \u00e0 restitui\u00e7\u00e3o da diferen\u00e7a"},"content":{"rendered":"<p><img loading=\"lazy\" decoding=\"async\" class=\"aligncenter wp-image-41706 \" src=\"https:\/\/sindenfermeiro.com.br\/wp-content\/uploads\/2021\/06\/man-calculating-writing-close-up-1024x683.jpg\" alt=\"\" width=\"750\" height=\"500\" srcset=\"https:\/\/sindenfermeiro.com.br\/wp-content\/uploads\/2021\/06\/man-calculating-writing-close-up-1024x683.jpg 1024w, https:\/\/sindenfermeiro.com.br\/wp-content\/uploads\/2021\/06\/man-calculating-writing-close-up-300x200.jpg 300w, https:\/\/sindenfermeiro.com.br\/wp-content\/uploads\/2021\/06\/man-calculating-writing-close-up-768x512.jpg 768w, https:\/\/sindenfermeiro.com.br\/wp-content\/uploads\/2021\/06\/man-calculating-writing-close-up-1536x1025.jpg 1536w, https:\/\/sindenfermeiro.com.br\/wp-content\/uploads\/2021\/06\/man-calculating-writing-close-up-2048x1366.jpg 2048w\" sizes=\"auto, (max-width: 750px) 100vw, 750px\" \/><\/p>\n<p>O departamento jur\u00eddico do Sindicato dos Enfermeiros do Distrito Federal (SindEnfermeiro-DF) vem, por meio desta nota, comunicar aos profissionais que atuam como preceptores nas unidades de sa\u00fade do DF e escolas ligadas \u00e0 Funda\u00e7\u00e3o de Ensino e Pesquisa em Ci\u00eancias da Sa\u00fade (FEPECS) sobre a possibilidade de restitui\u00e7\u00e3o de valores relativos \u00e0 Gratifica\u00e7\u00e3o de Preceptoria n\u00e3o pagos entre 2017 e janeiro de 2020.<\/p>\n<p>A Gratifica\u00e7\u00e3o de Preceptoria \u00e9 o valor pago aos profissionais de sa\u00fade que exercem atividades no \u00e2mbito da educa\u00e7\u00e3o na rede p\u00fablica, seja como professor ou como supervisor de atividades dos estudantes nas unidades.<\/p>\n<p>Em 2014, com a lei aprovada no ano anterior que reestruturou os vencimentos das carreiras da Secretaria de Sa\u00fade, os valores relativos \u00e0 gratifica\u00e7\u00e3o dos preceptores deveriam ter sido reajustadas \u2013 mas entre 2017 e janeiro de 2020, o GDF n\u00e3o levou em considera\u00e7\u00e3o o reajuste da tabela de vencimentos dos enfermeiros, e realizou os pagamentos utilizando a base de c\u00e1lculo anterior a agosto de 2014, gerando defasagem nos valores devidos.<\/p>\n<p>Por esse motivo, o Poder Judici\u00e1rio determinou novamente que o pagamento da diferen\u00e7a deve ser realizado pelo GDF aos trabalhadores.<\/p>\n<p><strong>Para saber como realizar o pedido de restitui\u00e7\u00e3o, voc\u00ea pode entrar em contato com o departamento jur\u00eddico do sindicato, atrav\u00e9s dos telefones (61) 3447-9697, ou pelo e-mail juridico@sindenfermeiro.com.br.<\/strong><\/p>\n","protected":false},"excerpt":{"rendered":"<p>O departamento jur\u00eddico do Sindicato dos Enfermeiros do Distrito Federal (SindEnfermeiro-DF) vem, por meio desta nota, comunicar aos profissionais que atuam como preceptores nas unidades de sa\u00fade do DF e escolas ligadas \u00e0 Funda\u00e7\u00e3o de Ensino e Pesquisa em Ci\u00eancias da Sa\u00fade (FEPECS) sobre a possibilidade de restitui\u00e7\u00e3o de valores relativos \u00e0 Gratifica\u00e7\u00e3o de Preceptoria [&hellip;]<\/p>\n","protected":false},"author":6,"featured_media":41707,"comment_status":"open","ping_status":"open","sticky":false,"template":"","format":"standard","meta":{"footnotes":""},"categories":[334,6,5],"tags":[61,143],"class_list":["post-43567","post","type-post","status-publish","format-standard","has-post-thumbnail","hentry","category-juridico","category-noticias","category-rede-publica","tag-juridico","tag-preceptoria"],"_links":{"self":[{"href":"https:\/\/sindenfermeiro.com.br\/index.php\/wp-json\/wp\/v2\/posts\/43567","targetHints":{"allow":["GET"]}}],"collection":[{"href":"https:\/\/sindenfermeiro.com.br\/index.php\/wp-json\/wp\/v2\/posts"}],"about":[{"href":"https:\/\/sindenfermeiro.com.br\/index.php\/wp-json\/wp\/v2\/types\/post"}],"author":[{"embeddable":true,"href":"https:\/\/sindenfermeiro.com.br\/index.php\/wp-json\/wp\/v2\/users\/6"}],"replies":[{"embeddable":true,"href":"https:\/\/sindenfermeiro.com.br\/index.php\/wp-json\/wp\/v2\/comments?post=43567"}],"version-history":[{"count":1,"href":"https:\/\/sindenfermeiro.com.br\/index.php\/wp-json\/wp\/v2\/posts\/43567\/revisions"}],"predecessor-version":[{"id":43568,"href":"https:\/\/sindenfermeiro.com.br\/index.php\/wp-json\/wp\/v2\/posts\/43567\/revisions\/43568"}],"wp:featuredmedia":[{"embeddable":true,"href":"https:\/\/sindenfermeiro.com.br\/index.php\/wp-json\/wp\/v2\/media\/41707"}],"wp:attachment":[{"href":"https:\/\/sindenfermeiro.com.br\/index.php\/wp-json\/wp\/v2\/media?parent=43567"}],"wp:term":[{"taxonomy":"category","embeddable":true,"href":"https:\/\/sindenfermeiro.com.br\/index.php\/wp-json\/wp\/v2\/categories?post=43567"},{"taxonomy":"post_tag","embeddable":true,"href":"https:\/\/sindenfermeiro.com.br\/index.php\/wp-json\/wp\/v2\/tags?post=43567"}],"curies":[{"name":"wp","href":"https:\/\/api.w.org\/{rel}","templated":true}]}}