{"id":43557,"date":"2022-07-04T16:34:02","date_gmt":"2022-07-04T19:34:02","guid":{"rendered":"https:\/\/sindenfermeiro.com.br\/?p=43557"},"modified":"2026-04-29T16:30:42","modified_gmt":"2026-04-29T19:30:42","slug":"sindenfermeiro-participa-da-23a-parada-do-orgulho-lgbtqia-do-df","status":"publish","type":"post","link":"https:\/\/sindenfermeiro.com.br\/index.php\/2022\/07\/04\/sindenfermeiro-participa-da-23a-parada-do-orgulho-lgbtqia-do-df\/","title":{"rendered":"SindEnfermeiro participa da 23\u00aa Parada do Orgulho LGBTQIA+ do DF"},"content":{"rendered":"<p><img loading=\"lazy\" decoding=\"async\" class=\"aligncenter wp-image-43558 \" src=\"https:\/\/sindenfermeiro.com.br\/wp-content\/uploads\/2022\/07\/MG_5881-scaled.jpg\" alt=\"\" width=\"708\" height=\"472\" srcset=\"https:\/\/sindenfermeiro.com.br\/wp-content\/uploads\/2022\/07\/MG_5881-scaled.jpg 2560w, https:\/\/sindenfermeiro.com.br\/wp-content\/uploads\/2022\/07\/MG_5881-300x200.jpg 300w, https:\/\/sindenfermeiro.com.br\/wp-content\/uploads\/2022\/07\/MG_5881-1024x683.jpg 1024w, https:\/\/sindenfermeiro.com.br\/wp-content\/uploads\/2022\/07\/MG_5881-768x512.jpg 768w, https:\/\/sindenfermeiro.com.br\/wp-content\/uploads\/2022\/07\/MG_5881-1536x1024.jpg 1536w, https:\/\/sindenfermeiro.com.br\/wp-content\/uploads\/2022\/07\/MG_5881-2048x1365.jpg 2048w\" sizes=\"auto, (max-width: 708px) 100vw, 708px\" \/><\/p>\n<p>O Sindicato dos Enfermeiros do Distrito Federal participou, no \u00faltimo domingo, 03, da 23\u00aa Parada do Orgulho LGBTQIA+ do DF. O presidente em exerc\u00edcio, Jorge Henrique, as diretoras Ursula Nepomoceno, Nayara J\u00e9ssica, Ana Catarine, e os diretores Ferdinan Lago, Suderlan Sabino e Inaldo Sarmento estiveram no evento e participaram da a\u00e7\u00e3o de entrega de preservativos. Al\u00e9m da entrega de preservativos, tamb\u00e9m foram entregues folhetos com a explica\u00e7\u00e3o de m\u00e9todos preventivos contra o HIV e outras ISTs.<\/p>\n<p>A a\u00e7\u00e3o foi uma parceria do SindEnfermeiro com estudantes de enfermagem e centros acad\u00eamicos, e para al\u00e9m do fator informativo, tamb\u00e9m representou o in\u00edcio de um trabalho de inser\u00e7\u00e3o das pautas LGBTQIA+ na esfera de discuss\u00f5es do sindicato.<\/p>\n<p><strong>Nossos 122 Direitos: Conhecer, Efetivar<\/strong><\/p>\n<p>A edi\u00e7\u00e3o deste ano da Parada do Orgulho LGBTQIA+ teve como tema central o lema \u201cNossos 122 Direitos: Conhecer, Efetivar\u201d \u2013 em refer\u00eancia ao fato do Brasil ser o segundo pa\u00eds no mundo com mais direitos garantidos para esse segmento da popula\u00e7\u00e3o \u2013 78 em \u00e2mbito federal, al\u00e9m de 44 normas distritais.<\/p>\n<p><strong>Inten\u00e7\u00e3o \u00e9 de pautas LGBT cada vez mais presentes<\/strong><\/p>\n<p>O presidente em exerc\u00edcio do SindEnfermeiro-DF, Jorge Henrique, ressaltou a import\u00e2ncia da participa\u00e7\u00e3o na celebra\u00e7\u00e3o como marco para um novo momento de atua\u00e7\u00e3o do sindicato frente as pautas da popula\u00e7\u00e3o LGBT, inclusive de profissionais da categoria que fazem parte desse segmento ou se identificam com a causa.<\/p>\n<p>\u201cA participa\u00e7\u00e3o do sindicato na Parada [do Orgulho LGBTQIA+] inaugura, oficialmente, a incorpora\u00e7\u00e3o do tema pela diretoria do sindicato, e representa o reconhecimento da entidade sobre a necessidade de contribuir para o debate p\u00fablico do tema, seja voltado aos profissionais da categoria ou para os usu\u00e1rios do SUS. Levamos a proposta do trabalho com educa\u00e7\u00e3o em sa\u00fade, mas a inten\u00e7\u00e3o \u00e9 que daqui em diante o sindicato fa\u00e7a um trabalho permanente e cada vez mais abrangente sobre o tema\u201d, pontuou.<\/p>\n<p><strong>Momento de representatividade para os enfermeiros LGBTs<\/strong><\/p>\n<p>O diretor Suderlan Sabino destacou que a\u00e7\u00f5es como esta s\u00e3o fundamentais para refor\u00e7ar o posicionamento de pluralidade do sindicato \u2013 sobretudo aos enfermeiros que s\u00e3o LGBTs \u2013 e de combate \u00e0s opress\u00f5es sofridas por esta parcela relevante da popula\u00e7\u00e3o.<\/p>\n<p>\u201cA participa\u00e7\u00e3o do sindicato em uma a\u00e7\u00e3o dessa natureza demonstra que o sindicato \u00e9 plural e todos os grupos de filiados s\u00e3o representados nas suas lutas. ter o sindicato desenvolvendo um trabalho de educa\u00e7\u00e3o em sa\u00fade, de preven\u00e7\u00e3o de doen\u00e7as e de resist\u00eancia a qualquer forma de opress\u00e3o nos deixa muito entusiasmado. Trata-se de uma a\u00e7\u00e3o de forma\u00e7\u00e3o para luta para uma sociedade justa e fraterna\u201d, finalizou.<\/p>\n<p><strong>MAIS: Ou\u00e7a o podcast &#8220;Al\u00e9m da M\u00e1scara&#8221; <\/strong><strong>com Rangel Fernandes, diretor do SindEnfermeiro e enfermeiro LGBT<\/strong><\/p>\n<p>O SindEnfermeiro desenvolveu algumas a\u00e7\u00f5es durante a semana do orgulho LGBTQIA+, entre elas a participa\u00e7\u00e3o na Parada do Orgulho em 2022, informativos com foco na sa\u00fade desse segmento, al\u00e9m de um epis\u00f3dio especial em nosso podcast &#8220;Al\u00e9m da M\u00e1scara&#8221;.<\/p>\n<p>E no primeiro epis\u00f3dio da 2\u00aa temporada do podcast produzido pelo SindEnfermeiro \u2013 apresentamos a hist\u00f3ria, as viv\u00eancias, vit\u00f3rias e obst\u00e1culos enfrentados por um homem LGBT na enfermagem: o enfermeiro, professor e pesquisador Rangel Fernandes.<\/p>\n","protected":false},"excerpt":{"rendered":"<p>O Sindicato dos Enfermeiros do Distrito Federal participou, no \u00faltimo domingo, 03, da 23\u00aa Parada do Orgulho LGBTQIA+ do DF. O presidente em exerc\u00edcio, Jorge Henrique, as diretoras Ursula Nepomoceno, Nayara J\u00e9ssica, Ana Catarine, e os diretores Ferdinan Lago, Suderlan Sabino e Inaldo Sarmento estiveram no evento e participaram da a\u00e7\u00e3o de entrega de preservativos. [&hellip;]<\/p>\n","protected":false},"author":6,"featured_media":43558,"comment_status":"open","ping_status":"open","sticky":false,"template":"","format":"standard","meta":{"footnotes":""},"categories":[6,13,5],"tags":[7,836,21],"class_list":["post-43557","post","type-post","status-publish","format-standard","has-post-thumbnail","hentry","category-noticias","category-rede-privada","category-rede-publica","tag-enfermagem","tag-parada-do-orgulho-lgbtqia","tag-sindenfermeiro"],"_links":{"self":[{"href":"https:\/\/sindenfermeiro.com.br\/index.php\/wp-json\/wp\/v2\/posts\/43557","targetHints":{"allow":["GET"]}}],"collection":[{"href":"https:\/\/sindenfermeiro.com.br\/index.php\/wp-json\/wp\/v2\/posts"}],"about":[{"href":"https:\/\/sindenfermeiro.com.br\/index.php\/wp-json\/wp\/v2\/types\/post"}],"author":[{"embeddable":true,"href":"https:\/\/sindenfermeiro.com.br\/index.php\/wp-json\/wp\/v2\/users\/6"}],"replies":[{"embeddable":true,"href":"https:\/\/sindenfermeiro.com.br\/index.php\/wp-json\/wp\/v2\/comments?post=43557"}],"version-history":[{"count":8,"href":"https:\/\/sindenfermeiro.com.br\/index.php\/wp-json\/wp\/v2\/posts\/43557\/revisions"}],"predecessor-version":[{"id":43566,"href":"https:\/\/sindenfermeiro.com.br\/index.php\/wp-json\/wp\/v2\/posts\/43557\/revisions\/43566"}],"wp:featuredmedia":[{"embeddable":true,"href":"https:\/\/sindenfermeiro.com.br\/index.php\/wp-json\/wp\/v2\/media\/43558"}],"wp:attachment":[{"href":"https:\/\/sindenfermeiro.com.br\/index.php\/wp-json\/wp\/v2\/media?parent=43557"}],"wp:term":[{"taxonomy":"category","embeddable":true,"href":"https:\/\/sindenfermeiro.com.br\/index.php\/wp-json\/wp\/v2\/categories?post=43557"},{"taxonomy":"post_tag","embeddable":true,"href":"https:\/\/sindenfermeiro.com.br\/index.php\/wp-json\/wp\/v2\/tags?post=43557"}],"curies":[{"name":"wp","href":"https:\/\/api.w.org\/{rel}","templated":true}]}}