{"id":43543,"date":"2022-06-22T13:57:06","date_gmt":"2022-06-22T16:57:06","guid":{"rendered":"https:\/\/sindenfermeiro.com.br\/?p=43543"},"modified":"2026-04-26T13:44:03","modified_gmt":"2026-04-26T16:44:03","slug":"43543","status":"publish","type":"post","link":"https:\/\/sindenfermeiro.com.br\/index.php\/2022\/06\/22\/43543\/","title":{"rendered":"Guia de Enfermagem na Aten\u00e7\u00e3o Prim\u00e1ria \u00e0 Sa\u00fade"},"content":{"rendered":"<div id=\"attachment_43544\" style=\"width: 404px\" class=\"wp-caption aligncenter\"><img loading=\"lazy\" decoding=\"async\" aria-describedby=\"caption-attachment-43544\" class=\"wp-image-43544 \" src=\"https:\/\/sindenfermeiro.com.br\/wp-content\/uploads\/2022\/06\/Manual-CAPA-1-722x1024.jpg\" alt=\"\" width=\"394\" height=\"559\" srcset=\"https:\/\/sindenfermeiro.com.br\/wp-content\/uploads\/2022\/06\/Manual-CAPA-1-722x1024.jpg 722w, https:\/\/sindenfermeiro.com.br\/wp-content\/uploads\/2022\/06\/Manual-CAPA-1-211x300.jpg 211w, https:\/\/sindenfermeiro.com.br\/wp-content\/uploads\/2022\/06\/Manual-CAPA-1-768x1089.jpg 768w, https:\/\/sindenfermeiro.com.br\/wp-content\/uploads\/2022\/06\/Manual-CAPA-1-1083x1536.jpg 1083w, https:\/\/sindenfermeiro.com.br\/wp-content\/uploads\/2022\/06\/Manual-CAPA-1.jpg 1166w\" sizes=\"auto, (max-width: 394px) 100vw, 394px\" \/><p id=\"caption-attachment-43544\" class=\"wp-caption-text\">Reprodu\u00e7\u00e3o\/SindEnfermeiro-DF<\/p><\/div>\n<p>Voc\u00ea conhece o <a href=\"https:\/\/sindenfermeiro.com.br\/wp-content\/uploads\/2020\/12\/GUIA-ATENCAO-PRIMARIA.pdf\">Guia de Enfermagem na Aten\u00e7\u00e3o Prim\u00e1ria \u00e0 Sa\u00fade<\/a>?<\/p>\n<p>A cartilha foi desenvolvida atrav\u00e9s da parceria entre o SindEnfermeiro-DF e as ex-estudantes de enfermagem da Escola Superior de Ci\u00eancias da Sa\u00fade (ESCS) B\u00e1rbara Jorba, P\u00e2mela Uaqui e Talita Freitas, e traz de forma simples e din\u00e2mica todas as orienta\u00e7\u00f5es necess\u00e1rias para a consulta de Enfermagem no \u00e2mbito da Aten\u00e7\u00e3o Prim\u00e1ria em Sa\u00fade (APS).<\/p>\n<p>Em dezembro de 2020, o material foi selecionado pela Organiza\u00e7\u00e3o Pan-Americana de Sa\u00fade (OPAS) \u2013 atrav\u00e9s do Laborat\u00f3rio de Inova\u00e7\u00e3o em Enfermagem \u2013 como uma das experi\u00eancias inovadoras produzidas por enfermeiros, t\u00e9cnicos e auxiliares no \u00e2mbito do Sistema \u00danico de Sa\u00fade (SUS), na \u00e1rea da gest\u00e3o de servi\u00e7os, da aten\u00e7\u00e3o \u00e0 sa\u00fade da popula\u00e7\u00e3o, da educa\u00e7\u00e3o e da forma\u00e7\u00e3o profissional.<\/p>\n<p><strong>LEIA AQUI O <a href=\"https:\/\/sindenfermeiro.com.br\/wp-content\/uploads\/2020\/12\/GUIA-ATENCAO-PRIMARIA.pdf\">GUIA DE ENFERMAGEM NA ATEN\u00c7\u00c3O PRIM\u00c1RIA \u00c0 SA\u00daDE<\/a><\/strong><\/p>\n","protected":false},"excerpt":{"rendered":"<p>Voc\u00ea conhece o Guia de Enfermagem na Aten\u00e7\u00e3o Prim\u00e1ria \u00e0 Sa\u00fade? A cartilha foi desenvolvida atrav\u00e9s da parceria entre o SindEnfermeiro-DF e as ex-estudantes de enfermagem da Escola Superior de Ci\u00eancias da Sa\u00fade (ESCS) B\u00e1rbara Jorba, P\u00e2mela Uaqui e Talita Freitas, e traz de forma simples e din\u00e2mica todas as orienta\u00e7\u00f5es necess\u00e1rias para a consulta [&hellip;]<\/p>\n","protected":false},"author":6,"featured_media":43549,"comment_status":"open","ping_status":"open","sticky":false,"template":"","format":"standard","meta":{"footnotes":""},"categories":[6,13,5],"tags":[57,835,21],"class_list":["post-43543","post","type-post","status-publish","format-standard","has-post-thumbnail","hentry","category-noticias","category-rede-privada","category-rede-publica","tag-escs","tag-guia-aps","tag-sindenfermeiro"],"_links":{"self":[{"href":"https:\/\/sindenfermeiro.com.br\/index.php\/wp-json\/wp\/v2\/posts\/43543","targetHints":{"allow":["GET"]}}],"collection":[{"href":"https:\/\/sindenfermeiro.com.br\/index.php\/wp-json\/wp\/v2\/posts"}],"about":[{"href":"https:\/\/sindenfermeiro.com.br\/index.php\/wp-json\/wp\/v2\/types\/post"}],"author":[{"embeddable":true,"href":"https:\/\/sindenfermeiro.com.br\/index.php\/wp-json\/wp\/v2\/users\/6"}],"replies":[{"embeddable":true,"href":"https:\/\/sindenfermeiro.com.br\/index.php\/wp-json\/wp\/v2\/comments?post=43543"}],"version-history":[{"count":3,"href":"https:\/\/sindenfermeiro.com.br\/index.php\/wp-json\/wp\/v2\/posts\/43543\/revisions"}],"predecessor-version":[{"id":43550,"href":"https:\/\/sindenfermeiro.com.br\/index.php\/wp-json\/wp\/v2\/posts\/43543\/revisions\/43550"}],"wp:featuredmedia":[{"embeddable":true,"href":"https:\/\/sindenfermeiro.com.br\/index.php\/wp-json\/wp\/v2\/media\/43549"}],"wp:attachment":[{"href":"https:\/\/sindenfermeiro.com.br\/index.php\/wp-json\/wp\/v2\/media?parent=43543"}],"wp:term":[{"taxonomy":"category","embeddable":true,"href":"https:\/\/sindenfermeiro.com.br\/index.php\/wp-json\/wp\/v2\/categories?post=43543"},{"taxonomy":"post_tag","embeddable":true,"href":"https:\/\/sindenfermeiro.com.br\/index.php\/wp-json\/wp\/v2\/tags?post=43543"}],"curies":[{"name":"wp","href":"https:\/\/api.w.org\/{rel}","templated":true}]}}