{"id":43534,"date":"2022-06-09T14:28:13","date_gmt":"2022-06-09T17:28:13","guid":{"rendered":"https:\/\/sindenfermeiro.com.br\/?p=43534"},"modified":"2026-04-29T16:28:37","modified_gmt":"2026-04-29T19:28:37","slug":"stj-define-que-rol-de-planos-de-saude-da-ans-e-taxativo-decisao-afeta-tratamentos-especiais-e-pode-aumentar-sobrecarga-do-sus","status":"publish","type":"post","link":"https:\/\/sindenfermeiro.com.br\/index.php\/2022\/06\/09\/stj-define-que-rol-de-planos-de-saude-da-ans-e-taxativo-decisao-afeta-tratamentos-especiais-e-pode-aumentar-sobrecarga-do-sus\/","title":{"rendered":"STJ define que rol de planos de sa\u00fade da ANS \u00e9 taxativo; decis\u00e3o afeta tratamentos especiais e pode aumentar sobrecarga do SUS"},"content":{"rendered":"<p><img loading=\"lazy\" decoding=\"async\" class=\"aligncenter wp-image-43535 \" src=\"https:\/\/sindenfermeiro.com.br\/wp-content\/uploads\/2022\/06\/IMG_9785-1024x683.jpg\" alt=\"\" width=\"799\" height=\"533\" srcset=\"https:\/\/sindenfermeiro.com.br\/wp-content\/uploads\/2022\/06\/IMG_9785-1024x683.jpg 1024w, https:\/\/sindenfermeiro.com.br\/wp-content\/uploads\/2022\/06\/IMG_9785-300x200.jpg 300w, https:\/\/sindenfermeiro.com.br\/wp-content\/uploads\/2022\/06\/IMG_9785-768x512.jpg 768w, https:\/\/sindenfermeiro.com.br\/wp-content\/uploads\/2022\/06\/IMG_9785-1536x1024.jpg 1536w, https:\/\/sindenfermeiro.com.br\/wp-content\/uploads\/2022\/06\/IMG_9785-2048x1365.jpg 2048w\" sizes=\"auto, (max-width: 799px) 100vw, 799px\" \/><\/p>\n<p>O Sindicato dos Enfermeiros do DF (SindEnfermeiro-DF) acompanhou desde ontem (08) as mobiliza\u00e7\u00f5es contra a decis\u00e3o do Superior Tribunal de Justi\u00e7a (STJ) que definiu, por seis votos a favor e tr\u00eas contr\u00e1rios, que o rol de procedimentos dos planos de sa\u00fade da Ag\u00eancia Nacional de Sa\u00fade Suplementar (ANS) s\u00e3o taxativos.<\/p>\n<p>E o presidente do SindEnfermeiro, Jorge Henrique, esteve presente no ato realizado na manh\u00e3 de ontem em frente ao pr\u00e9dio do STJ \u2013 onde dezenas de fam\u00edlias protestaram contra a decis\u00e3o que pode afetar e at\u00e9 impossibilitar o tratamento de pessoas com condi\u00e7\u00f5es especiais ou raras, al\u00e9m de levar o j\u00e1 sobrecarregado Sistema \u00danico de Sa\u00fade (SUS) ao colapso.<\/p>\n<p>A partir de agora, os planos de sa\u00fade n\u00e3o s\u00e3o obrigados a custear nenhum tratamento que esteja fora da lista de procedimentos contratados em cada modalidade de plano.<\/p>\n<p>At\u00e9 ent\u00e3o, o rol era considerado exemplificativo, ou seja, deveria atender a qualquer procedimento desde que solicitado pelo m\u00e9dico com justificativa e que o mesmo n\u00e3o fosse experimental.<\/p>\n<p><strong>Impactos no SUS<\/strong><\/p>\n<p><img loading=\"lazy\" decoding=\"async\" class=\"aligncenter wp-image-43536 \" src=\"https:\/\/sindenfermeiro.com.br\/wp-content\/uploads\/2022\/06\/IMG_9813-1024x683.jpg\" alt=\"\" width=\"795\" height=\"531\" srcset=\"https:\/\/sindenfermeiro.com.br\/wp-content\/uploads\/2022\/06\/IMG_9813-1024x683.jpg 1024w, https:\/\/sindenfermeiro.com.br\/wp-content\/uploads\/2022\/06\/IMG_9813-300x200.jpg 300w, https:\/\/sindenfermeiro.com.br\/wp-content\/uploads\/2022\/06\/IMG_9813-768x512.jpg 768w, https:\/\/sindenfermeiro.com.br\/wp-content\/uploads\/2022\/06\/IMG_9813-1536x1024.jpg 1536w, https:\/\/sindenfermeiro.com.br\/wp-content\/uploads\/2022\/06\/IMG_9813-2048x1365.jpg 2048w\" sizes=\"auto, (max-width: 795px) 100vw, 795px\" \/><\/p>\n<p>O presidente do SindEnfermeiro, Jorge Henrique, ressaltou que a decis\u00e3o vai limitar o acesso de milhares de fam\u00edlias a tratamentos que, muitas vezes, possuem custos inacess\u00edveis sem a cobertura dos planos de sa\u00fade e n\u00e3o s\u00e3o abrangidos pelo Sistema \u00danico de Sa\u00fade (SUS).<\/p>\n<p>\u201cEssa decis\u00e3o vem num momento em que o SUS j\u00e1 se encontra fragilizado e sobrecarregado, num processo que vem desde a aprova\u00e7\u00e3o da EC 95 que retira mais de R$ 20 bi da sa\u00fade por ano. Com isso, o n\u00famero de pessoas procurando os servi\u00e7os do SUS tende a aumentar ainda mais, o que fatalmente vai levar o sistema ao colapso\u201d, pontuou.<\/p>\n<p>Jorge ainda apontou que \u201cdefender o rol exemplificativo n\u00e3o \u00e9 um levante em benef\u00edcio das operadoras de planos, e sim da popula\u00e7\u00e3o. Nossa luta \u00e9 por um maior investimento do SUS para que essas pessoas n\u00e3o precisem pagar pelo seu direito de serem assistidas, mas \u00e9 necess\u00e1rio fazer justi\u00e7a a quem j\u00e1 depende dos planos de sa\u00fade \u2013 e tamb\u00e9m \u00e0 autonomia profissional de poder prescrever tratamentos ou medica\u00e7\u00f5es de acordo com as necessidades do paciente sem sofrer restri\u00e7\u00f5es\u201d.<\/p>\n","protected":false},"excerpt":{"rendered":"<p>O Sindicato dos Enfermeiros do DF (SindEnfermeiro-DF) acompanhou desde ontem (08) as mobiliza\u00e7\u00f5es contra a decis\u00e3o do Superior Tribunal de Justi\u00e7a (STJ) que definiu, por seis votos a favor e tr\u00eas contr\u00e1rios, que o rol de procedimentos dos planos de sa\u00fade da Ag\u00eancia Nacional de Sa\u00fade Suplementar (ANS) s\u00e3o taxativos. E o presidente do SindEnfermeiro, [&hellip;]<\/p>\n","protected":false},"author":6,"featured_media":43535,"comment_status":"open","ping_status":"open","sticky":false,"template":"","format":"standard","meta":{"footnotes":""},"categories":[6,13,5],"tags":[639,833,832,21,165],"class_list":["post-43534","post","type-post","status-publish","format-standard","has-post-thumbnail","hentry","category-noticias","category-rede-privada","category-rede-publica","tag-ans","tag-planos-de-saude","tag-rol-taxativo","tag-sindenfermeiro","tag-sus"],"_links":{"self":[{"href":"https:\/\/sindenfermeiro.com.br\/index.php\/wp-json\/wp\/v2\/posts\/43534","targetHints":{"allow":["GET"]}}],"collection":[{"href":"https:\/\/sindenfermeiro.com.br\/index.php\/wp-json\/wp\/v2\/posts"}],"about":[{"href":"https:\/\/sindenfermeiro.com.br\/index.php\/wp-json\/wp\/v2\/types\/post"}],"author":[{"embeddable":true,"href":"https:\/\/sindenfermeiro.com.br\/index.php\/wp-json\/wp\/v2\/users\/6"}],"replies":[{"embeddable":true,"href":"https:\/\/sindenfermeiro.com.br\/index.php\/wp-json\/wp\/v2\/comments?post=43534"}],"version-history":[{"count":1,"href":"https:\/\/sindenfermeiro.com.br\/index.php\/wp-json\/wp\/v2\/posts\/43534\/revisions"}],"predecessor-version":[{"id":43537,"href":"https:\/\/sindenfermeiro.com.br\/index.php\/wp-json\/wp\/v2\/posts\/43534\/revisions\/43537"}],"wp:featuredmedia":[{"embeddable":true,"href":"https:\/\/sindenfermeiro.com.br\/index.php\/wp-json\/wp\/v2\/media\/43535"}],"wp:attachment":[{"href":"https:\/\/sindenfermeiro.com.br\/index.php\/wp-json\/wp\/v2\/media?parent=43534"}],"wp:term":[{"taxonomy":"category","embeddable":true,"href":"https:\/\/sindenfermeiro.com.br\/index.php\/wp-json\/wp\/v2\/categories?post=43534"},{"taxonomy":"post_tag","embeddable":true,"href":"https:\/\/sindenfermeiro.com.br\/index.php\/wp-json\/wp\/v2\/tags?post=43534"}],"curies":[{"name":"wp","href":"https:\/\/api.w.org\/{rel}","templated":true}]}}