{"id":43526,"date":"2022-06-07T17:33:34","date_gmt":"2022-06-07T20:33:34","guid":{"rendered":"https:\/\/sindenfermeiro.com.br\/?p=43526"},"modified":"2026-04-29T16:29:08","modified_gmt":"2026-04-29T19:29:08","slug":"sindenfermeiro-empossa-nova-diretoria-para-a-gestao-2022-2026","status":"publish","type":"post","link":"https:\/\/sindenfermeiro.com.br\/index.php\/2022\/06\/07\/sindenfermeiro-empossa-nova-diretoria-para-a-gestao-2022-2026\/","title":{"rendered":"SindEnfermeiro empossa nova diretoria para a gest\u00e3o 2022-2026"},"content":{"rendered":"<p><img loading=\"lazy\" decoding=\"async\" class=\"aligncenter wp-image-43527 \" src=\"https:\/\/sindenfermeiro.com.br\/wp-content\/uploads\/2022\/06\/MG_3712-2-1024x683.jpg\" alt=\"\" width=\"735\" height=\"491\" srcset=\"https:\/\/sindenfermeiro.com.br\/wp-content\/uploads\/2022\/06\/MG_3712-2-1024x683.jpg 1024w, https:\/\/sindenfermeiro.com.br\/wp-content\/uploads\/2022\/06\/MG_3712-2-300x200.jpg 300w, https:\/\/sindenfermeiro.com.br\/wp-content\/uploads\/2022\/06\/MG_3712-2-768x512.jpg 768w, https:\/\/sindenfermeiro.com.br\/wp-content\/uploads\/2022\/06\/MG_3712-2-1536x1024.jpg 1536w, https:\/\/sindenfermeiro.com.br\/wp-content\/uploads\/2022\/06\/MG_3712-2-2048x1365.jpg 2048w\" sizes=\"auto, (max-width: 735px) 100vw, 735px\" \/><\/p>\n<p>Na noite de ontem (06), uma cerim\u00f4nia sem pompas marcou o in\u00edcio da gest\u00e3o \u201cResist\u00eancia, Luta e Conquistas\u201d, que vai representar o SindEnfermeiro e a categoria pelos pr\u00f3ximos quatro anos.<\/p>\n<p>Os diretores e secret\u00e1rios que v\u00e3o liderar o sindicato tomaram posse no audit\u00f3rio da entidade, com a presen\u00e7a de representantes do Conselho Regional de Enfermagem do Distrito Federal (COREN-DF), da Associa\u00e7\u00e3o Brasileira de Enfermagem\/Se\u00e7\u00e3o-DF (ABEn-DF), al\u00e9m de estudantes dos Centros Acad\u00eamicos de Enfermagem (CAEnf) da Escola Superior de Ci\u00eancias da Sa\u00fade e da Universidade Cat\u00f3lica de Bras\u00edlia (UCB).<\/p>\n<p>A cerim\u00f4nia de posse teve in\u00edcio por vota das 19h, quando os representantes das entidades convidadas puderam ter sua fala \u2013 e logo ap\u00f3s, os novos membros da diretoria executiva do sindicato. Em seguida, foram entregues os certificados de nomea\u00e7\u00e3o dos cargos aos membros da gest\u00e3o.<\/p>\n<p><strong>Confian\u00e7a da categoria nos rumos da entidade<\/strong><\/p>\n<p><img loading=\"lazy\" decoding=\"async\" class=\"aligncenter wp-image-43528 \" src=\"https:\/\/sindenfermeiro.com.br\/wp-content\/uploads\/2022\/06\/MG_3599-2-1024x683.jpg\" alt=\"\" width=\"743\" height=\"495\" srcset=\"https:\/\/sindenfermeiro.com.br\/wp-content\/uploads\/2022\/06\/MG_3599-2-1024x683.jpg 1024w, https:\/\/sindenfermeiro.com.br\/wp-content\/uploads\/2022\/06\/MG_3599-2-300x200.jpg 300w, https:\/\/sindenfermeiro.com.br\/wp-content\/uploads\/2022\/06\/MG_3599-2-768x512.jpg 768w, https:\/\/sindenfermeiro.com.br\/wp-content\/uploads\/2022\/06\/MG_3599-2-1536x1024.jpg 1536w, https:\/\/sindenfermeiro.com.br\/wp-content\/uploads\/2022\/06\/MG_3599-2-2048x1365.jpg 2048w\" sizes=\"auto, (max-width: 743px) 100vw, 743px\" \/><\/p>\n<p>O agora presidente em exerc\u00edcio Jorge Henrique apontou que um dos principais m\u00e9ritos das gest\u00f5es anteriores \u2013 e base para a atual \u2013 do SindEnfermeiro foi de promover o resgate da for\u00e7a de mobiliza\u00e7\u00e3o dos enfermeiros, e celebrou a possibilidade de seguir na luta pela constru\u00e7\u00e3o de um futuro ainda mais engajado politicamente para a categoria.<\/p>\n<p>\u201cEssa vit\u00f3ria expressa a confian\u00e7a no trabalho realizado pela diretoria do sindicato nos \u00faltimos anos. A luta contra a terceiriza\u00e7\u00e3o da sa\u00fade com o IGESDF, a atua\u00e7\u00e3o durante a pandemia e o reajuste nos vencimentos ap\u00f3s anos de espera, s\u00e3o fatos que v\u00e3o marcar por muito tempo o intenso trabalho do SindEnfermeiro durante a nossa gest\u00e3o. E agora, temos a possibilidade de renovar a diretoria e continuar construindo um futuro de mais lutas e vit\u00f3rias com a categoria\u201d, afirmou.<\/p>\n<p><strong>Continuidade de um trabalho s\u00f3lido<\/strong><\/p>\n<p><img loading=\"lazy\" decoding=\"async\" class=\"aligncenter wp-image-43531 \" src=\"https:\/\/sindenfermeiro.com.br\/wp-content\/uploads\/2022\/06\/MG_3735-2-1024x682.jpg\" alt=\"\" width=\"727\" height=\"484\" srcset=\"https:\/\/sindenfermeiro.com.br\/wp-content\/uploads\/2022\/06\/MG_3735-2-1024x682.jpg 1024w, https:\/\/sindenfermeiro.com.br\/wp-content\/uploads\/2022\/06\/MG_3735-2-300x200.jpg 300w, https:\/\/sindenfermeiro.com.br\/wp-content\/uploads\/2022\/06\/MG_3735-2-768x512.jpg 768w, https:\/\/sindenfermeiro.com.br\/wp-content\/uploads\/2022\/06\/MG_3735-2-1536x1024.jpg 1536w, https:\/\/sindenfermeiro.com.br\/wp-content\/uploads\/2022\/06\/MG_3735-2.jpg 2000w\" sizes=\"auto, (max-width: 727px) 100vw, 727px\" \/><\/p>\n<p>\u201cN\u00f3s sempre procuramos levar nosso trabalho aqui no sindicato com muito zelo, muito cuidado, desde o primeiro dia em que chegamos aqui. E eu sou muito grato por poder participar desse processo de resgate e consolida\u00e7\u00e3o que n\u00f3s pudemos executar nos \u00faltimos anos\u201d, avaliou Marcio da Mata, diretor executivo do SindEnfermeiro, e que far\u00e1 parte da nova gest\u00e3o da entidade.<\/p>\n<p><strong>Meta \u00e9 al\u00e7ar v\u00f4os ainda maiores<\/strong><\/p>\n<p><img loading=\"lazy\" decoding=\"async\" class=\"aligncenter wp-image-43530 \" src=\"https:\/\/sindenfermeiro.com.br\/wp-content\/uploads\/2022\/06\/MG_3724-2-1024x682.jpg\" alt=\"\" width=\"731\" height=\"487\" srcset=\"https:\/\/sindenfermeiro.com.br\/wp-content\/uploads\/2022\/06\/MG_3724-2-1024x682.jpg 1024w, https:\/\/sindenfermeiro.com.br\/wp-content\/uploads\/2022\/06\/MG_3724-2-300x200.jpg 300w, https:\/\/sindenfermeiro.com.br\/wp-content\/uploads\/2022\/06\/MG_3724-2-768x512.jpg 768w, https:\/\/sindenfermeiro.com.br\/wp-content\/uploads\/2022\/06\/MG_3724-2-1536x1024.jpg 1536w, https:\/\/sindenfermeiro.com.br\/wp-content\/uploads\/2022\/06\/MG_3724-2.jpg 2000w\" sizes=\"auto, (max-width: 731px) 100vw, 731px\" \/><\/p>\n<p>Para a diretora executiva Ursula Nepomoceno, \u201cessa vit\u00f3ria representa muito o momento que a nossa categoria passou nesses \u00faltimos dois anos. Uma mistura de emo\u00e7\u00f5es e sentimentos: medo e \u00e0s vezes frustra\u00e7\u00e3o, mas tamb\u00e9m sede de luta, resist\u00eancia, persist\u00eancia apesar do cansa\u00e7o e principalmente, uni\u00e3o. E se ainda n\u00e3o foi poss\u00edvel realizar tudo o que planejamos na \u00faltima gest\u00e3o, o foco agora \u00e9 justamente consolidar o nosso trabalho e al\u00e7ar voos ainda mais altos\u201d, completou.<\/p>\n<p>A gest\u00e3o \u201cResist\u00eancia, Luta e Conquistas\u201d que tomou posse ontem ter\u00e1 a seguinte forma\u00e7\u00e3o:<\/p>\n<p><strong>EXECUTIVA<\/strong><br \/>\nJorge Henrique de Sousa e Silva Filho \u2013 Presidente e secret\u00e1rio-geral<br \/>\nMarcio da Mata Souza \u2013 Diretor Financeiro<br \/>\nUrsula Batista de Oliveira Nepomoceno \u2013 Diretora Administrativa<\/p>\n<p><strong>DIRETORIA GERAL<\/strong><\/p>\n<p><strong>POL\u00cdTICA E FORMA\u00c7\u00c3O SINDICAL<\/strong><br \/>\nMarcos Andr\u00e9 Cavalcanti \u2013 Secret\u00e1rio Pol\u00edtico e de Forma\u00e7\u00e3o Sindical<br \/>\nS\u00e9rgio Lima Gon\u00e7alves \u2013 Secret\u00e1rio Pol\u00edtico e de Forma\u00e7\u00e3o Sindical (Suplente)<\/p>\n<p><strong>COMUNICA\u00c7\u00c3O E MARKETING<\/strong><br \/>\nNayara J\u00e9ssica Silva \u2013 Secret\u00e1ria de Comunica\u00e7\u00e3o e Marketing<br \/>\nFerdinan Jos\u00e9 do Lago \u2013 Secret\u00e1rio de Comunica\u00e7\u00e3o e Marketing (Suplente)<\/p>\n<p><strong>ASSUNTOS SOCIAIS E SA\u00daDE DO TRABALHADOR<\/strong><br \/>\nAdriano Lim\u00edrio da Silva \u2013 Secret\u00e1rio de Assuntos Sociais e Sa\u00fade do Trabalhador<br \/>\nAna Catarine Melo de Oliveira Carneiro \u2013 Secret\u00e1ria de Assuntos Sociais e Sa\u00fade do Trabalhador<\/p>\n<p><strong>CONSELHO FISCAL<\/strong><br \/>\nCleber Neves Cunha \u2013 Conselho Fiscal<br \/>\nElis\u00e2ngela Andrade Silva Motta \u2013 Conselho Fiscal (Suplente)<br \/>\nF\u00e1bio Alves de Aguiar \u2013 Conselho Fiscal<br \/>\nInaldo Sarmento Bas\u00edlio \u2013 Conselho Fiscal<br \/>\nSuderlan Sabino Leandro \u2013 Conselho Fiscal (Suplente)<\/p>\n<p><strong>RELA\u00c7\u00d5ES DE TRABALHO E APOIO \u00c0 REDE PRIVADA<\/strong><br \/>\nRangel Fernandes de Souza \u2013 Secret\u00e1rio de Rela\u00e7\u00f5es de Trabalho e de Apoio \u00e0 Rede Privada<br \/>\nMarcela Vilarim Muniz \u2013 Secret\u00e1ria de Rela\u00e7\u00f5es de Trabalho e de Apoio \u00e0 Rede Privada (Suplente)<\/p>\n<p><strong>ASSUNTOS JUR\u00cdDICOS<\/strong><br \/>\nKelly Cristina Coelho Costa \u2013 Secret\u00e1ria de Assuntos Jur\u00eddicos<br \/>\nJozin\u00e9lio Severino Teixeira \u2013 Secret\u00e1rio de Assuntos Jur\u00eddicos (Suplente)<\/p>\n","protected":false},"excerpt":{"rendered":"<p>Na noite de ontem (06), uma cerim\u00f4nia sem pompas marcou o in\u00edcio da gest\u00e3o \u201cResist\u00eancia, Luta e Conquistas\u201d, que vai representar o SindEnfermeiro e a categoria pelos pr\u00f3ximos quatro anos. Os diretores e secret\u00e1rios que v\u00e3o liderar o sindicato tomaram posse no audit\u00f3rio da entidade, com a presen\u00e7a de representantes do Conselho Regional de Enfermagem [&hellip;]<\/p>\n","protected":false},"author":6,"featured_media":43527,"comment_status":"open","ping_status":"open","sticky":false,"template":"","format":"standard","meta":{"footnotes":""},"categories":[6,13,5],"tags":[830,831,829,21],"class_list":["post-43526","post","type-post","status-publish","format-standard","has-post-thumbnail","hentry","category-noticias","category-rede-privada","category-rede-publica","tag-diretoria","tag-nova-gestao","tag-posse","tag-sindenfermeiro"],"_links":{"self":[{"href":"https:\/\/sindenfermeiro.com.br\/index.php\/wp-json\/wp\/v2\/posts\/43526","targetHints":{"allow":["GET"]}}],"collection":[{"href":"https:\/\/sindenfermeiro.com.br\/index.php\/wp-json\/wp\/v2\/posts"}],"about":[{"href":"https:\/\/sindenfermeiro.com.br\/index.php\/wp-json\/wp\/v2\/types\/post"}],"author":[{"embeddable":true,"href":"https:\/\/sindenfermeiro.com.br\/index.php\/wp-json\/wp\/v2\/users\/6"}],"replies":[{"embeddable":true,"href":"https:\/\/sindenfermeiro.com.br\/index.php\/wp-json\/wp\/v2\/comments?post=43526"}],"version-history":[{"count":2,"href":"https:\/\/sindenfermeiro.com.br\/index.php\/wp-json\/wp\/v2\/posts\/43526\/revisions"}],"predecessor-version":[{"id":43533,"href":"https:\/\/sindenfermeiro.com.br\/index.php\/wp-json\/wp\/v2\/posts\/43526\/revisions\/43533"}],"wp:featuredmedia":[{"embeddable":true,"href":"https:\/\/sindenfermeiro.com.br\/index.php\/wp-json\/wp\/v2\/media\/43527"}],"wp:attachment":[{"href":"https:\/\/sindenfermeiro.com.br\/index.php\/wp-json\/wp\/v2\/media?parent=43526"}],"wp:term":[{"taxonomy":"category","embeddable":true,"href":"https:\/\/sindenfermeiro.com.br\/index.php\/wp-json\/wp\/v2\/categories?post=43526"},{"taxonomy":"post_tag","embeddable":true,"href":"https:\/\/sindenfermeiro.com.br\/index.php\/wp-json\/wp\/v2\/tags?post=43526"}],"curies":[{"name":"wp","href":"https:\/\/api.w.org\/{rel}","templated":true}]}}