{"id":43517,"date":"2022-05-31T16:19:58","date_gmt":"2022-05-31T19:19:58","guid":{"rendered":"https:\/\/sindenfermeiro.com.br\/?p=43517"},"modified":"2026-04-26T14:59:44","modified_gmt":"2026-04-26T17:59:44","slug":"pec-11-2022-conheca-o-projeto-que-possibilita-sancao-do-piso-salarial-da-enfermagem","status":"publish","type":"post","link":"https:\/\/sindenfermeiro.com.br\/index.php\/2022\/05\/31\/pec-11-2022-conheca-o-projeto-que-possibilita-sancao-do-piso-salarial-da-enfermagem\/","title":{"rendered":"PEC 11\/2022: Conhe\u00e7a o projeto que possibilita san\u00e7\u00e3o do Piso Salarial da Enfermagem"},"content":{"rendered":"<div id=\"attachment_43518\" style=\"width: 778px\" class=\"wp-caption aligncenter\"><img loading=\"lazy\" decoding=\"async\" aria-describedby=\"caption-attachment-43518\" class=\"wp-image-43518 size-full\" src=\"https:\/\/sindenfermeiro.com.br\/wp-content\/uploads\/2022\/05\/img20220504124028733-768x511-1.jpg\" alt=\"\" width=\"768\" height=\"511\" srcset=\"https:\/\/sindenfermeiro.com.br\/wp-content\/uploads\/2022\/05\/img20220504124028733-768x511-1.jpg 768w, https:\/\/sindenfermeiro.com.br\/wp-content\/uploads\/2022\/05\/img20220504124028733-768x511-1-300x200.jpg 300w\" sizes=\"auto, (max-width: 768px) 100vw, 768px\" \/><p id=\"caption-attachment-43518\" class=\"wp-caption-text\">Foto: Paulo S\u00e9rgio\/C\u00e2mara dos Deputados<\/p><\/div>\n<p>Na pr\u00f3xima quinta-feira (02), o Senado Federal vai votar em plen\u00e1rio a Proposta de Emenda \u00e0 Constitui\u00e7\u00e3o n\u00ba11\/2022 \u2013 que estabelece a legalidade jur\u00eddica para a aprova\u00e7\u00e3o do Piso Salarial da Enfermagem.<\/p>\n<p>E a d\u00favida de muitos profissionais de Enfermagem ainda \u00e9: por que a PEC 11 \u00e9 t\u00e3o importante para a aprova\u00e7\u00e3o do Piso Salarial?<\/p>\n<p>No in\u00edcio de maio, o Congresso Nacional aprovou o projeto de lei que institui o Piso Salarial da Enfermagem em todo o Brasil \u2013 e a princ\u00edpio, o pr\u00f3ximo passo seria enviar o projeto para san\u00e7\u00e3o do Poder Executivo. Mas para que a lei passe a valer, \u00e9 necess\u00e1rio que haja a indica\u00e7\u00e3o da fonte de custeio prevista na Constitui\u00e7\u00e3o.<\/p>\n<p>Para isso, o Senado protocolou a Proposta de Emenda \u00e0 Constitui\u00e7\u00e3o n\u00ba11\/2022 na mesma data da aprova\u00e7\u00e3o do PL. De autoria da senadora Eliziane Gama (Cidadania-MA), a PEC 11 n\u00e3o s\u00f3 permite a vig\u00eancia do Piso, como tamb\u00e9m garante que a lei j\u00e1 entre em vigor no pr\u00f3ximo exerc\u00edcio financeiro \u00e0 sua san\u00e7\u00e3o \u2013 permitindo que os entes federados tenham tempo para ajustar seus or\u00e7amentos.<\/p>\n<p><strong>E se o presidente simplesmente sancionar o Piso Salarial sem a PEC 11?<\/strong><\/p>\n<p>H\u00e1 o risco de que a lei seja caracterizada como v\u00edcio de iniciativa e tenha sua validade suspensa a qualquer momento.<\/p>\n<p>\u201cDe nada vai adiantar aprovar o PL do piso salarial se no dia seguinte ele for suspenso pelos tribunais do pa\u00eds. Por isso, propomos replicar o arranjo constitucional feito para o piso salarial profissional nacional do magist\u00e9rio, previsto expressamente na Constitui\u00e7\u00e3o e regulado por lei ordin\u00e1ria\u201d, pontuou a parlamentar na justificativa do projeto.<\/p>\n<p><strong>E qual \u00e9 a situa\u00e7\u00e3o da rede privada em meio a isso?<\/strong><\/p>\n<p>H\u00e1 ainda outro projeto na C\u00e2mara dos Deputados \u2013 o PL 1272\/2022 \u2013 que prop\u00f5e a inclus\u00e3o da \u00e1rea da sa\u00fade na lista de setores com desonera\u00e7\u00e3o da folha de pagamentos. Na \u00faltima semana, a Casa aprovou a tramita\u00e7\u00e3o de urg\u00eancia do projeto, mas ainda n\u00e3o h\u00e1 uma data definida para que seja apreciado em plen\u00e1rio \u2013 possivelmente s\u00f3 ap\u00f3s a vota\u00e7\u00e3o da PEC 11.<\/p>\n<p>\u201cA aprova\u00e7\u00e3o do PL 2564 no Senado e na C\u00e2mara dos Deputados, ap\u00f3s dezenas de mobiliza\u00e7\u00f5es nos estados e no DF, foi um passo importante para que a Enfermagem fizesse as reflex\u00f5es necess\u00e1rias sobre as pr\u00e1ticas que desenvolve na sociedade, mas principalmente, para que a categoria resgatasse a sua for\u00e7a de mobiliza\u00e7\u00e3o. Agora, seguimos confiantes que a PEC 11 ser\u00e1 aprovada e a nossa luta \u2013 que j\u00e1 dura d\u00e9cadas \u2013 seja recompensada com a t\u00e3o sonhada valoriza\u00e7\u00e3o\u201d, finalizou o presidente em exerc\u00edcio do SindEnfermeiro-DF, Jorge Henrique<\/p>\n","protected":false},"excerpt":{"rendered":"<p>Na pr\u00f3xima quinta-feira (02), o Senado Federal vai votar em plen\u00e1rio a Proposta de Emenda \u00e0 Constitui\u00e7\u00e3o n\u00ba11\/2022 \u2013 que estabelece a legalidade jur\u00eddica para a aprova\u00e7\u00e3o do Piso Salarial da Enfermagem. E a d\u00favida de muitos profissionais de Enfermagem ainda \u00e9: por que a PEC 11 \u00e9 t\u00e3o importante para a aprova\u00e7\u00e3o do Piso [&hellip;]<\/p>\n","protected":false},"author":6,"featured_media":43518,"comment_status":"open","ping_status":"open","sticky":false,"template":"","format":"standard","meta":{"footnotes":""},"categories":[6,13,5],"tags":[827,7,445,53,528,21],"class_list":["post-43517","post","type-post","status-publish","format-standard","has-post-thumbnail","hentry","category-noticias","category-rede-privada","category-rede-publica","tag-827","tag-enfermagem","tag-pec","tag-piso-salarial","tag-pl-2564","tag-sindenfermeiro"],"_links":{"self":[{"href":"https:\/\/sindenfermeiro.com.br\/index.php\/wp-json\/wp\/v2\/posts\/43517","targetHints":{"allow":["GET"]}}],"collection":[{"href":"https:\/\/sindenfermeiro.com.br\/index.php\/wp-json\/wp\/v2\/posts"}],"about":[{"href":"https:\/\/sindenfermeiro.com.br\/index.php\/wp-json\/wp\/v2\/types\/post"}],"author":[{"embeddable":true,"href":"https:\/\/sindenfermeiro.com.br\/index.php\/wp-json\/wp\/v2\/users\/6"}],"replies":[{"embeddable":true,"href":"https:\/\/sindenfermeiro.com.br\/index.php\/wp-json\/wp\/v2\/comments?post=43517"}],"version-history":[{"count":1,"href":"https:\/\/sindenfermeiro.com.br\/index.php\/wp-json\/wp\/v2\/posts\/43517\/revisions"}],"predecessor-version":[{"id":43519,"href":"https:\/\/sindenfermeiro.com.br\/index.php\/wp-json\/wp\/v2\/posts\/43517\/revisions\/43519"}],"wp:featuredmedia":[{"embeddable":true,"href":"https:\/\/sindenfermeiro.com.br\/index.php\/wp-json\/wp\/v2\/media\/43518"}],"wp:attachment":[{"href":"https:\/\/sindenfermeiro.com.br\/index.php\/wp-json\/wp\/v2\/media?parent=43517"}],"wp:term":[{"taxonomy":"category","embeddable":true,"href":"https:\/\/sindenfermeiro.com.br\/index.php\/wp-json\/wp\/v2\/categories?post=43517"},{"taxonomy":"post_tag","embeddable":true,"href":"https:\/\/sindenfermeiro.com.br\/index.php\/wp-json\/wp\/v2\/tags?post=43517"}],"curies":[{"name":"wp","href":"https:\/\/api.w.org\/{rel}","templated":true}]}}