{"id":43498,"date":"2022-05-23T16:39:39","date_gmt":"2022-05-23T19:39:39","guid":{"rendered":"https:\/\/sindenfermeiro.com.br\/?p=43498"},"modified":"2026-04-30T09:04:23","modified_gmt":"2026-04-30T12:04:23","slug":"juridico-enfermeira-aposentada-ganha-direito-a-correcao-monetaria-de-licenca-premio-por-atraso-no-pagamento-dos-valores","status":"publish","type":"post","link":"https:\/\/sindenfermeiro.com.br\/index.php\/2022\/05\/23\/juridico-enfermeira-aposentada-ganha-direito-a-correcao-monetaria-de-licenca-premio-por-atraso-no-pagamento-dos-valores\/","title":{"rendered":"JUR\u00cdDICO: Enfermeira aposentada ganha direito a corre\u00e7\u00e3o monet\u00e1ria de licen\u00e7a\u2013pr\u00eamio por atraso no pagamento dos valores"},"content":{"rendered":"<p><img loading=\"lazy\" decoding=\"async\" class=\"aligncenter wp-image-43499 \" src=\"https:\/\/sindenfermeiro.com.br\/wp-content\/uploads\/2022\/05\/truth-concept-arrangement-with-balance-1024x683.jpg\" alt=\"\" width=\"802\" height=\"535\" srcset=\"https:\/\/sindenfermeiro.com.br\/wp-content\/uploads\/2022\/05\/truth-concept-arrangement-with-balance-1024x683.jpg 1024w, https:\/\/sindenfermeiro.com.br\/wp-content\/uploads\/2022\/05\/truth-concept-arrangement-with-balance-300x200.jpg 300w, https:\/\/sindenfermeiro.com.br\/wp-content\/uploads\/2022\/05\/truth-concept-arrangement-with-balance-768x512.jpg 768w, https:\/\/sindenfermeiro.com.br\/wp-content\/uploads\/2022\/05\/truth-concept-arrangement-with-balance-1536x1024.jpg 1536w, https:\/\/sindenfermeiro.com.br\/wp-content\/uploads\/2022\/05\/truth-concept-arrangement-with-balance-2048x1365.jpg 2048w\" sizes=\"auto, (max-width: 802px) 100vw, 802px\" \/><\/p>\n<p>Em 2016, uma enfermeira da Secretaria de Sa\u00fade do DF fez o seu pedido de aposentadoria, e solicitou na ocasi\u00e3o a convers\u00e3o de 11 meses de licen\u00e7a-pr\u00eamio n\u00e3o utilizada em pec\u00fania \u2013 como previsto na Lei Complementar 840\/11. No entanto, a servidora precisou esperar mais de dois anos para receber os valores, que por sua vez n\u00e3o foram debitados com a corre\u00e7\u00e3o monet\u00e1ria referente ao per\u00edodo entre julho de 2016 e mar\u00e7o de 2021.<\/p>\n<p>Em raz\u00e3o da situa\u00e7\u00e3o, a enfermeira solicitou ao departamento jur\u00eddico do SindEnfermeiro para que entrasse com a\u00e7\u00e3o judicial perante a 7\u00aa Vara da Fazenda P\u00fablica cobrando a corre\u00e7\u00e3o monet\u00e1ria entre o tempo de espera do pagamento, e a inclus\u00e3o de algumas gratifica\u00e7\u00f5es na base de c\u00e1lculo da licen\u00e7a.<\/p>\n<p>Menos de tr\u00eas meses ap\u00f3s a a\u00e7\u00e3o, o GDF foi condenado a realizar a corre\u00e7\u00e3o monet\u00e1ria dos valores pagos \u00e0 enfermeira \u2013 quase R$ 100 mil a mais do que j\u00e1 havia sido debitado anteriormente.<\/p>\n<p>E voc\u00ea sabia que os filiados ao SindEnfermeiro tem direito a assist\u00eancia jur\u00eddica individual e coletiva em a\u00e7\u00f5es como esta? Nossos advogados est\u00e3o \u00e0 disposi\u00e7\u00e3o para maiores informa\u00e7\u00f5es, atrav\u00e9s dos telefones (61) 3447-9697, (61) 99277-3825 ou pelo e-mail jur\u00eddico@sindenfermeiro.com.br.<\/p>\n","protected":false},"excerpt":{"rendered":"<p>Em 2016, uma enfermeira da Secretaria de Sa\u00fade do DF fez o seu pedido de aposentadoria, e solicitou na ocasi\u00e3o a convers\u00e3o de 11 meses de licen\u00e7a-pr\u00eamio n\u00e3o utilizada em pec\u00fania \u2013 como previsto na Lei Complementar 840\/11. No entanto, a servidora precisou esperar mais de dois anos para receber os valores, que por sua [&hellip;]<\/p>\n","protected":false},"author":6,"featured_media":43499,"comment_status":"open","ping_status":"open","sticky":false,"template":"","format":"standard","meta":{"footnotes":""},"categories":[334,5],"tags":[],"class_list":["post-43498","post","type-post","status-publish","format-standard","has-post-thumbnail","hentry","category-juridico","category-rede-publica"],"_links":{"self":[{"href":"https:\/\/sindenfermeiro.com.br\/index.php\/wp-json\/wp\/v2\/posts\/43498","targetHints":{"allow":["GET"]}}],"collection":[{"href":"https:\/\/sindenfermeiro.com.br\/index.php\/wp-json\/wp\/v2\/posts"}],"about":[{"href":"https:\/\/sindenfermeiro.com.br\/index.php\/wp-json\/wp\/v2\/types\/post"}],"author":[{"embeddable":true,"href":"https:\/\/sindenfermeiro.com.br\/index.php\/wp-json\/wp\/v2\/users\/6"}],"replies":[{"embeddable":true,"href":"https:\/\/sindenfermeiro.com.br\/index.php\/wp-json\/wp\/v2\/comments?post=43498"}],"version-history":[{"count":1,"href":"https:\/\/sindenfermeiro.com.br\/index.php\/wp-json\/wp\/v2\/posts\/43498\/revisions"}],"predecessor-version":[{"id":43500,"href":"https:\/\/sindenfermeiro.com.br\/index.php\/wp-json\/wp\/v2\/posts\/43498\/revisions\/43500"}],"wp:featuredmedia":[{"embeddable":true,"href":"https:\/\/sindenfermeiro.com.br\/index.php\/wp-json\/wp\/v2\/media\/43499"}],"wp:attachment":[{"href":"https:\/\/sindenfermeiro.com.br\/index.php\/wp-json\/wp\/v2\/media?parent=43498"}],"wp:term":[{"taxonomy":"category","embeddable":true,"href":"https:\/\/sindenfermeiro.com.br\/index.php\/wp-json\/wp\/v2\/categories?post=43498"},{"taxonomy":"post_tag","embeddable":true,"href":"https:\/\/sindenfermeiro.com.br\/index.php\/wp-json\/wp\/v2\/tags?post=43498"}],"curies":[{"name":"wp","href":"https:\/\/api.w.org\/{rel}","templated":true}]}}