{"id":43488,"date":"2022-05-17T09:56:14","date_gmt":"2022-05-17T12:56:14","guid":{"rendered":"https:\/\/sindenfermeiro.com.br\/?p=43488"},"modified":"2026-04-29T16:48:44","modified_gmt":"2026-04-29T19:48:44","slug":"opiniao-violencia-sofrida-por-trabalhadores-da-saude-e-institucional","status":"publish","type":"post","link":"https:\/\/sindenfermeiro.com.br\/index.php\/2022\/05\/17\/opiniao-violencia-sofrida-por-trabalhadores-da-saude-e-institucional\/","title":{"rendered":"OPINI\u00c3O: Viol\u00eancia sofrida por trabalhadores da Sa\u00fade \u00e9 institucional"},"content":{"rendered":"<p><img loading=\"lazy\" decoding=\"async\" class=\"aligncenter wp-image-43464 \" src=\"https:\/\/sindenfermeiro.com.br\/wp-content\/uploads\/2022\/05\/IMG_9187-1024x683.jpg\" alt=\"\" width=\"734\" height=\"490\" srcset=\"https:\/\/sindenfermeiro.com.br\/wp-content\/uploads\/2022\/05\/IMG_9187-1024x683.jpg 1024w, https:\/\/sindenfermeiro.com.br\/wp-content\/uploads\/2022\/05\/IMG_9187-300x200.jpg 300w, https:\/\/sindenfermeiro.com.br\/wp-content\/uploads\/2022\/05\/IMG_9187-768x512.jpg 768w, https:\/\/sindenfermeiro.com.br\/wp-content\/uploads\/2022\/05\/IMG_9187-1536x1024.jpg 1536w, https:\/\/sindenfermeiro.com.br\/wp-content\/uploads\/2022\/05\/IMG_9187-2048x1365.jpg 2048w\" sizes=\"auto, (max-width: 734px) 100vw, 734px\" \/><\/p>\n<p>&nbsp;<\/p>\n<p style=\"padding-left: 40px\"><em>Por Jorge Henrique, secret\u00e1rio-geral do SindEnfermeiro-DF<\/em><\/p>\n<p>O aumento no n\u00famero de agress\u00f5es sofridas por profissionais da rede p\u00fablica de sa\u00fade no Distrito Federal \u00e9 alarmante. Os telejornais e notici\u00e1rios t\u00eam veiculado, quase que diariamente, relatos de viol\u00eancia nas unidades de sa\u00fade \u2013 sendo o \u00faltimo caso a agress\u00e3o a um T\u00e9cnico de Enfermagem, que teve seu bra\u00e7o fraturado durante plant\u00e3o na classifica\u00e7\u00e3o de risco do Hospital Regional de Planaltina (HRPL) no \u00faltimo final de semana.<\/p>\n<p>Em situa\u00e7\u00f5es de aumento expressivo de viol\u00eancia contra profissionais da sa\u00fade \u00e9 preciso se distanciar, a princ\u00edpio, do lugar comum da concep\u00e7\u00e3o gerencialista dos sistemas e servi\u00e7os de sa\u00fade que, ami\u00fade, determina a ado\u00e7\u00e3o de programas e a\u00e7\u00f5es que contemplem a educa\u00e7\u00e3o, treinamento e interven\u00e7\u00f5es na gest\u00e3o da viol\u00eancia no pr\u00f3prio local de trabalho. A banaliza\u00e7\u00e3o da viol\u00eancia n\u00e3o pode ser encarada como um evento adverso rotineiro, assim como acidentes de trabalho, principalmente entre profissionais da enfermagem, n\u00e3o podem ser tratados como \u201cato inseguro\u201d pass\u00edveis de remendos ou ajustes a n\u00edvel local.<\/p>\n<p>O aumento exponencial da viol\u00eancia contra agentes p\u00fablicos deve ser avaliado no contexto da organiza\u00e7\u00e3o dos servi\u00e7os de sa\u00fade. \u00c9 preciso considerar, portanto, os modelos de gest\u00e3o, a configura\u00e7\u00e3o da rede assistencial, a orienta\u00e7\u00e3o das pr\u00e1ticas de sa\u00fade, a oferta e a organiza\u00e7\u00e3o da for\u00e7a de trabalho, assim como o investimento p\u00fablico na Sa\u00fade.<\/p>\n<p>Com base nessas caracter\u00edsticas, \u00e9 percept\u00edvel o processo de desorganiza\u00e7\u00e3o na rede assistencial da Secretaria de Sa\u00fade do DF. Nos \u00faltimos quatro anos, as tentativas de desestrutura\u00e7\u00e3o das unidades de sa\u00fade sob gest\u00e3o direta da SES foram sistem\u00e1ticas, a come\u00e7ar pela terceiriza\u00e7\u00e3o da gest\u00e3o do Hospital de Base no ano de 2018, pelo ent\u00e3o governador Rodrigo Rollemberg. No in\u00edcio de 2019, contrariando suas promessas eleitorais, Ibaneis ampliou a terceiriza\u00e7\u00e3o e criou o Instituto de Gest\u00e3o Estrat\u00e9gica de Sa\u00fade do DF (IGESDF), que passou a gerir tamb\u00e9m o Hospital Regional de Santa Maria e as Unidades de Pronto Atendimento (UPAs).<\/p>\n<p>A terceiriza\u00e7\u00e3o das unidades de sa\u00fade imp\u00f4s a fragmenta\u00e7\u00e3o da rede assistencial, com a cria\u00e7\u00e3o de uma gest\u00e3o que passou a funcionar atrav\u00e9s da l\u00f3gica do direito privado, com base em contratos aditivos de servi\u00e7os com a SES, amplia\u00e7\u00e3o indiscriminada com prestadores de servi\u00e7os privados e restri\u00e7\u00e3o de atendimento a pacientes atendidos pela gest\u00e3o direta da pasta, desconsiderando, assim, as necessidades b\u00e1sicas de sa\u00fade da popula\u00e7\u00e3o do DF.<\/p>\n<p>Como instrumento pol\u00edtico a servi\u00e7o do governo, a gest\u00e3o terceirizada aumentou gastos com diretores do alto escal\u00e3o do IGESDF, abusa das indica\u00e7\u00f5es pol\u00edticas para os cargos de dire\u00e7\u00e3o das unidades e se compromete com den\u00fancias de favorecimento de prestadores de servi\u00e7os. Hoje, a SES j\u00e1 repassa mais de 30% do valor de seu or\u00e7amento para a gest\u00e3o do IGESDF, al\u00e9m das dezenas de contratos aditivos que custam milh\u00f5es para o governo.<\/p>\n<p>Na gest\u00e3o, foi not\u00f3ria a desarticula\u00e7\u00e3o do Hospital de Base, a exemplo da extin\u00e7\u00e3o da neurocardiologia, considerado um setor de excel\u00eancia do hospital. A redu\u00e7\u00e3o dos servi\u00e7os especializados do hospital tamb\u00e9m impactou o atendimento dos pacientes nas UPAs, que passaram a internar pacientes graves \u2013 responsabilidade essa que \u00e9 dos hospitais de alta complexidade. Por conta dessa situa\u00e7\u00e3o, houve a interrup\u00e7\u00e3o do fluxo de refer\u00eancia e contrarrefer\u00eancia da rede, comprometendo o atendimento a urg\u00eancias e emerg\u00eancias nas portas destas unidades.<\/p>\n<p>As Unidades B\u00e1sicas de Sa\u00fade (UBS), sob gest\u00e3o direta da SES, t\u00eam recebido, como consequ\u00eancia da terceiriza\u00e7\u00e3o, a maior parte das demandas de sa\u00fade da popula\u00e7\u00e3o, incluindo as urg\u00eancias e emerg\u00eancias. A APS tem funcionado sob a l\u00f3gica do atendimento de demanda espont\u00e2nea e est\u00e1 sufocada pela demanda restrita de uma popula\u00e7\u00e3o que n\u00e3o tem a sua disposi\u00e7\u00e3o o atendimento efetivo das Equipes de Sa\u00fade da Fam\u00edlia, seja por falta de profissionais, seja pela quantidade de pessoas que procuram as unidades. Al\u00e9m disso, s\u00e3o dezenas de territ\u00f3rios que n\u00e3o tem a cobertura de ESF e que, consequentemente, sobrecarregam as equipes de outras regi\u00f5es.<\/p>\n<p>Esse modelo de assist\u00eancia fragmentado tem como consequ\u00eancias o comprometimento da assist\u00eancia \u00e0 popula\u00e7\u00e3o, que enfrenta demora no atendimento nas unidades de sa\u00fade, longas filas para realiza\u00e7\u00e3o de exames, procedimentos e cirurgias, e a sobrecarga de trabalho aos profissionais da sa\u00fade, que passam a conviver com o sofrimento f\u00edsico e ps\u00edquico decorrente da escassez de insumos, de medicamentos, de pessoal e das p\u00e9ssimas condi\u00e7\u00f5es de trabalho. Por isso, a agress\u00e3o a profissionais da sa\u00fade \u00e9 apenas mais um elemento da viol\u00eancia institucional praticada contra os trabalhadores.<\/p>\n<p>Diante de toda essa situa\u00e7\u00e3o, \u00e9 urgente que o governo acabe com o modelo de gest\u00e3o terceirizada (IGESDF), que n\u00e3o trouxe nenhum benef\u00edcio para a popula\u00e7\u00e3o do DF, e apresente um planejamento estrat\u00e9gico que fortale\u00e7a a APS, amplie as ESF nos territ\u00f3rios, integre a rede de sa\u00fade nos tr\u00eas n\u00edveis assistenciais, organize a for\u00e7a de trabalho e proporcione atendimento integral \u00e0s demandas da popula\u00e7\u00e3o. S\u00f3 assim \u00e9 poss\u00edvel discutir programas e a\u00e7\u00f5es de preven\u00e7\u00e3o e controle da viol\u00eancia contra os profissionais de sa\u00fade.<\/p>\n","protected":false},"excerpt":{"rendered":"<p>&nbsp; Por Jorge Henrique, secret\u00e1rio-geral do SindEnfermeiro-DF O aumento no n\u00famero de agress\u00f5es sofridas por profissionais da rede p\u00fablica de sa\u00fade no Distrito Federal \u00e9 alarmante. Os telejornais e notici\u00e1rios t\u00eam veiculado, quase que diariamente, relatos de viol\u00eancia nas unidades de sa\u00fade \u2013 sendo o \u00faltimo caso a agress\u00e3o a um T\u00e9cnico de Enfermagem, que [&hellip;]<\/p>\n","protected":false},"author":6,"featured_media":43464,"comment_status":"open","ping_status":"open","sticky":false,"template":"","format":"standard","meta":{"footnotes":""},"categories":[6,5],"tags":[7,120,428,236,783],"class_list":["post-43488","post","type-post","status-publish","format-standard","has-post-thumbnail","hentry","category-noticias","category-rede-publica","tag-enfermagem","tag-gdf","tag-opiniao","tag-ses","tag-violencia"],"_links":{"self":[{"href":"https:\/\/sindenfermeiro.com.br\/index.php\/wp-json\/wp\/v2\/posts\/43488","targetHints":{"allow":["GET"]}}],"collection":[{"href":"https:\/\/sindenfermeiro.com.br\/index.php\/wp-json\/wp\/v2\/posts"}],"about":[{"href":"https:\/\/sindenfermeiro.com.br\/index.php\/wp-json\/wp\/v2\/types\/post"}],"author":[{"embeddable":true,"href":"https:\/\/sindenfermeiro.com.br\/index.php\/wp-json\/wp\/v2\/users\/6"}],"replies":[{"embeddable":true,"href":"https:\/\/sindenfermeiro.com.br\/index.php\/wp-json\/wp\/v2\/comments?post=43488"}],"version-history":[{"count":2,"href":"https:\/\/sindenfermeiro.com.br\/index.php\/wp-json\/wp\/v2\/posts\/43488\/revisions"}],"predecessor-version":[{"id":43490,"href":"https:\/\/sindenfermeiro.com.br\/index.php\/wp-json\/wp\/v2\/posts\/43488\/revisions\/43490"}],"wp:featuredmedia":[{"embeddable":true,"href":"https:\/\/sindenfermeiro.com.br\/index.php\/wp-json\/wp\/v2\/media\/43464"}],"wp:attachment":[{"href":"https:\/\/sindenfermeiro.com.br\/index.php\/wp-json\/wp\/v2\/media?parent=43488"}],"wp:term":[{"taxonomy":"category","embeddable":true,"href":"https:\/\/sindenfermeiro.com.br\/index.php\/wp-json\/wp\/v2\/categories?post=43488"},{"taxonomy":"post_tag","embeddable":true,"href":"https:\/\/sindenfermeiro.com.br\/index.php\/wp-json\/wp\/v2\/tags?post=43488"}],"curies":[{"name":"wp","href":"https:\/\/api.w.org\/{rel}","templated":true}]}}