{"id":43456,"date":"2022-05-03T13:59:59","date_gmt":"2022-05-03T16:59:59","guid":{"rendered":"https:\/\/sindenfermeiro.com.br\/?p=43456"},"modified":"2026-04-29T16:46:24","modified_gmt":"2026-04-29T19:46:24","slug":"juridico-esclarecimentos-sobre-desconto-de-contribuicao-assistencial-no-igesdf","status":"publish","type":"post","link":"https:\/\/sindenfermeiro.com.br\/index.php\/2022\/05\/03\/juridico-esclarecimentos-sobre-desconto-de-contribuicao-assistencial-no-igesdf\/","title":{"rendered":"JUR\u00cdDICO: Esclarecimentos sobre desconto de contribui\u00e7\u00e3o assistencial no IGESDF"},"content":{"rendered":"<div id=\"attachment_42807\" style=\"width: 822px\" class=\"wp-caption aligncenter\"><img loading=\"lazy\" decoding=\"async\" aria-describedby=\"caption-attachment-42807\" class=\"wp-image-42807\" src=\"https:\/\/sindenfermeiro.com.br\/wp-content\/uploads\/2022\/01\/WhatsApp-Image-2022-01-27-at-12.25.35-1024x682.jpeg\" alt=\"\" width=\"812\" height=\"541\" srcset=\"https:\/\/sindenfermeiro.com.br\/wp-content\/uploads\/2022\/01\/WhatsApp-Image-2022-01-27-at-12.25.35-1024x682.jpeg 1024w, https:\/\/sindenfermeiro.com.br\/wp-content\/uploads\/2022\/01\/WhatsApp-Image-2022-01-27-at-12.25.35-300x200.jpeg 300w, https:\/\/sindenfermeiro.com.br\/wp-content\/uploads\/2022\/01\/WhatsApp-Image-2022-01-27-at-12.25.35-768x512.jpeg 768w, https:\/\/sindenfermeiro.com.br\/wp-content\/uploads\/2022\/01\/WhatsApp-Image-2022-01-27-at-12.25.35.jpeg 1280w\" sizes=\"auto, (max-width: 812px) 100vw, 812px\" \/><p id=\"caption-attachment-42807\" class=\"wp-caption-text\">Foto: Davidyson Damasceno\/IGESDF<\/p><\/div>\n<p>O Sindicato dos Enfermeiros do Distrito Federal (SindEnfermeiro-DF) recebeu, atrav\u00e9s de seu departamento jur\u00eddico, questionamentos de trabalhadores do Instituto de Gest\u00e3o Estrat\u00e9gica da Sa\u00fade (IGESDF) a respeito dos descontos de contribui\u00e7\u00e3o assistencial firmados no acordo coletivo do SindSa\u00fade-DF.<\/p>\n<p>\u00c9 importante esclarecer que a categoria dos enfermeiros pertencentes ao quadro de colaboradores do IGES-DF n\u00e3o pode ser cobrada de qualquer contribui\u00e7\u00e3o assistencial por entidade sindical, pois o referido desconto n\u00e3o est\u00e1 previsto em nenhuma cl\u00e1usula do acordo coletivo com o SindEnfermeiro-DF.<\/p>\n<p>Com isso, <strong>os enfermeiros n\u00e3o filiados ao SindSa\u00fade-DF est\u00e3o desobrigados a fazer e apresentar qualquer solicita\u00e7\u00e3o de oposi\u00e7\u00e3o \u00e0 contribui\u00e7\u00e3o assistencial, assim como n\u00e3o podem ter nenhum valor descontado de seus vencimentos por n\u00e3o apresentarem o documento.<\/strong><\/p>\n<p>Por fim, o departamento jur\u00eddico do SindEnfermeiro-DF comunica que formalizou, atrav\u00e9s de of\u00edcio enviado na manh\u00e3 de hoje (03), o pedido para que a solicita\u00e7\u00e3o n\u00e3o seja aplicada aos enfermeiros do IGES-DF.<\/p>\n<p>Para maiores informa\u00e7\u00f5es, entre em contato com o departamento jur\u00eddico do sindicato \u2013 atrav\u00e9s dos telefones (61) 3447-9697 ou (61) 99277-3825.<\/p>\n","protected":false},"excerpt":{"rendered":"<p>O Sindicato dos Enfermeiros do Distrito Federal (SindEnfermeiro-DF) recebeu, atrav\u00e9s de seu departamento jur\u00eddico, questionamentos de trabalhadores do Instituto de Gest\u00e3o Estrat\u00e9gica da Sa\u00fade (IGESDF) a respeito dos descontos de contribui\u00e7\u00e3o assistencial firmados no acordo coletivo do SindSa\u00fade-DF. \u00c9 importante esclarecer que a categoria dos enfermeiros pertencentes ao quadro de colaboradores do IGES-DF n\u00e3o pode [&hellip;]<\/p>\n","protected":false},"author":6,"featured_media":42807,"comment_status":"open","ping_status":"open","sticky":false,"template":"","format":"standard","meta":{"footnotes":""},"categories":[334,6,13,5],"tags":[309,450,313,21,825],"class_list":["post-43456","post","type-post","status-publish","format-standard","has-post-thumbnail","hentry","category-juridico","category-noticias","category-rede-privada","category-rede-publica","tag-act","tag-desconto","tag-igesdf","tag-sindenfermeiro","tag-sindsaude"],"_links":{"self":[{"href":"https:\/\/sindenfermeiro.com.br\/index.php\/wp-json\/wp\/v2\/posts\/43456","targetHints":{"allow":["GET"]}}],"collection":[{"href":"https:\/\/sindenfermeiro.com.br\/index.php\/wp-json\/wp\/v2\/posts"}],"about":[{"href":"https:\/\/sindenfermeiro.com.br\/index.php\/wp-json\/wp\/v2\/types\/post"}],"author":[{"embeddable":true,"href":"https:\/\/sindenfermeiro.com.br\/index.php\/wp-json\/wp\/v2\/users\/6"}],"replies":[{"embeddable":true,"href":"https:\/\/sindenfermeiro.com.br\/index.php\/wp-json\/wp\/v2\/comments?post=43456"}],"version-history":[{"count":1,"href":"https:\/\/sindenfermeiro.com.br\/index.php\/wp-json\/wp\/v2\/posts\/43456\/revisions"}],"predecessor-version":[{"id":43457,"href":"https:\/\/sindenfermeiro.com.br\/index.php\/wp-json\/wp\/v2\/posts\/43456\/revisions\/43457"}],"wp:featuredmedia":[{"embeddable":true,"href":"https:\/\/sindenfermeiro.com.br\/index.php\/wp-json\/wp\/v2\/media\/42807"}],"wp:attachment":[{"href":"https:\/\/sindenfermeiro.com.br\/index.php\/wp-json\/wp\/v2\/media?parent=43456"}],"wp:term":[{"taxonomy":"category","embeddable":true,"href":"https:\/\/sindenfermeiro.com.br\/index.php\/wp-json\/wp\/v2\/categories?post=43456"},{"taxonomy":"post_tag","embeddable":true,"href":"https:\/\/sindenfermeiro.com.br\/index.php\/wp-json\/wp\/v2\/tags?post=43456"}],"curies":[{"name":"wp","href":"https:\/\/api.w.org\/{rel}","templated":true}]}}