{"id":43453,"date":"2022-05-02T18:00:29","date_gmt":"2022-05-02T21:00:29","guid":{"rendered":"https:\/\/sindenfermeiro.com.br\/?p=43453"},"modified":"2026-04-29T16:45:50","modified_gmt":"2026-04-29T19:45:50","slug":"dia-do-trabalhador-ato-politico-cultural-reune-centenas-de-pessoas-no-eixao-norte-2","status":"publish","type":"post","link":"https:\/\/sindenfermeiro.com.br\/index.php\/2022\/05\/02\/dia-do-trabalhador-ato-politico-cultural-reune-centenas-de-pessoas-no-eixao-norte-2\/","title":{"rendered":"Dia do Trabalhador: Ato pol\u00edtico-cultural re\u00fane centenas de pessoas no Eix\u00e3o Norte"},"content":{"rendered":"<p><img loading=\"lazy\" decoding=\"async\" class=\"aligncenter wp-image-43449 \" src=\"https:\/\/sindenfermeiro.com.br\/wp-content\/uploads\/2022\/05\/IMG_8992-1024x683.jpg\" alt=\"\" width=\"633\" height=\"422\" srcset=\"https:\/\/sindenfermeiro.com.br\/wp-content\/uploads\/2022\/05\/IMG_8992-1024x683.jpg 1024w, https:\/\/sindenfermeiro.com.br\/wp-content\/uploads\/2022\/05\/IMG_8992-300x200.jpg 300w, https:\/\/sindenfermeiro.com.br\/wp-content\/uploads\/2022\/05\/IMG_8992-768x512.jpg 768w, https:\/\/sindenfermeiro.com.br\/wp-content\/uploads\/2022\/05\/IMG_8992-1536x1024.jpg 1536w, https:\/\/sindenfermeiro.com.br\/wp-content\/uploads\/2022\/05\/IMG_8992-2048x1365.jpg 2048w\" sizes=\"auto, (max-width: 633px) 100vw, 633px\" \/><\/p>\n<p>Na manh\u00e3 de ontem (1\u00ba), trabalhadores, centrais sindicais, partidos, sindicatos \u2013 entre eles o SindEnfermeiro \u2013 e movimentos de luta pela terra se reuniram em um grande ato pol\u00edtico e cultural pelo Dia do Trabalhador, com o lema \u201cEmprego, Direitos, Democracia e Vida\u201d, e em protesto \u00e0s pol\u00edticas de desvaloriza\u00e7\u00e3o dos trabalhadores no atual governo.<\/p>\n<p>Durante toda a manh\u00e3, os presentes puderam acompanhar os discursos e apresenta\u00e7\u00f5es culturais realizados no gramado do Eix\u00e3o Norte \u2013 com recital de poesias e apresenta\u00e7\u00f5es das bandas Medida Provis\u00f3ria, Tijolada e do lend\u00e1rio rapper brasiliense GOG.<\/p>\n<p><strong>Retorno das manifesta\u00e7\u00f5es \u00e9 chamado para luta<\/strong><\/p>\n<p>O secret\u00e1rio-geral do SindEnfermeiro, Jorge Henrique, destacou a import\u00e2ncia dos trabalhadores retornarem \u00e0s ruas e ao protagonismo nos atos de 1\u00ba de maio, lembrando que com a pandemia houve um enfraquecimento do poder de mobiliza\u00e7\u00e3o dos trabalhadores, e que esse retorno s\u00f3 foi poss\u00edvel gra\u00e7as \u00e0 atua\u00e7\u00e3o dos enfermeiros e demais profissionais de sa\u00fade.<\/p>\n<p>\u201cA pandemia que ceifou a vida de quase 700 mil brasileiros tamb\u00e9m impediu que o conjunto dos trabalhadores fossem \u00e0s ruas para protestar contra as condi\u00e7\u00f5es prec\u00e1rias de vida dos brasileiros. Mas agora n\u00f3s podemos voltar \u00e0s ruas para construir uma luta unificada dos trabalhadores, gra\u00e7as ao esfor\u00e7o de enfermeiros, t\u00e9cnicos, auxiliares e m\u00e9dicos que foram fundamentais salvando vidas e imunizando a popula\u00e7\u00e3o\u201d, apontou.<\/p>\n<p><strong>Trabalhadores est\u00e3o sofrendo e precisam se unir<\/strong><\/p>\n<p>Ainda segundo Jorge, o ato tamb\u00e9m \u00e9 um grito de socorro aos trabalhadores que hoje enfrentam um dos maiores \u00edndices inflacion\u00e1rios do mundo, precariza\u00e7\u00e3o das rela\u00e7\u00f5es de trabalho e diminui\u00e7\u00e3o do poder de compra das fam\u00edlias \u2013 o que tem levado muitos a uma situa\u00e7\u00e3o de extrema vulnerabilidade.<\/p>\n<p>\u201c\u00c9 importante lembrar que a luta dos nossos trabalhadores tamb\u00e9m \u00e9 contra a infla\u00e7\u00e3o que hoje corr\u00f3i o poder de compra dos cidad\u00e3os, e por mais comida no prato. Em resumo, uma luta por dignidade e condi\u00e7\u00f5es b\u00e1sicas de vida. Precisamos conscientizar as for\u00e7as de trabalho a discutirem cada vez mais a unifica\u00e7\u00e3o das suas lutas \u2013 pois mesmo com as particularidades de cada grupo, o nosso objetivo final \u00e9 o mesmo\u201d, completou.<\/p>\n","protected":false},"excerpt":{"rendered":"<p>Na manh\u00e3 de ontem (1\u00ba), trabalhadores, centrais sindicais, partidos, sindicatos \u2013 entre eles o SindEnfermeiro \u2013 e movimentos de luta pela terra se reuniram em um grande ato pol\u00edtico e cultural pelo Dia do Trabalhador, com o lema \u201cEmprego, Direitos, Democracia e Vida\u201d, e em protesto \u00e0s pol\u00edticas de desvaloriza\u00e7\u00e3o dos trabalhadores no atual governo. [&hellip;]<\/p>\n","protected":false},"author":6,"featured_media":43449,"comment_status":"open","ping_status":"open","sticky":false,"template":"","format":"standard","meta":{"footnotes":""},"categories":[6,13,5],"tags":[214,517,21],"class_list":["post-43453","post","type-post","status-publish","format-standard","has-post-thumbnail","hentry","category-noticias","category-rede-privada","category-rede-publica","tag-ato","tag-dia-do-trabalhador","tag-sindenfermeiro"],"_links":{"self":[{"href":"https:\/\/sindenfermeiro.com.br\/index.php\/wp-json\/wp\/v2\/posts\/43453","targetHints":{"allow":["GET"]}}],"collection":[{"href":"https:\/\/sindenfermeiro.com.br\/index.php\/wp-json\/wp\/v2\/posts"}],"about":[{"href":"https:\/\/sindenfermeiro.com.br\/index.php\/wp-json\/wp\/v2\/types\/post"}],"author":[{"embeddable":true,"href":"https:\/\/sindenfermeiro.com.br\/index.php\/wp-json\/wp\/v2\/users\/6"}],"replies":[{"embeddable":true,"href":"https:\/\/sindenfermeiro.com.br\/index.php\/wp-json\/wp\/v2\/comments?post=43453"}],"version-history":[{"count":1,"href":"https:\/\/sindenfermeiro.com.br\/index.php\/wp-json\/wp\/v2\/posts\/43453\/revisions"}],"predecessor-version":[{"id":43454,"href":"https:\/\/sindenfermeiro.com.br\/index.php\/wp-json\/wp\/v2\/posts\/43453\/revisions\/43454"}],"wp:featuredmedia":[{"embeddable":true,"href":"https:\/\/sindenfermeiro.com.br\/index.php\/wp-json\/wp\/v2\/media\/43449"}],"wp:attachment":[{"href":"https:\/\/sindenfermeiro.com.br\/index.php\/wp-json\/wp\/v2\/media?parent=43453"}],"wp:term":[{"taxonomy":"category","embeddable":true,"href":"https:\/\/sindenfermeiro.com.br\/index.php\/wp-json\/wp\/v2\/categories?post=43453"},{"taxonomy":"post_tag","embeddable":true,"href":"https:\/\/sindenfermeiro.com.br\/index.php\/wp-json\/wp\/v2\/tags?post=43453"}],"curies":[{"name":"wp","href":"https:\/\/api.w.org\/{rel}","templated":true}]}}