{"id":43431,"date":"2022-06-22T14:19:42","date_gmt":"2022-06-22T17:19:42","guid":{"rendered":"https:\/\/sindenfermeiro.com.br\/?p=43431"},"modified":"2026-04-29T16:26:55","modified_gmt":"2026-04-29T19:26:55","slug":"guia-de-enfermagem-de-familia-e-comunidade-leia-aqui-o-e-book","status":"publish","type":"post","link":"https:\/\/sindenfermeiro.com.br\/index.php\/2022\/06\/22\/guia-de-enfermagem-de-familia-e-comunidade-leia-aqui-o-e-book\/","title":{"rendered":"Guia de Enfermagem de Fam\u00edlia e Comunidade: LEIA AQUI O E-BOOK"},"content":{"rendered":"<blockquote>\n<div id=\"attachment_43432\" style=\"width: 378px\" class=\"wp-caption aligncenter\"><a href=\"https:\/\/editorapasteur.com.br\/wp-content\/uploads\/2022\/04\/Guia-de-Enfermagem.pdf\" target=\"_blank\" rel=\"noopener\"><img loading=\"lazy\" decoding=\"async\" aria-describedby=\"caption-attachment-43432\" class=\"wp-image-43432\" src=\"https:\/\/sindenfermeiro.com.br\/wp-content\/uploads\/2022\/04\/download-722x1024.jpg\" alt=\"\" width=\"368\" height=\"522\" srcset=\"https:\/\/sindenfermeiro.com.br\/wp-content\/uploads\/2022\/04\/download-722x1024.jpg 722w, https:\/\/sindenfermeiro.com.br\/wp-content\/uploads\/2022\/04\/download-211x300.jpg 211w, https:\/\/sindenfermeiro.com.br\/wp-content\/uploads\/2022\/04\/download-768x1090.jpg 768w, https:\/\/sindenfermeiro.com.br\/wp-content\/uploads\/2022\/04\/download.jpg 902w\" sizes=\"auto, (max-width: 368px) 100vw, 368px\" \/><\/a><p id=\"caption-attachment-43432\" class=\"wp-caption-text\"><span style=\"font-size: 12pt\"><strong>Clique na capa para acessar o e-book<\/strong><\/span><\/p><\/div><\/blockquote>\n<p>Com base em cartilha elaborada no ano de 2019 por docentes e ex-estudantes da Escola Superior de Ci\u00eancias da Sa\u00fade (ESCS) em parceria com o SindEnfermeiro-DF, o material se tornou uma importante ferramenta de trabalho para profissionais e estudantes da APS no Distrito Federal \u2013 <a href=\"https:\/\/editorapasteur.com.br\/wp-content\/uploads\/2022\/04\/Guia-de-Enfermagem.pdf\">e agora est\u00e1 dispon\u00edvel em e-book atualizado e publicado pela Editora Pasteur<\/a>!<\/p>\n<p>Em dezembro de 2020, a cartilha foi selecionada pela Organiza\u00e7\u00e3o Pan-Americana de Sa\u00fade (OPAS) \u2013 atrav\u00e9s do Laborat\u00f3rio de Inova\u00e7\u00e3o em Enfermagem \u2013 como uma das experi\u00eancias inovadoras produzidas no \u00e2mbito do Sistema \u00danico de Sa\u00fade (SUS) na \u00e1rea da gest\u00e3o de servi\u00e7os, da aten\u00e7\u00e3o \u00e0 sa\u00fade da popula\u00e7\u00e3o, educa\u00e7\u00e3o e forma\u00e7\u00e3o profissional!<\/p>\n","protected":false},"excerpt":{"rendered":"<p>Com base em cartilha elaborada no ano de 2019 por docentes e ex-estudantes da Escola Superior de Ci\u00eancias da Sa\u00fade (ESCS) em parceria com o SindEnfermeiro-DF, o material se tornou uma importante ferramenta de trabalho para profissionais e estudantes da APS no Distrito Federal \u2013 e agora est\u00e1 dispon\u00edvel em e-book atualizado e publicado pela [&hellip;]<\/p>\n","protected":false},"author":6,"featured_media":43435,"comment_status":"open","ping_status":"open","sticky":false,"template":"","format":"standard","meta":{"footnotes":""},"categories":[6,13,5],"tags":[347,372,500,7,57,21],"class_list":["post-43431","post","type-post","status-publish","format-standard","has-post-thumbnail","hentry","category-noticias","category-rede-privada","category-rede-publica","tag-aps","tag-cartilha","tag-e-book","tag-enfermagem","tag-escs","tag-sindenfermeiro"],"_links":{"self":[{"href":"https:\/\/sindenfermeiro.com.br\/index.php\/wp-json\/wp\/v2\/posts\/43431","targetHints":{"allow":["GET"]}}],"collection":[{"href":"https:\/\/sindenfermeiro.com.br\/index.php\/wp-json\/wp\/v2\/posts"}],"about":[{"href":"https:\/\/sindenfermeiro.com.br\/index.php\/wp-json\/wp\/v2\/types\/post"}],"author":[{"embeddable":true,"href":"https:\/\/sindenfermeiro.com.br\/index.php\/wp-json\/wp\/v2\/users\/6"}],"replies":[{"embeddable":true,"href":"https:\/\/sindenfermeiro.com.br\/index.php\/wp-json\/wp\/v2\/comments?post=43431"}],"version-history":[{"count":11,"href":"https:\/\/sindenfermeiro.com.br\/index.php\/wp-json\/wp\/v2\/posts\/43431\/revisions"}],"predecessor-version":[{"id":43444,"href":"https:\/\/sindenfermeiro.com.br\/index.php\/wp-json\/wp\/v2\/posts\/43431\/revisions\/43444"}],"wp:featuredmedia":[{"embeddable":true,"href":"https:\/\/sindenfermeiro.com.br\/index.php\/wp-json\/wp\/v2\/media\/43435"}],"wp:attachment":[{"href":"https:\/\/sindenfermeiro.com.br\/index.php\/wp-json\/wp\/v2\/media?parent=43431"}],"wp:term":[{"taxonomy":"category","embeddable":true,"href":"https:\/\/sindenfermeiro.com.br\/index.php\/wp-json\/wp\/v2\/categories?post=43431"},{"taxonomy":"post_tag","embeddable":true,"href":"https:\/\/sindenfermeiro.com.br\/index.php\/wp-json\/wp\/v2\/tags?post=43431"}],"curies":[{"name":"wp","href":"https:\/\/api.w.org\/{rel}","templated":true}]}}