{"id":43422,"date":"2022-04-28T16:20:26","date_gmt":"2022-04-28T19:20:26","guid":{"rendered":"https:\/\/sindenfermeiro.com.br\/?p=43422"},"modified":"2026-04-26T16:05:57","modified_gmt":"2026-04-26T19:05:57","slug":"opiniao-o-cuidado-em-liberdade-e-seus-desafios-na-atencao-psicossocial-no-sus","status":"publish","type":"post","link":"https:\/\/sindenfermeiro.com.br\/index.php\/2022\/04\/28\/opiniao-o-cuidado-em-liberdade-e-seus-desafios-na-atencao-psicossocial-no-sus\/","title":{"rendered":"OPINI\u00c3O: O cuidado em liberdade e seus desafios na aten\u00e7\u00e3o psicossocial no SUS"},"content":{"rendered":"<p><img loading=\"lazy\" decoding=\"async\" class=\"aligncenter wp-image-43423 \" src=\"https:\/\/sindenfermeiro.com.br\/wp-content\/uploads\/2022\/04\/MG_9634-1-1024x683.jpg\" alt=\"\" width=\"672\" height=\"448\" srcset=\"https:\/\/sindenfermeiro.com.br\/wp-content\/uploads\/2022\/04\/MG_9634-1-1024x683.jpg 1024w, https:\/\/sindenfermeiro.com.br\/wp-content\/uploads\/2022\/04\/MG_9634-1-300x200.jpg 300w, https:\/\/sindenfermeiro.com.br\/wp-content\/uploads\/2022\/04\/MG_9634-1-768x512.jpg 768w, https:\/\/sindenfermeiro.com.br\/wp-content\/uploads\/2022\/04\/MG_9634-1-1536x1024.jpg 1536w, https:\/\/sindenfermeiro.com.br\/wp-content\/uploads\/2022\/04\/MG_9634-1-2048x1365.jpg 2048w\" sizes=\"auto, (max-width: 672px) 100vw, 672px\" \/><\/p>\n<p>N\u00e3o h\u00e1 como falar de sa\u00fade mental sem compreender profundamente os componentes estruturantes de nossa sociedade. E falar sobre os desafios do cuidado em liberdade \u00e9 reconhecer que existe um projeto pol\u00edtico de medicaliza\u00e7\u00e3o e manicomializa\u00e7\u00e3o da pobreza.<\/p>\n<p>Questionar a medicaliza\u00e7\u00e3o da vida \u00e9 entender que a popula\u00e7\u00e3o com sofrimento mental e\/ou necessidades decorrentes do uso de \u00e1lcool e outras drogas \u00e9 diversa e apresenta vulnerabilidades que se cruzam e se interp\u00f5em, tornando uns muito mais vulner\u00e1veis que outros.<\/p>\n<p>Ao falar de cuidado em liberdade, \u00e9 necess\u00e1rio se debru\u00e7ar profundamente nos recortes de cor, g\u00eanero e classe social. Rever n\u00e3o somente os muros do manic\u00f4mio, mas tamb\u00e9m as diversas ordens de viol\u00eancia fora dele &#8211; a explora\u00e7\u00e3o no trabalho, os baixos sal\u00e1rios, o desemprego, as assimetrias de acesso \u00e0s pol\u00edticas p\u00fablicas, o encarceramento da popula\u00e7\u00e3o preta e pobre, a inseguran\u00e7a alimentar, a fome e a mis\u00e9ria.<\/p>\n<p>\u00c9 preciso entender tamb\u00e9m que a ind\u00fastria farmac\u00eautica lucra com a pobreza e lucra mais ainda com a loucura. Ou seja, o adoecimento das pessoas \u00e9 de seu interesse.<\/p>\n<p>O fortalecimento da Rede de Aten\u00e7\u00e3o Psicossocial se faz urgente, e deve ser articulada \u00e0 consolida\u00e7\u00e3o de pol\u00edticas de gera\u00e7\u00e3o de emprego e renda, amplia\u00e7\u00e3o de creches e escolas de tempo integral, qualifica\u00e7\u00e3o das equipes para supera\u00e7\u00e3o das diversas ordens de discrimina\u00e7\u00e3o, racismo, misoginia, LGBTQIAP+fobia e outras viol\u00eancias institucionais.<\/p>\n<p>O cuidado em liberdade depende do fim dos manic\u00f4mios, mas \u00e9 importante que essas pessoas possam encontrar l\u00e1 fora um espa\u00e7o comunit\u00e1rio mais justo e com maior qualidade de vida.<\/p>\n<p>Uma sociedade que cuida em liberdade \u00e9 uma sociedade que garante direitos, representatividade e diversidade. Fazer uma revis\u00e3o da pol\u00edtica de sa\u00fade mental \u00e9 pagar uma d\u00edvida hist\u00f3rica com aqueles que s\u00e3o a raz\u00e3o de existir dos servi\u00e7os.<\/p>\n<p>A democracia \u00e9 antimanicomial.<\/p>\n<p>&nbsp;<\/p>\n<blockquote><p><em>Andressa de Fran\u00e7a Alves Ferrari \u00e9 enfermeira da Secretaria de Sa\u00fade do DF, especialista em Sa\u00fade Mental, \u00c1lcool e outras Drogas, Mestra em Sa\u00fade Coletiva pela Universidade de Bras\u00edlia, coordenadora do Programa de Resid\u00eancia Multiprofissional em Sa\u00fade Mental do Adulto e do Curso de Especializa\u00e7\u00e3o em Sa\u00fade Mental na Aten\u00e7\u00e3o Psicossocial da FEPECS, turma de 2022. Tamb\u00e9m \u00e9 integrante do Movimento Pr\u00f3-Sa\u00fade Mental do DF.<\/em><\/p><\/blockquote>\n","protected":false},"excerpt":{"rendered":"<p>N\u00e3o h\u00e1 como falar de sa\u00fade mental sem compreender profundamente os componentes estruturantes de nossa sociedade. E falar sobre os desafios do cuidado em liberdade \u00e9 reconhecer que existe um projeto pol\u00edtico de medicaliza\u00e7\u00e3o e manicomializa\u00e7\u00e3o da pobreza. Questionar a medicaliza\u00e7\u00e3o da vida \u00e9 entender que a popula\u00e7\u00e3o com sofrimento mental e\/ou necessidades decorrentes do [&hellip;]<\/p>\n","protected":false},"author":6,"featured_media":43423,"comment_status":"open","ping_status":"open","sticky":false,"template":"","format":"standard","meta":{"footnotes":""},"categories":[6,13,5],"tags":[824,428,489],"class_list":["post-43422","post","type-post","status-publish","format-standard","has-post-thumbnail","hentry","category-noticias","category-rede-privada","category-rede-publica","tag-luta-anti-manicomial","tag-opiniao","tag-saude-mental"],"_links":{"self":[{"href":"https:\/\/sindenfermeiro.com.br\/index.php\/wp-json\/wp\/v2\/posts\/43422","targetHints":{"allow":["GET"]}}],"collection":[{"href":"https:\/\/sindenfermeiro.com.br\/index.php\/wp-json\/wp\/v2\/posts"}],"about":[{"href":"https:\/\/sindenfermeiro.com.br\/index.php\/wp-json\/wp\/v2\/types\/post"}],"author":[{"embeddable":true,"href":"https:\/\/sindenfermeiro.com.br\/index.php\/wp-json\/wp\/v2\/users\/6"}],"replies":[{"embeddable":true,"href":"https:\/\/sindenfermeiro.com.br\/index.php\/wp-json\/wp\/v2\/comments?post=43422"}],"version-history":[{"count":1,"href":"https:\/\/sindenfermeiro.com.br\/index.php\/wp-json\/wp\/v2\/posts\/43422\/revisions"}],"predecessor-version":[{"id":43424,"href":"https:\/\/sindenfermeiro.com.br\/index.php\/wp-json\/wp\/v2\/posts\/43422\/revisions\/43424"}],"wp:featuredmedia":[{"embeddable":true,"href":"https:\/\/sindenfermeiro.com.br\/index.php\/wp-json\/wp\/v2\/media\/43423"}],"wp:attachment":[{"href":"https:\/\/sindenfermeiro.com.br\/index.php\/wp-json\/wp\/v2\/media?parent=43422"}],"wp:term":[{"taxonomy":"category","embeddable":true,"href":"https:\/\/sindenfermeiro.com.br\/index.php\/wp-json\/wp\/v2\/categories?post=43422"},{"taxonomy":"post_tag","embeddable":true,"href":"https:\/\/sindenfermeiro.com.br\/index.php\/wp-json\/wp\/v2\/tags?post=43422"}],"curies":[{"name":"wp","href":"https:\/\/api.w.org\/{rel}","templated":true}]}}