{"id":43195,"date":"2022-04-12T16:21:08","date_gmt":"2022-04-12T19:21:08","guid":{"rendered":"https:\/\/sindenfermeiro.com.br\/?p=43195"},"modified":"2026-04-29T17:49:30","modified_gmt":"2026-04-29T20:49:30","slug":"sindenfermeiro-participa-de-abraco-coletivo-na-casa-de-parto-em-sao-sebastiao","status":"publish","type":"post","link":"https:\/\/sindenfermeiro.com.br\/index.php\/2022\/04\/12\/sindenfermeiro-participa-de-abraco-coletivo-na-casa-de-parto-em-sao-sebastiao\/","title":{"rendered":"SindEnfermeiro participa de \u201cabra\u00e7o coletivo\u201d na Casa de Parto em S\u00e3o Sebasti\u00e3o"},"content":{"rendered":"<p style=\"text-align: justify\">O Sindicato dos Enfermeiros do Distrito Federal participou na manh\u00e3 desta ter\u00e7a-feira, 12, de um ato simb\u00f3lico na Casa de Parto em S\u00e3o Sebasti\u00e3o. Por conta do Dia do Enfermeiro Obstetra \u2013 comemorado hoje -, a ger\u00eancia da Casa organizou o caf\u00e9 da manh\u00e3 e o \u201cabra\u00e7o coletivo\u201d ao espa\u00e7o. Al\u00e9m de homenagear os profissionais, o ato quis chamar a aten\u00e7\u00e3o para a import\u00e2ncia do atendimento prestado no local.<\/p>\n<p style=\"text-align: justify\">De acordo com Clarice Maciel, gerente da Casa de Parto e enfermeira obstetra, \u201ca Casa de Parto \u00e9 referencia no DF e no Brasil todo\u201d. \u201cSomos diferentes de muitas outras porque somos peri-hospitalar e estamos mais distante do hospital, estamos habilitados pela Rede Cegonha desde 2015. N\u00f3s temos um controle muito importante dos indicadores dos partos que s\u00e3o feitos aqui na Casa de Parto\u201d, destacou.<\/p>\n<p style=\"text-align: justify\"><strong>Portaria MS 715\/2022: um ataque \u00e0 enfermagem obst\u00e9trica<\/strong><\/p>\n<p style=\"text-align: justify\"><strong>\u00a0<\/strong>O Minist\u00e9rio da Sa\u00fade publicou no dia 06 de abril a Portaria 715\/2020, que desmonta a Rede Cegonha, uma das mais bem-sucedidas pol\u00edticas p\u00fablicas de assist\u00eancia ao pr\u00e9-natal, parto e puerp\u00e9rio no Brasil e refer\u00eancia internacional.<\/p>\n<p style=\"text-align: justify\">A Rede Cegonha prop\u00f5e maior disponibilidade de atendimento no pr\u00e9-natal, garantia de realiza\u00e7\u00e3o de todos os exames necess\u00e1rios, inclusive um exame de ultrassonografia, encaminhamento para atendimento se houver alguma complica\u00e7\u00e3o durante a gravidez e vincula\u00e7\u00e3o da gestante \u00e0 maternidade de refer\u00eancia para o parto. Os profissionais de sa\u00fade estar\u00e3o melhor preparados para acolher a gestante e a crian\u00e7a, al\u00e9m de atende-las com seguran\u00e7a e cuidado mais humanizado.<\/p>\n<p style=\"text-align: justify\">\u201cN\u00f3s aproveitamos a data comemorativa para mostrar o nosso trabalho, porque n\u00f3s temos discutido desde a semana passada a nova portaria de aten\u00e7\u00e3o \u00e0 mulher e \u00e0 crian\u00e7a que n\u00e3o considerou os centros de partos normais peri-hospitalares. N\u00f3s iremos continuar aqui. N\u00f3s temos dados para mostrar a seguran\u00e7a nos atendimentos\u201d, finalizou Clarice.<\/p>\n<p style=\"text-align: justify\"><strong>\u00c9 preciso se posicionar contra a Portaria 715 do MS<\/strong><\/p>\n<p style=\"text-align: justify\">Para Jorge Henrique, secret\u00e1rio-geral do SindEnfermeiro, \u201co Dia da Enfermeira Obstetra, \u00e9 muito importante que a Enfermagem se posicione contra a Portaria 715, que exclui a enfermeira obstetra da assist\u00eancia ao parto e nascimento.\u201d<\/p>\n<p style=\"text-align: justify\">\u201cS\u00e3o as enfermeiras que ofertam aten\u00e7\u00e3o qualificada ao parto de baixo risco, humanizado e orientada ao parto normal. Isso se torna ainda mais simb\u00f3lico, quando esse ato de resist\u00eancia \u00e9 organizado pelas enfermeiras da Casa de Parto de S\u00e3o Sebasti\u00e3o, refer\u00eancia para o Brasil por apresentar indicadores incontest\u00e1veis ao momento do parto e nascimento. Por isso, \u00e9 preciso que a Enfermagem lute contra os desmontes dos programas que democratizam o acesso da popula\u00e7\u00e3o \u00e0 Sa\u00fade\u201d, completou Jorge.<\/p>\n","protected":false},"excerpt":{"rendered":"<p>O Sindicato dos Enfermeiros do Distrito Federal participou na manh\u00e3 desta ter\u00e7a-feira, 12, de um ato simb\u00f3lico na Casa de Parto em S\u00e3o Sebasti\u00e3o. Por conta do Dia do Enfermeiro Obstetra \u2013 comemorado hoje -, a ger\u00eancia da Casa organizou o caf\u00e9 da manh\u00e3 e o \u201cabra\u00e7o coletivo\u201d ao espa\u00e7o. Al\u00e9m de homenagear os profissionais, [&hellip;]<\/p>\n","protected":false},"author":6,"featured_media":43196,"comment_status":"open","ping_status":"open","sticky":false,"template":"","format":"standard","meta":{"footnotes":""},"categories":[6,5],"tags":[821,820,7,37],"class_list":["post-43195","post","type-post","status-publish","format-standard","has-post-thumbnail","hentry","category-noticias","category-rede-publica","tag-casa-de-parto","tag-csa-departo","tag-enfermagem","tag-enfermeiro-obstetra"],"_links":{"self":[{"href":"https:\/\/sindenfermeiro.com.br\/index.php\/wp-json\/wp\/v2\/posts\/43195","targetHints":{"allow":["GET"]}}],"collection":[{"href":"https:\/\/sindenfermeiro.com.br\/index.php\/wp-json\/wp\/v2\/posts"}],"about":[{"href":"https:\/\/sindenfermeiro.com.br\/index.php\/wp-json\/wp\/v2\/types\/post"}],"author":[{"embeddable":true,"href":"https:\/\/sindenfermeiro.com.br\/index.php\/wp-json\/wp\/v2\/users\/6"}],"replies":[{"embeddable":true,"href":"https:\/\/sindenfermeiro.com.br\/index.php\/wp-json\/wp\/v2\/comments?post=43195"}],"version-history":[{"count":3,"href":"https:\/\/sindenfermeiro.com.br\/index.php\/wp-json\/wp\/v2\/posts\/43195\/revisions"}],"predecessor-version":[{"id":43212,"href":"https:\/\/sindenfermeiro.com.br\/index.php\/wp-json\/wp\/v2\/posts\/43195\/revisions\/43212"}],"wp:featuredmedia":[{"embeddable":true,"href":"https:\/\/sindenfermeiro.com.br\/index.php\/wp-json\/wp\/v2\/media\/43196"}],"wp:attachment":[{"href":"https:\/\/sindenfermeiro.com.br\/index.php\/wp-json\/wp\/v2\/media?parent=43195"}],"wp:term":[{"taxonomy":"category","embeddable":true,"href":"https:\/\/sindenfermeiro.com.br\/index.php\/wp-json\/wp\/v2\/categories?post=43195"},{"taxonomy":"post_tag","embeddable":true,"href":"https:\/\/sindenfermeiro.com.br\/index.php\/wp-json\/wp\/v2\/tags?post=43195"}],"curies":[{"name":"wp","href":"https:\/\/api.w.org\/{rel}","templated":true}]}}