{"id":43188,"date":"2022-04-08T09:42:51","date_gmt":"2022-04-08T12:42:51","guid":{"rendered":"https:\/\/sindenfermeiro.com.br\/?p=43188"},"modified":"2026-04-29T17:46:32","modified_gmt":"2026-04-29T20:46:32","slug":"nota-de-pesar-enfo-fabio-hader","status":"publish","type":"post","link":"https:\/\/sindenfermeiro.com.br\/index.php\/2022\/04\/08\/nota-de-pesar-enfo-fabio-hader\/","title":{"rendered":"NOTA DE PESAR: Enf\u00ba F\u00e1bio Hader"},"content":{"rendered":"<p style=\"text-align: justify\">O Sindicato dos Enfermeiros do Distrito Federal (SindEnfermeiro-DF) vem, por meio desta nota, lamentar profundamente o falecimento do enfermeiro F\u00e1bio Hader Pereira da Silva.<\/p>\n<p style=\"text-align: justify\">Como entidade que representa os enfermeiros do Distrito Federal, gostar\u00edamos de enaltecer a dedica\u00e7\u00e3o de F\u00e1bio Hader em sua atua\u00e7\u00e3o como enfermeiro do SAMU.<\/p>\n<p style=\"text-align: justify\">O SindEnfermeiro, enquanto entidade representativa dos profissionais de Enfermagem do DF, se coloca \u00e0 disposi\u00e7\u00e3o da fam\u00edlia para ajudar no que for poss\u00edvel, bem como agradece imensamente por toda a dedica\u00e7\u00e3o de F\u00e1bio em seu trabalho ao longo desses anos.<\/p>\n<p style=\"text-align: justify\">Obrigado por tudo, F\u00e1bio!<\/p>\n","protected":false},"excerpt":{"rendered":"<p>O Sindicato dos Enfermeiros do Distrito Federal (SindEnfermeiro-DF) vem, por meio desta nota, lamentar profundamente o falecimento do enfermeiro F\u00e1bio Hader Pereira da Silva. Como entidade que representa os enfermeiros do Distrito Federal, gostar\u00edamos de enaltecer a dedica\u00e7\u00e3o de F\u00e1bio Hader em sua atua\u00e7\u00e3o como enfermeiro do SAMU. O SindEnfermeiro, enquanto entidade representativa dos profissionais [&hellip;]<\/p>\n","protected":false},"author":6,"featured_media":43192,"comment_status":"open","ping_status":"open","sticky":false,"template":"","format":"standard","meta":{"footnotes":""},"categories":[6,5],"tags":[7,149],"class_list":["post-43188","post","type-post","status-publish","format-standard","has-post-thumbnail","hentry","category-noticias","category-rede-publica","tag-enfermagem","tag-nota-de-pesar"],"_links":{"self":[{"href":"https:\/\/sindenfermeiro.com.br\/index.php\/wp-json\/wp\/v2\/posts\/43188","targetHints":{"allow":["GET"]}}],"collection":[{"href":"https:\/\/sindenfermeiro.com.br\/index.php\/wp-json\/wp\/v2\/posts"}],"about":[{"href":"https:\/\/sindenfermeiro.com.br\/index.php\/wp-json\/wp\/v2\/types\/post"}],"author":[{"embeddable":true,"href":"https:\/\/sindenfermeiro.com.br\/index.php\/wp-json\/wp\/v2\/users\/6"}],"replies":[{"embeddable":true,"href":"https:\/\/sindenfermeiro.com.br\/index.php\/wp-json\/wp\/v2\/comments?post=43188"}],"version-history":[{"count":4,"href":"https:\/\/sindenfermeiro.com.br\/index.php\/wp-json\/wp\/v2\/posts\/43188\/revisions"}],"predecessor-version":[{"id":43194,"href":"https:\/\/sindenfermeiro.com.br\/index.php\/wp-json\/wp\/v2\/posts\/43188\/revisions\/43194"}],"wp:featuredmedia":[{"embeddable":true,"href":"https:\/\/sindenfermeiro.com.br\/index.php\/wp-json\/wp\/v2\/media\/43192"}],"wp:attachment":[{"href":"https:\/\/sindenfermeiro.com.br\/index.php\/wp-json\/wp\/v2\/media?parent=43188"}],"wp:term":[{"taxonomy":"category","embeddable":true,"href":"https:\/\/sindenfermeiro.com.br\/index.php\/wp-json\/wp\/v2\/categories?post=43188"},{"taxonomy":"post_tag","embeddable":true,"href":"https:\/\/sindenfermeiro.com.br\/index.php\/wp-json\/wp\/v2\/tags?post=43188"}],"curies":[{"name":"wp","href":"https:\/\/api.w.org\/{rel}","templated":true}]}}