{"id":43136,"date":"2022-04-01T11:50:01","date_gmt":"2022-04-01T14:50:01","guid":{"rendered":"https:\/\/sindenfermeiro.com.br\/?p=43136"},"modified":"2026-04-29T17:49:02","modified_gmt":"2026-04-29T20:49:02","slug":"eleicoes-sindenfermeiro-chapa-resistencia-luta-e-conquistas-vai-liderar-entidade-ate-2026","status":"publish","type":"post","link":"https:\/\/sindenfermeiro.com.br\/index.php\/2022\/04\/01\/eleicoes-sindenfermeiro-chapa-resistencia-luta-e-conquistas-vai-liderar-entidade-ate-2026\/","title":{"rendered":"Elei\u00e7\u00f5es SindEnfermeiro: Chapa Resist\u00eancia, Luta e Conquistas vai liderar entidade at\u00e9 2026"},"content":{"rendered":"<p><img loading=\"lazy\" decoding=\"async\" class=\"aligncenter wp-image-43137 \" src=\"https:\/\/sindenfermeiro.com.br\/wp-content\/uploads\/2022\/04\/WhatsApp-Image-2022-03-31-at-17.16.45-1024x1024.jpeg\" alt=\"\" width=\"514\" height=\"514\" srcset=\"https:\/\/sindenfermeiro.com.br\/wp-content\/uploads\/2022\/04\/WhatsApp-Image-2022-03-31-at-17.16.45-1024x1024.jpeg 1024w, https:\/\/sindenfermeiro.com.br\/wp-content\/uploads\/2022\/04\/WhatsApp-Image-2022-03-31-at-17.16.45-300x300.jpeg 300w, https:\/\/sindenfermeiro.com.br\/wp-content\/uploads\/2022\/04\/WhatsApp-Image-2022-03-31-at-17.16.45-768x768.jpeg 768w, https:\/\/sindenfermeiro.com.br\/wp-content\/uploads\/2022\/04\/WhatsApp-Image-2022-03-31-at-17.16.45.jpeg 1280w\" sizes=\"auto, (max-width: 514px) 100vw, 514px\" \/><\/p>\n<p>Chegou ao fim nesta quinta (31) a elei\u00e7\u00e3o para definir o grupo que vai liderar o sindicato pelos pr\u00f3ximos quatro anos. Ap\u00f3s dois dias de pleito (30 e 31 de mar\u00e7o), a Chapa Resist\u00eancia, Luta e Conquistas foi eleita com 1.054 votos para seguir na gest\u00e3o do Sindicato dos Enfermeiros do Distrito Federal pelo quadri\u00eanio 2022-2026.<\/p>\n<p>A elei\u00e7\u00e3o foi realizada com a inscri\u00e7\u00e3o de chapa \u00fanica, visto que com o encerramento de todos os ritos de inscri\u00e7\u00e3o, composi\u00e7\u00e3o de chapas e pedidos de impugna\u00e7\u00e3o, nenhum outro grupo havia se inscrito para o processo eleitoral.<\/p>\n<p><strong><a href=\"https:\/\/sindenfermeiro.com.br\/wp-content\/uploads\/2022\/04\/ATA.pdf\">ATA DE APURA\u00c7\u00c3O DAS ELEI\u00c7\u00d5ES<\/a><\/strong><\/p>\n<p><a href=\"https:\/\/sindenfermeiro.com.br\/wp-content\/uploads\/2022\/04\/Resolucao-07.pdf\"><strong>RESOLU\u00c7\u00c3O N\u00ba07 DE 1\u00ba DE ABRIL DE 2022\/COMUNICA\u00c7\u00c3O DE RESULTADO PELA COMISS\u00c3O ELEITORAL<\/strong><\/a><\/p>\n<p><strong>Elei\u00e7\u00e3o em formato h\u00edbrido<\/strong><\/p>\n<p>Pela primeira vez na hist\u00f3ria do SindEnfermeiro-DF, um pleito foi realizado de forma h\u00edbrida \u2013 seguindo uma tend\u00eancia j\u00e1 aplicada em entidades de outros estados com resultados satisfat\u00f3rios. O sindicato tamb\u00e9m disponibilizou uma urna presencial em sua sede.<\/p>\n<p>A novidade teve como objetivo dar mais celeridade ao processo de vota\u00e7\u00e3o e apura\u00e7\u00e3o, e proporcionou maior comodidade aos trabalhadores que antes precisavam se deslocar at\u00e9 as urnas volantes localizadas nas unidades de sa\u00fade, al\u00e9m de garantir mais transpar\u00eancia ao processo de vota\u00e7\u00e3o.<\/p>\n<p><strong>Momento de resgate da forma\u00e7\u00e3o pol\u00edtica<\/strong><\/p>\n<p>Para Dayse Amar\u00edlio, presidente da chapa reeleita, o nome do grupo expressa o sentimento dos membros. \u201cN\u00f3s queremos muito subir o patamar e entregar aquilo que a categoria merece\u201d, destaca.<\/p>\n<p>\u201cPrimeiro organizamos tudo e agora queremos subir ainda mais os n\u00edveis do sindicato em todos os sentidos. Queremos melhorar ainda mais nossa estrutura administrativa, e tamb\u00e9m iremos fazer um resgate da forma\u00e7\u00e3o pol\u00edtica, porque \u00e9 preciso encerrar ciclos. Precisamos formar novos colegas para estarem na frente do sindicato\u201d, finaliza Dayse.<\/p>\n<p><strong>Poder de mobiliza\u00e7\u00e3o dos enfermeiros est\u00e1 sendo recuperado<\/strong><\/p>\n<p>O secret\u00e1rio-geral Jorge Henrique aponta que um dos principais m\u00e9ritos da gest\u00e3o que vai seguir \u00e0 frente do SindEnfermeiro foi de promover o resgate da for\u00e7a de mobiliza\u00e7\u00e3o dos enfermeiros, e celebrou a possibilidade de seguir na luta pela constru\u00e7\u00e3o de um futuro ainda mais engajado politicamente para a categoria.<\/p>\n<p>\u201cEssa vit\u00f3ria expressa todo o trabalho realizado pela atual diretoria do sindicato. Desde a luta contra a terceiriza\u00e7\u00e3o da sa\u00fade com o IGESDF, a atua\u00e7\u00e3o durante a pandemia e o reajuste conquistado essa semana s\u00e3o fatos que v\u00e3o marcar por muito tempo o intenso trabalho do SindEnfermeiro nessa gest\u00e3o\u201d, afirma.<\/p>\n<p>Ainda segundo Jorge, \u201cos enfermeiros se sentiram representados e responderam a todos os chamados do sindicato para as mobiliza\u00e7\u00f5es, recuperando uma for\u00e7a de mobiliza\u00e7\u00e3o que andava adormecida faz algum tempo. E agora, temos a possibilidade de renovar a diretoria e continuar construindo um futuro de mais lutas e vit\u00f3rias com a categoria&#8221;.<\/p>\n<p><strong>&#8220;Lutamos, resistimos e conquistamos&#8221;<\/strong><\/p>\n<p>A diretora administrativa do sindicato, Ursula Nepomoceno, lembrou que apesar das conquistas, ainda h\u00e1 muito trabalho a ser feito \u2013 j\u00e1 que muitas quest\u00f5es importantes para a categoria e para o pr\u00f3prio sindicato acabaram ficando em segundo plano com a chegada do coronav\u00edrus.<\/p>\n<p>\u201cA pandemia ocupou v\u00e1rios espa\u00e7os e a luta por melhores condi\u00e7\u00f5es de trabalho e valoriza\u00e7\u00e3o profissional se tornou um grito de desespero. E temos muito orgulho de dizer que, mesmo nas dificuldades, apoiar os enfermeiros na luta contra a pandemia foi uma das nossas prioridades, mas infelizmente essa mesma pandemia inviabilizou ou dificultou muito o nosso trabalho durante a gest\u00e3o.\u201d<\/p>\n<p>Ainda segundo Ursula, \u201cessa vit\u00f3ria representa muito o momento que a nossa categoria passou nesses \u00faltimos dois anos. Uma mistura de emo\u00e7\u00f5es e sentimentos: medo e \u00e0s vezes frustra\u00e7\u00e3o, mas tamb\u00e9m sede de luta, resist\u00eancia, persist\u00eancia apesar do cansa\u00e7o e principalmente, uni\u00e3o. E se ainda n\u00e3o foi poss\u00edvel realizar tudo o que planejamos na \u00faltima gest\u00e3o, o foco agora \u00e9 justamente consolidar o nosso trabalho e al\u00e7ar voos ainda mais altos\u201d, completa.<\/p>\n<p><strong>N\u00famero de votantes refor\u00e7a confian\u00e7a da categoria<\/strong><\/p>\n<p>Por fim, o diretor financeiro Marcio da Mata ressalta que a participa\u00e7\u00e3o da categoria no pleito mostra confian\u00e7a dos enfermeiros no trabalho desenvolvido, e \u00e9 um fator motivador para a continuidade da luta encabe\u00e7ada pelo sindicato.<\/p>\n<p>\u201cAgrade\u00e7o a todos os nossos filiados, e principalmente, todos aqueles que acreditam no trabalho que a nossa gest\u00e3o vem desenvolvendo no sindicato. Continuaremos firmes em nossos ideais, conduzindo o SindEnfermeiro de forma honesta, correta e em prol n\u00e3o s\u00f3 dos sindicalizados, mas de todos os enfermeiros do Distrito Federal\u201d.<\/p>\n<p>\u201cSem luta, jamais teremos resultados. E n\u00f3s estamos aqui para dar voz e vez para a nossa categoria\u201d, completa.<\/p>\n<p><strong>Resultado final do pleito<\/strong><\/p>\n<p>A chapa \u201cResist\u00eancia, Luta e Conquistas\u201d, vencedora da elei\u00e7\u00e3o, obteve exatos 1.054 votos. 22 eleitores declararam voto em branco, e 26 votaram nulo. A data da posse da nova gest\u00e3o est\u00e1 marcada para o dia 06 de junho de 2022.<\/p>\n","protected":false},"excerpt":{"rendered":"<p>Chegou ao fim nesta quinta (31) a elei\u00e7\u00e3o para definir o grupo que vai liderar o sindicato pelos pr\u00f3ximos quatro anos. Ap\u00f3s dois dias de pleito (30 e 31 de mar\u00e7o), a Chapa Resist\u00eancia, Luta e Conquistas foi eleita com 1.054 votos para seguir na gest\u00e3o do Sindicato dos Enfermeiros do Distrito Federal pelo quadri\u00eanio [&hellip;]<\/p>\n","protected":false},"author":6,"featured_media":43137,"comment_status":"open","ping_status":"open","sticky":false,"template":"","format":"standard","meta":{"footnotes":""},"categories":[6,5],"tags":[817,56],"class_list":["post-43136","post","type-post","status-publish","format-standard","has-post-thumbnail","hentry","category-noticias","category-rede-publica","tag-eleicao","tag-sindicato"],"_links":{"self":[{"href":"https:\/\/sindenfermeiro.com.br\/index.php\/wp-json\/wp\/v2\/posts\/43136","targetHints":{"allow":["GET"]}}],"collection":[{"href":"https:\/\/sindenfermeiro.com.br\/index.php\/wp-json\/wp\/v2\/posts"}],"about":[{"href":"https:\/\/sindenfermeiro.com.br\/index.php\/wp-json\/wp\/v2\/types\/post"}],"author":[{"embeddable":true,"href":"https:\/\/sindenfermeiro.com.br\/index.php\/wp-json\/wp\/v2\/users\/6"}],"replies":[{"embeddable":true,"href":"https:\/\/sindenfermeiro.com.br\/index.php\/wp-json\/wp\/v2\/comments?post=43136"}],"version-history":[{"count":1,"href":"https:\/\/sindenfermeiro.com.br\/index.php\/wp-json\/wp\/v2\/posts\/43136\/revisions"}],"predecessor-version":[{"id":43140,"href":"https:\/\/sindenfermeiro.com.br\/index.php\/wp-json\/wp\/v2\/posts\/43136\/revisions\/43140"}],"wp:featuredmedia":[{"embeddable":true,"href":"https:\/\/sindenfermeiro.com.br\/index.php\/wp-json\/wp\/v2\/media\/43137"}],"wp:attachment":[{"href":"https:\/\/sindenfermeiro.com.br\/index.php\/wp-json\/wp\/v2\/media?parent=43136"}],"wp:term":[{"taxonomy":"category","embeddable":true,"href":"https:\/\/sindenfermeiro.com.br\/index.php\/wp-json\/wp\/v2\/categories?post=43136"},{"taxonomy":"post_tag","embeddable":true,"href":"https:\/\/sindenfermeiro.com.br\/index.php\/wp-json\/wp\/v2\/tags?post=43136"}],"curies":[{"name":"wp","href":"https:\/\/api.w.org\/{rel}","templated":true}]}}