{"id":43108,"date":"2022-03-30T10:46:43","date_gmt":"2022-03-30T13:46:43","guid":{"rendered":"https:\/\/sindenfermeiro.com.br\/?p=43108"},"modified":"2026-04-29T17:47:16","modified_gmt":"2026-04-29T20:47:16","slug":"eleicoes-sindenfermeiro-veja-como-participar-e-vote","status":"publish","type":"post","link":"https:\/\/sindenfermeiro.com.br\/index.php\/2022\/03\/30\/eleicoes-sindenfermeiro-veja-como-participar-e-vote\/","title":{"rendered":"Elei\u00e7\u00f5es SindEnfermeiro: veja como participar e vote!"},"content":{"rendered":"<p><img loading=\"lazy\" decoding=\"async\" class=\"aligncenter wp-image-42823 \" src=\"https:\/\/sindenfermeiro.com.br\/wp-content\/uploads\/2022\/01\/WhatsApp-Image-2022-01-28-at-11.25.21-1-1024x682.jpeg\" alt=\"\" width=\"797\" height=\"531\" srcset=\"https:\/\/sindenfermeiro.com.br\/wp-content\/uploads\/2022\/01\/WhatsApp-Image-2022-01-28-at-11.25.21-1-1024x682.jpeg 1024w, https:\/\/sindenfermeiro.com.br\/wp-content\/uploads\/2022\/01\/WhatsApp-Image-2022-01-28-at-11.25.21-1-300x200.jpeg 300w, https:\/\/sindenfermeiro.com.br\/wp-content\/uploads\/2022\/01\/WhatsApp-Image-2022-01-28-at-11.25.21-1-768x512.jpeg 768w, https:\/\/sindenfermeiro.com.br\/wp-content\/uploads\/2022\/01\/WhatsApp-Image-2022-01-28-at-11.25.21-1.jpeg 1280w\" sizes=\"auto, (max-width: 797px) 100vw, 797px\" \/><\/p>\n<p>Come\u00e7ou na manh\u00e3 de hoje (30) a elei\u00e7\u00e3o para definir quem vai liderar o SindEnfermeiro nos pr\u00f3ximos quatro anos. As elei\u00e7\u00f5es sindicais, que v\u00e3o se estender at\u00e9 amanh\u00e3 (31), est\u00e3o sendo realizadas por meio virtual \u2013 e tamb\u00e9m atrav\u00e9s de uma urna presencial localizada na sede do sindicato, na 714 Norte.<\/p>\n<p><strong>O que voc\u00ea precisa saber<\/strong><\/p>\n<p>Os interessados em participar do pleito virtualmente podem clicar AQUI (https:\/\/sindenfermeirodf.elejaonline.com\/) para acessar a p\u00e1gina de vota\u00e7\u00e3o. As informa\u00e7\u00f5es de login foram enviadas no seu e-mail e telefone (via SMS) cadastrados.<\/p>\n<p>Caso n\u00e3o tenha recebido as informa\u00e7\u00f5es, entre imediatamente em contato com o sindicato pelos telefones (61) 3273-0307 ou pelo WhatsApp (61) 99293-0448 para as orienta\u00e7\u00f5es necess\u00e1rias de como atualizar seu cadastro e participar da vota\u00e7\u00e3o.<\/p>\n<p>E, tendo em vista a seguran\u00e7a das elei\u00e7\u00f5es, \u00e9 fundamental que o seu navegador esteja atualizado com a \u00faltima vers\u00e3o dispon\u00edvel. Caso contr\u00e1rio, o acesso n\u00e3o ser\u00e1 permitido pelo sistema.<\/p>\n<p><strong>FAQ<\/strong><\/p>\n<p><strong>N\u00e3o recebi as informa\u00e7\u00f5es de login para a vota\u00e7\u00e3o<\/strong><\/p>\n<p>1 &#8211; Verifique se voc\u00ea recebeu o login e a senha por SMS ou no e-mail cadastrado junto ao sindicato;<br \/>\n2- Caso n\u00e3o tenha recebido nenhum SMS ou e-mail, entre em contato imediatamente pelos telefones (61) 3273-0307 ou pelo WhatsApp (61) 99293-0448 para ser orientado.<\/p>\n<p><strong>Digitei meu CPF na p\u00e1gina de login, mas deu erro<\/strong><\/p>\n<p>1 &#8211; Atualize seu navegador<br \/>\n2 &#8211; Digite apenas os n\u00fameros do seu CPF<br \/>\n3- Caso n\u00e3o consiga, entre em contato pelos telefones (61) 3273-0307 ou pelo WhatsApp (61) 99293-0448 para ser orientado.<\/p>\n","protected":false},"excerpt":{"rendered":"<p>Come\u00e7ou na manh\u00e3 de hoje (30) a elei\u00e7\u00e3o para definir quem vai liderar o SindEnfermeiro nos pr\u00f3ximos quatro anos. As elei\u00e7\u00f5es sindicais, que v\u00e3o se estender at\u00e9 amanh\u00e3 (31), est\u00e3o sendo realizadas por meio virtual \u2013 e tamb\u00e9m atrav\u00e9s de uma urna presencial localizada na sede do sindicato, na 714 Norte. O que voc\u00ea precisa [&hellip;]<\/p>\n","protected":false},"author":6,"featured_media":42823,"comment_status":"open","ping_status":"open","sticky":false,"template":"","format":"standard","meta":{"footnotes":""},"categories":[6,13,5],"tags":[804,101,21],"class_list":["post-43108","post","type-post","status-publish","format-standard","has-post-thumbnail","hentry","category-noticias","category-rede-privada","category-rede-publica","tag-804","tag-eleicoes","tag-sindenfermeiro"],"_links":{"self":[{"href":"https:\/\/sindenfermeiro.com.br\/index.php\/wp-json\/wp\/v2\/posts\/43108","targetHints":{"allow":["GET"]}}],"collection":[{"href":"https:\/\/sindenfermeiro.com.br\/index.php\/wp-json\/wp\/v2\/posts"}],"about":[{"href":"https:\/\/sindenfermeiro.com.br\/index.php\/wp-json\/wp\/v2\/types\/post"}],"author":[{"embeddable":true,"href":"https:\/\/sindenfermeiro.com.br\/index.php\/wp-json\/wp\/v2\/users\/6"}],"replies":[{"embeddable":true,"href":"https:\/\/sindenfermeiro.com.br\/index.php\/wp-json\/wp\/v2\/comments?post=43108"}],"version-history":[{"count":1,"href":"https:\/\/sindenfermeiro.com.br\/index.php\/wp-json\/wp\/v2\/posts\/43108\/revisions"}],"predecessor-version":[{"id":43109,"href":"https:\/\/sindenfermeiro.com.br\/index.php\/wp-json\/wp\/v2\/posts\/43108\/revisions\/43109"}],"wp:featuredmedia":[{"embeddable":true,"href":"https:\/\/sindenfermeiro.com.br\/index.php\/wp-json\/wp\/v2\/media\/42823"}],"wp:attachment":[{"href":"https:\/\/sindenfermeiro.com.br\/index.php\/wp-json\/wp\/v2\/media?parent=43108"}],"wp:term":[{"taxonomy":"category","embeddable":true,"href":"https:\/\/sindenfermeiro.com.br\/index.php\/wp-json\/wp\/v2\/categories?post=43108"},{"taxonomy":"post_tag","embeddable":true,"href":"https:\/\/sindenfermeiro.com.br\/index.php\/wp-json\/wp\/v2\/tags?post=43108"}],"curies":[{"name":"wp","href":"https:\/\/api.w.org\/{rel}","templated":true}]}}