{"id":43043,"date":"2022-03-23T18:02:17","date_gmt":"2022-03-23T21:02:17","guid":{"rendered":"https:\/\/sindenfermeiro.com.br\/?p=43043"},"modified":"2026-04-29T17:49:36","modified_gmt":"2026-04-29T20:49:36","slug":"reestruturacao-da-carreira-sindenfermeiro-apresenta-a-categoria-proposta-do-gdf","status":"publish","type":"post","link":"https:\/\/sindenfermeiro.com.br\/index.php\/2022\/03\/23\/reestruturacao-da-carreira-sindenfermeiro-apresenta-a-categoria-proposta-do-gdf\/","title":{"rendered":"REESTRUTURA\u00c7\u00c3O DA CARREIRA: SindEnfermeiro apresenta \u00e0 categoria proposta do GDF"},"content":{"rendered":"<p style=\"text-align: justify\">Na noite da \u00faltima ter\u00e7a (22), aconteceu a assembleia geral extraordin\u00e1ria organizada pelo SindEnfermeiro-DF. O objetivo da reuni\u00e3o foi apresentar os detalhes da proposta feita pelo Executivo para a reestrutura\u00e7\u00e3o da carreira enfermeiros da SES-DF. A categoria lotou o sal\u00e3o principal do Clube da Sa\u00fade.<\/p>\n<p style=\"text-align: justify\">A presidente do sindicato, Dayse Amar\u00edlio, o secret\u00e1rio-geral, Jorge Henrique, e os diretores M\u00e1rcio da Mata e Ursula Nepomoceno conduziram a assembleia. Dayse fez uma retrospectiva das negocia\u00e7\u00f5es entre SindEnfermeiro e o Governo.<\/p>\n<p style=\"text-align: justify\">\u201cNo dia 15, tivemos uma reuni\u00e3o com o secret\u00e1rio de economia, Itamar Feitosa, que nos apresentou a simula\u00e7\u00e3o da retirada de um n\u00edvel na tabela de vencimentos, o que representaria cerca de mais ou menos 4% de diferen\u00e7a. Na ocasi\u00e3o, o secret\u00e1rio n\u00e3o poderia liberar a proposta oficialmente pois ainda passaria pelo governador. Seguindo a pactua\u00e7\u00e3o, n\u00e3o fizemos qualquer movimento \u00e0 espera da proposta oficial\u201d, contou Dayse.<\/p>\n<p style=\"text-align: justify\"><strong>A proposta do Governo<\/strong><\/p>\n<p style=\"text-align: justify\">At\u00e9 o dia da assembleia, a presidente do SindEnfermeiro ainda aguardava a formaliza\u00e7\u00e3o da proposta e horas antes, o governador Ibaneis Rocha ligou para Dayse e retificou a proposta que tinha sido apresentada anteriormente da retirada de um n\u00edvel e a abertura de uma mesa de negocia\u00e7\u00e3o para que em 90 dias seja apresentado um plano para resolver a distor\u00e7\u00e3o assim que poss\u00edvel.<\/p>\n<p style=\"text-align: justify\">O plano foi apresentado aos trabalhadores, entretanto, a proposta trazida pelo Executivo n\u00e3o foi aceita pela assembleia, pois n\u00e3o havia acesso \u00e0 tabela dos valores e foi veiculado durante a assembleia que haveria uma proposta melhorada que estava sendo negociada, mas o sindicato desconhecia tal proposta.<\/p>\n<p style=\"text-align: justify\"><strong>Novas mobiliza\u00e7\u00f5es<\/strong><\/p>\n<p style=\"text-align: justify\">Os enfermeiros entenderam que n\u00e3o haveria proposta formal para ser votada e decidiram manter a plen\u00e1ria em aberto com novo encontro para a pr\u00f3xima ter\u00e7a-feira, 29, onde a assembleia continuara em frente ao Pal\u00e1cio do Buriti, \u00e0s 9h.<\/p>\n<p style=\"text-align: justify\">Para Dayse Amar\u00edlio, manter a assembleia em aberto evitar\u00e1 mais desencontros de informa\u00e7\u00e3o. \u201cO Governo ter\u00e1 a possibilidade de apresentar diretamente aos trabalhadores a proposta para ser votada l\u00e1 mesmo. Da\u00ed n\u00e3o haver\u00e3o ru\u00eddos de comunica\u00e7\u00e3o\u201d, completou.<\/p>\n<p style=\"text-align: justify\"><strong>Uni\u00e3o nas lutas<\/strong><\/p>\n<p style=\"text-align: justify\">Outro ponto discutido na assembleia foi a necessidade de fazer um movimento unificado j\u00e1 que o Executivo sinalizou que n\u00e3o atender\u00e1 a proposta de apenas uma das carreiras.<\/p>\n<p style=\"text-align: justify\">\u201cO sentimento \u00e9 que todo enfermeiro e todo especialista entenda o tamanho desse movimento. \u00c9 preciso transformar a energia dessa dor da desvaloriza\u00e7\u00e3o em um movimento unificado de luta!\u201d, firmou Dayse.<\/p>\n<p style=\"text-align: justify\"><strong>A import\u00e2ncia da assembleia<\/strong><\/p>\n<p style=\"text-align: justify\">O secret\u00e1rio-geral, Jorge Henrique, avaliou como muito importante a assembleia de ontem, porque mostra que a categoria est\u00e1 muito mobilizada com a reestrutura\u00e7\u00e3o da carreira. \u201cMuitos enfermeiros compareceram, e mesmo os que n\u00e3o puderam estar presentes est\u00e3o mobilizados discutindo nos locais de trabalho a necessidade de estarmos na luta. A categoria mostrou que n\u00e3o vai aceitar qualquer proposta rebaixada\u201d, pontuou Jorge.<\/p>\n<p style=\"text-align: justify\">\u201cN\u00f3s estamos dispostos a continuar na luta at\u00e9 conseguirmos a nossa reestrutura\u00e7\u00e3o. \u00c9 uma luta cansativa e de longa data, mas a categoria se mostra disposta a lutar, porque essa \u00e9 uma pauta justa. O Governo precisa ser justo com os enfermeiros. N\u00f3s trabalhamos muito n\u00e3o apenas durante a pandemia, atendemos a popula\u00e7\u00e3o em todos os n\u00edveis de aten\u00e7\u00e3o. N\u00f3s queremos justi\u00e7a por conta da nossa import\u00e2ncia para o SUS\u201d, finalizou Jorge.<\/p>\n<p>Fiquem atentos aos pr\u00f3ximos chamados e movimenta\u00e7\u00f5es que ser\u00e3o divulgados nas nossas redes sociais e canais de comunica\u00e7\u00e3o oficiais.<\/p>\n","protected":false},"excerpt":{"rendered":"<p>Na noite da \u00faltima ter\u00e7a (22), aconteceu a assembleia geral extraordin\u00e1ria organizada pelo SindEnfermeiro-DF. O objetivo da reuni\u00e3o foi apresentar os detalhes da proposta feita pelo Executivo para a reestrutura\u00e7\u00e3o da carreira enfermeiros da SES-DF. A categoria lotou o sal\u00e3o principal do Clube da Sa\u00fade. A presidente do sindicato, Dayse Amar\u00edlio, o secret\u00e1rio-geral, Jorge Henrique, [&hellip;]<\/p>\n","protected":false},"author":6,"featured_media":43044,"comment_status":"open","ping_status":"open","sticky":false,"template":"","format":"standard","meta":{"footnotes":""},"categories":[6,5],"tags":[7,813,102,21],"class_list":["post-43043","post","type-post","status-publish","format-standard","has-post-thumbnail","hentry","category-noticias","category-rede-publica","tag-enfermagem","tag-executivo","tag-isonomia","tag-sindenfermeiro"],"_links":{"self":[{"href":"https:\/\/sindenfermeiro.com.br\/index.php\/wp-json\/wp\/v2\/posts\/43043","targetHints":{"allow":["GET"]}}],"collection":[{"href":"https:\/\/sindenfermeiro.com.br\/index.php\/wp-json\/wp\/v2\/posts"}],"about":[{"href":"https:\/\/sindenfermeiro.com.br\/index.php\/wp-json\/wp\/v2\/types\/post"}],"author":[{"embeddable":true,"href":"https:\/\/sindenfermeiro.com.br\/index.php\/wp-json\/wp\/v2\/users\/6"}],"replies":[{"embeddable":true,"href":"https:\/\/sindenfermeiro.com.br\/index.php\/wp-json\/wp\/v2\/comments?post=43043"}],"version-history":[{"count":7,"href":"https:\/\/sindenfermeiro.com.br\/index.php\/wp-json\/wp\/v2\/posts\/43043\/revisions"}],"predecessor-version":[{"id":43051,"href":"https:\/\/sindenfermeiro.com.br\/index.php\/wp-json\/wp\/v2\/posts\/43043\/revisions\/43051"}],"wp:featuredmedia":[{"embeddable":true,"href":"https:\/\/sindenfermeiro.com.br\/index.php\/wp-json\/wp\/v2\/media\/43044"}],"wp:attachment":[{"href":"https:\/\/sindenfermeiro.com.br\/index.php\/wp-json\/wp\/v2\/media?parent=43043"}],"wp:term":[{"taxonomy":"category","embeddable":true,"href":"https:\/\/sindenfermeiro.com.br\/index.php\/wp-json\/wp\/v2\/categories?post=43043"},{"taxonomy":"post_tag","embeddable":true,"href":"https:\/\/sindenfermeiro.com.br\/index.php\/wp-json\/wp\/v2\/tags?post=43043"}],"curies":[{"name":"wp","href":"https:\/\/api.w.org\/{rel}","templated":true}]}}