{"id":43037,"date":"2022-03-22T11:03:24","date_gmt":"2022-03-22T14:03:24","guid":{"rendered":"https:\/\/sindenfermeiro.com.br\/?p=43037"},"modified":"2026-04-29T17:49:05","modified_gmt":"2026-04-29T20:49:05","slug":"enfermeira-e-agredida-na-ubs-5-de-taguatinga-caso-e-o-sexto-em-seis-meses","status":"publish","type":"post","link":"https:\/\/sindenfermeiro.com.br\/index.php\/2022\/03\/22\/enfermeira-e-agredida-na-ubs-5-de-taguatinga-caso-e-o-sexto-em-seis-meses\/","title":{"rendered":"Enfermeira \u00e9 agredida na UBS 5 de Taguatinga; caso \u00e9 o sexto em seis meses"},"content":{"rendered":"<p><img loading=\"lazy\" decoding=\"async\" class=\"aligncenter wp-image-43038 \" src=\"https:\/\/sindenfermeiro.com.br\/wp-content\/uploads\/2022\/03\/enfermeira.jpg\" alt=\"\" width=\"671\" height=\"418\" srcset=\"https:\/\/sindenfermeiro.com.br\/wp-content\/uploads\/2022\/03\/enfermeira.jpg 982w, https:\/\/sindenfermeiro.com.br\/wp-content\/uploads\/2022\/03\/enfermeira-300x187.jpg 300w, https:\/\/sindenfermeiro.com.br\/wp-content\/uploads\/2022\/03\/enfermeira-768x479.jpg 768w\" sizes=\"auto, (max-width: 671px) 100vw, 671px\" \/><\/p>\n<p>O Sindicato dos Enfermeiros do Distrito Federal (SindEnfermeiro-DF), enquanto entidade representativa da categoria, infelizmente vem atrav\u00e9s desta nota relatar mais um caso de agress\u00e3o contra uma enfermeira \u2013 desta vez, na Unidade B\u00e1sica de Sa\u00fade n\u00ba 5, de Taguatinga, menos de quinze dias ap\u00f3s a categoria ir \u00e0s ruas pedir por respeito e pelo fim da viol\u00eancia contra a mulher no exerc\u00edcio do seu trabalho.<\/p>\n<p>O motivo? Um paciente exigiu que a enfermeira em quest\u00e3o realizasse a troca de uma receita para que ele pudesse retirar um medicamento psicotr\u00f3pico na farm\u00e1cia da unidade, sem passar pela consulta m\u00e9dica \u2013 o que \u00e9 proibido para medicamentos de uso controlado. E, ap\u00f3s ter sido orientado pela enfermeira sobre o procedimento que seria necess\u00e1rio, o paciente se exaltou e chamou sua esposa \u2013 que desferiu um tapa no rosto da enfermeira.<\/p>\n<p>Antes de se pronunciar sobre o fato ocorrido, o SindEnfermeiro ressalta desde j\u00e1 que est\u00e1 \u00e0 disposi\u00e7\u00e3o da enfermeira para prestar toda a assist\u00eancia necess\u00e1ria e poss\u00edvel nos \u00e2mbitos jur\u00eddico e psicol\u00f3gico. Al\u00e9m disso, \u00e9 importante relembrar que o sindicato vem tentando articular nos \u00faltimos meses a cria\u00e7\u00e3o de um grupo intersetorial junto aos \u00f3rg\u00e3os competentes para planejar e executar a\u00e7\u00f5es efetivas de combate \u00e0 viol\u00eancia nas unidades de sa\u00fade do DF.<\/p>\n<p>Mas o fato \u00e9: esta \u00e9 a sexta agress\u00e3o contra trabalhadoras da enfermagem documentada em menos de seis meses, e chega a ser repetitivo ter que dizer as mesmas coisas toda vez que um caso como esse acontece, sem que nada de concreto tenha sido feito por quem pode de fato tomar uma provid\u00eancia com urg\u00eancia.<\/p>\n<p>Em grande parte desses casos, o componente machismo est\u00e1 presente \u2013 mesmo no caso em quest\u00e3o, onde a esposa do paciente foi a agressora, mas por incentivo direto do marido que inclusive filmou as agress\u00f5es, incitando a continuidade do ato covarde.<\/p>\n<p>E grande parte desses casos foram amplamente relatados pela imprensa. N\u00f3s queremos acreditar que \u00e9 imposs\u00edvel que a Secretaria de Sa\u00fade e o GDF n\u00e3o tenham conhecimento da gravidade desse problema nos hospitais e UBSs. Ent\u00e3o por que esses agressores n\u00e3o s\u00e3o devidamente punidos, e seguem suas vidas fingindo que nada aconteceu \u2013 chegando ao ponto de recorrer \u00e0 justi\u00e7a para solicitar a retirada de materiais que denunciam esses abusos das redes sociais?<\/p>\n<p>O que falta para que uma provid\u00eancia seja tomada e o nosso apelo por mais seguran\u00e7a nas unidades de sa\u00fade, que j\u00e1 dura anos, seja ouvido? Um feminic\u00eddio?<\/p>\n<p>N\u00f3s n\u00e3o vamos esperar uma trag\u00e9dia acontecer com uma enfermeira. E estamos cansados de ouvir o nosso apelo ser ignorado.<\/p>\n","protected":false},"excerpt":{"rendered":"<p>O Sindicato dos Enfermeiros do Distrito Federal (SindEnfermeiro-DF), enquanto entidade representativa da categoria, infelizmente vem atrav\u00e9s desta nota relatar mais um caso de agress\u00e3o contra uma enfermeira \u2013 desta vez, na Unidade B\u00e1sica de Sa\u00fade n\u00ba 5, de Taguatinga, menos de quinze dias ap\u00f3s a categoria ir \u00e0s ruas pedir por respeito e pelo fim [&hellip;]<\/p>\n","protected":false},"author":6,"featured_media":43038,"comment_status":"open","ping_status":"open","sticky":false,"template":"","format":"standard","meta":{"footnotes":""},"categories":[6,5],"tags":[251,21,783],"class_list":["post-43037","post","type-post","status-publish","format-standard","has-post-thumbnail","hentry","category-noticias","category-rede-publica","tag-nota-de-repudio","tag-sindenfermeiro","tag-violencia"],"_links":{"self":[{"href":"https:\/\/sindenfermeiro.com.br\/index.php\/wp-json\/wp\/v2\/posts\/43037","targetHints":{"allow":["GET"]}}],"collection":[{"href":"https:\/\/sindenfermeiro.com.br\/index.php\/wp-json\/wp\/v2\/posts"}],"about":[{"href":"https:\/\/sindenfermeiro.com.br\/index.php\/wp-json\/wp\/v2\/types\/post"}],"author":[{"embeddable":true,"href":"https:\/\/sindenfermeiro.com.br\/index.php\/wp-json\/wp\/v2\/users\/6"}],"replies":[{"embeddable":true,"href":"https:\/\/sindenfermeiro.com.br\/index.php\/wp-json\/wp\/v2\/comments?post=43037"}],"version-history":[{"count":1,"href":"https:\/\/sindenfermeiro.com.br\/index.php\/wp-json\/wp\/v2\/posts\/43037\/revisions"}],"predecessor-version":[{"id":43039,"href":"https:\/\/sindenfermeiro.com.br\/index.php\/wp-json\/wp\/v2\/posts\/43037\/revisions\/43039"}],"wp:featuredmedia":[{"embeddable":true,"href":"https:\/\/sindenfermeiro.com.br\/index.php\/wp-json\/wp\/v2\/media\/43038"}],"wp:attachment":[{"href":"https:\/\/sindenfermeiro.com.br\/index.php\/wp-json\/wp\/v2\/media?parent=43037"}],"wp:term":[{"taxonomy":"category","embeddable":true,"href":"https:\/\/sindenfermeiro.com.br\/index.php\/wp-json\/wp\/v2\/categories?post=43037"},{"taxonomy":"post_tag","embeddable":true,"href":"https:\/\/sindenfermeiro.com.br\/index.php\/wp-json\/wp\/v2\/tags?post=43037"}],"curies":[{"name":"wp","href":"https:\/\/api.w.org\/{rel}","templated":true}]}}