{"id":43029,"date":"2022-03-18T16:43:13","date_gmt":"2022-03-18T19:43:13","guid":{"rendered":"https:\/\/sindenfermeiro.com.br\/?p=43029"},"modified":"2026-04-29T18:04:04","modified_gmt":"2026-04-29T21:04:04","slug":"43029","status":"publish","type":"post","link":"https:\/\/sindenfermeiro.com.br\/index.php\/2022\/03\/18\/43029\/","title":{"rendered":"SindEnfermeiro convoca categoria a discutir proposta para reestrutura\u00e7\u00e3o e movimenta\u00e7\u00f5es do GDF sobre o tema"},"content":{"rendered":"<p><img loading=\"lazy\" decoding=\"async\" class=\"aligncenter wp-image-43030 \" src=\"https:\/\/sindenfermeiro.com.br\/wp-content\/uploads\/2022\/03\/WhatsApp-Image-2022-03-16-at-16.42.47.jpg\" alt=\"\" width=\"486\" height=\"647\" srcset=\"https:\/\/sindenfermeiro.com.br\/wp-content\/uploads\/2022\/03\/WhatsApp-Image-2022-03-16-at-16.42.47.jpg 512w, https:\/\/sindenfermeiro.com.br\/wp-content\/uploads\/2022\/03\/WhatsApp-Image-2022-03-16-at-16.42.47-225x300.jpg 225w\" sizes=\"auto, (max-width: 486px) 100vw, 486px\" \/><\/p>\n<p>Em cumprimento ao compromisso firmado com o Governo do Distrito Federal sobre as negocia\u00e7\u00f5es envolvendo a reestrutura\u00e7\u00e3o da carreira de enfermeiro, o SindEnfermeiro convoca a categoria a participar de Assembleia Geral Extraordin\u00e1ria na pr\u00f3xima ter\u00e7a-feira (22), \u00e0s 19h30, no Clube da Sa\u00fade, com o objetivo de apresentar os detalhes da proposta feita pelo Executivo, al\u00e9m de outras delibera\u00e7\u00f5es feitas nas \u00faltimas reuni\u00f5es.<\/p>\n<p>Em resumo, uma nova proposta de repara\u00e7\u00e3o salarial est\u00e1 sendo feita por parte do GDF, e esta deve ser apresentada at\u00e9 o dia 22 de mar\u00e7o, data da Assembleia. O acordo para revisar os valores da proposta inicial do Executivo \u2013 um aumento de cerca de 4% \u2013 foi apresentado de maneira preliminar e extraoficial em reuni\u00e3o na \u00faltima ter\u00e7a (15) entre a presidente do SindEnfermeiro-DF, Dayse Amar\u00edlio, o Secret\u00e1rio de Economia do DF, Jos\u00e9 Itamar Feitosa e a c\u00fapula da Subsecretaria de Gest\u00e3o de Pessoas (SUGEP) da Secretaria de Sa\u00fade.<\/p>\n<p>O encontro n\u00e3o foi divulgado nas redes oficiais do sindicato ou discutida amplamente entre a categoria, tendo em vista que este foi um primeiro encontro para avaliar a viabilidade de uma recomposi\u00e7\u00e3o salarial imediata &#8211; al\u00e9m do fato de n\u00e3o ter sido formalizado oficialmente at\u00e9 aquele momento.<\/p>\n<p><strong>Entenda o caso<\/strong><\/p>\n<p>As mobiliza\u00e7\u00f5es pela reestrutura\u00e7\u00e3o, que sempre foi uma das principais bandeiras do SindEnfermeiro, ganharam maior for\u00e7a a partir de setembro do ano passado. Mas as \u00faltimas duas semanas t\u00eam sido cruciais para o andamento das propostas de repara\u00e7\u00e3o.<\/p>\n<p>Desde o dia 07 de fevereiro, quando ocorreu a primeira reuni\u00e3o com o governador, secretaria de Economia e as c\u00fapulas da Secretaria de Sa\u00fade do DF, a presidente do SindEnfermeiro reiterou a import\u00e2ncia da reestrutura\u00e7\u00e3o, num movimento cont\u00ednuo de sensibiliza\u00e7\u00e3o do Executivo.<\/p>\n<p>De acordo com Dayse, \u201cnum primeiro momento n\u00e3o havia sequer a possibilidade de o governo realizar a proposta. Mas com o refor\u00e7o do nosso discurso sobre a necessidade de repara\u00e7\u00e3o de uma injusti\u00e7a, conseguimos fazer com que ele [Ibaneis] fosse sens\u00edvel \u00e0 dimens\u00e3o da desigualdade submetida aos enfermeiros ao longo desses anos\u201d.<\/p>\n<p>Em nova reuni\u00e3o, realizada na \u00faltima ter\u00e7a-feira (15), a Secretaria de Economia apresentou a proposta \u2013 dentro do prazo solicitado de 10 dias \u2013 e se comprometeu a formalizar uma proposta de repara\u00e7\u00e3o salarial.<\/p>\n<p>Na ocasi\u00e3o, Dayse sugeriu a reconsidera\u00e7\u00e3o dos valores colocados, al\u00e9m da possibilidade de do Executivo firmar compromisso com o Executivo de reunir SES, entidades representativas \u2013 como o SindEnfermeiro \u2013 e Secretaria de Economia, a fim de viabilizar e porpor a cria\u00e7\u00e3o de um projeto de lei para a reestrutura\u00e7\u00e3o, visando a equipara\u00e7\u00e3o com os odont\u00f3logos, para ser apresentado em at\u00e9 90 dias. Esta nova proposta da Secretaria de Economia \u00e9 a estamos aguardando e que ser\u00e1 apresentada em assembleia.<\/p>\n<p><strong>Confian\u00e7a em entendimento<\/strong><\/p>\n<p>Para Dayse, o compromisso do governador em analisar as possibilidades para a reestrutura\u00e7\u00e3o mostra que h\u00e1 vontade por parte do Executivo de atender a demanda dos enfermeiros e entender a import\u00e2ncia desta pauta.<\/p>\n<p>Por fim, a presidente do SindEnfermeiro lembra \u00e0 categoria que \u201cqualquer proposta de movimenta\u00e7\u00e3o alheia aos enfermeiros e n\u00e3o pactuada em assembleia deve ser encarada como tentativa de divis\u00e3o da categoria e de manobra para tentar dificultar a aprova\u00e7\u00e3o da reestrutura\u00e7\u00e3o da carreira. Vamos respeitar os prazos determinados em compromisso com o Executivo, e estamos de antem\u00e3o convocando a assembleia para ter\u00e7a, pois temos a confian\u00e7a de que haver\u00e1 um entendimento do governador que a enfermagem \u00e9 essencial para a sa\u00fade do DF, e que n\u00f3s, enquanto sindicato, \u00e9 que temos a atribui\u00e7\u00e3o legal de pleitear e negociar reajustes e bases salariais junto com o governo\u201d, finalizou.<\/p>\n","protected":false},"excerpt":{"rendered":"<p>Em cumprimento ao compromisso firmado com o Governo do Distrito Federal sobre as negocia\u00e7\u00f5es envolvendo a reestrutura\u00e7\u00e3o da carreira de enfermeiro, o SindEnfermeiro convoca a categoria a participar de Assembleia Geral Extraordin\u00e1ria na pr\u00f3xima ter\u00e7a-feira (22), \u00e0s 19h30, no Clube da Sa\u00fade, com o objetivo de apresentar os detalhes da proposta feita pelo Executivo, al\u00e9m [&hellip;]<\/p>\n","protected":false},"author":6,"featured_media":43030,"comment_status":"open","ping_status":"open","sticky":false,"template":"","format":"standard","meta":{"footnotes":""},"categories":[6,818,5],"tags":[413,121,805,236,21],"class_list":["post-43029","post","type-post","status-publish","format-standard","has-post-thumbnail","hentry","category-noticias","category-piso-salarial","category-rede-publica","tag-assembleia","tag-ibaneis","tag-reestruturacao","tag-ses","tag-sindenfermeiro"],"_links":{"self":[{"href":"https:\/\/sindenfermeiro.com.br\/index.php\/wp-json\/wp\/v2\/posts\/43029","targetHints":{"allow":["GET"]}}],"collection":[{"href":"https:\/\/sindenfermeiro.com.br\/index.php\/wp-json\/wp\/v2\/posts"}],"about":[{"href":"https:\/\/sindenfermeiro.com.br\/index.php\/wp-json\/wp\/v2\/types\/post"}],"author":[{"embeddable":true,"href":"https:\/\/sindenfermeiro.com.br\/index.php\/wp-json\/wp\/v2\/users\/6"}],"replies":[{"embeddable":true,"href":"https:\/\/sindenfermeiro.com.br\/index.php\/wp-json\/wp\/v2\/comments?post=43029"}],"version-history":[{"count":3,"href":"https:\/\/sindenfermeiro.com.br\/index.php\/wp-json\/wp\/v2\/posts\/43029\/revisions"}],"predecessor-version":[{"id":43033,"href":"https:\/\/sindenfermeiro.com.br\/index.php\/wp-json\/wp\/v2\/posts\/43029\/revisions\/43033"}],"wp:featuredmedia":[{"embeddable":true,"href":"https:\/\/sindenfermeiro.com.br\/index.php\/wp-json\/wp\/v2\/media\/43030"}],"wp:attachment":[{"href":"https:\/\/sindenfermeiro.com.br\/index.php\/wp-json\/wp\/v2\/media?parent=43029"}],"wp:term":[{"taxonomy":"category","embeddable":true,"href":"https:\/\/sindenfermeiro.com.br\/index.php\/wp-json\/wp\/v2\/categories?post=43029"},{"taxonomy":"post_tag","embeddable":true,"href":"https:\/\/sindenfermeiro.com.br\/index.php\/wp-json\/wp\/v2\/tags?post=43029"}],"curies":[{"name":"wp","href":"https:\/\/api.w.org\/{rel}","templated":true}]}}